{"id":6646,"date":"2025-08-01T10:26:33","date_gmt":"2025-08-01T10:26:33","guid":{"rendered":"https:\/\/cacaunews.com\/?p=6646"},"modified":"2025-08-01T10:26:33","modified_gmt":"2025-08-01T10:26:33","slug":"terceira-edicao-do-itabuna-em-adoracao-comeca-nesta-sexta-01-com-show-de-thalles-roberto","status":"publish","type":"post","link":"https:\/\/cacaunews.com\/?p=6646","title":{"rendered":"Terceira edi\u00e7\u00e3o do Itabuna em Adora\u00e7\u00e3o come\u00e7a nesta sexta (01), com show de Thalles Roberto."},"content":{"rendered":"\n<p>O estacionamento da C\u00e2mara de Vereadores de Itabuna ser\u00e1 palco, a partir das 18h desta sexta-feira (1\u00ba), da terceira edi\u00e7\u00e3o do Itabuna em Adora\u00e7\u00e3o, um dos maiores eventos de m\u00fasica gospel da regi\u00e3o. A programa\u00e7\u00e3o promete uma noite de louvor, comunh\u00e3o e celebra\u00e7\u00e3o da f\u00e9 crist\u00e3.<br><br>O destaque da noite ser\u00e1 o cantor Thalles Roberto, um dos nomes mais reconhecidos da m\u00fasica gospel nacional, conhecido por sua energia no palco e por can\u00e7\u00f5es que marcaram gera\u00e7\u00f5es, como &#8220;Arde Outra Vez&#8221; e &#8220;Mesmo Sem Entender&#8221;.<br><br>Al\u00e9m de Thalles, o evento contar\u00e1 com a participa\u00e7\u00e3o de bandas e minist\u00e9rios de louvor regionais, refor\u00e7ando o compromisso do projeto em valorizar os talentos locais e proporcionar um espa\u00e7o de adora\u00e7\u00e3o coletiva.<br><br>A entrada \u00e9 gratuita e a expectativa \u00e9 reunir milhares de pessoas de Itabuna e cidades vizinhas. A iniciativa tem apoio do estadual Pancadinha&nbsp; e do federal Elmar Nascimento, bem como, do governo do estado e \u00e9 realizado por institui\u00e7\u00f5es religiosas com produ\u00e7\u00e3o da Serquipe Produ\u00e7\u00f5es.<\/p>\n\n\n\n<p><\/p>\n","protected":false},"excerpt":{"rendered":"<p>O estacionamento da C\u00e2mara de Vereadores de Itabuna ser\u00e1 palco, a partir das 18h desta&#8230;<\/p>\n","protected":false},"author":1,"featured_media":6645,"comment_status":"open","ping_status":"open","sticky":false,"template":"","format":"standard","meta":{"footnotes":""},"categories":[18,11],"tags":[1757,1459,27,2365],"yoast_head":"<!-- This site is optimized with the Yoast SEO plugin v21.7 - https:\/\/yoast.com\/wordpress\/plugins\/seo\/ -->\n<title>Terceira edi\u00e7\u00e3o do Itabuna em Adora\u00e7\u00e3o come\u00e7a nesta sexta (01), com show de Thalles Roberto. - Cacau News<\/title>\n<meta name=\"robots\" content=\"index, follow, max-snippet:-1, max-image-preview:large, max-video-preview:-1\" \/>\n<link rel=\"canonical\" href=\"https:\/\/cacaunews.com\/?p=6646\" \/>\n<meta property=\"og:locale\" content=\"pt_BR\" \/>\n<meta property=\"og:type\" content=\"article\" \/>\n<meta property=\"og:title\" content=\"Terceira edi\u00e7\u00e3o do Itabuna em Adora\u00e7\u00e3o come\u00e7a nesta sexta (01), com show de Thalles Roberto. - Cacau News\" \/>\n<meta property=\"og:description\" content=\"O estacionamento da C\u00e2mara de Vereadores de Itabuna ser\u00e1 palco, a partir das 18h desta...\" \/>\n<meta property=\"og:url\" content=\"https:\/\/cacaunews.com\/?p=6646\" \/>\n<meta property=\"og:site_name\" content=\"Cacau News\" \/>\n<meta property=\"article:published_time\" content=\"2025-08-01T10:26:33+00:00\" \/>\n<meta name=\"author\" content=\"Reda\u00e7\u00e3o Cacau News\" \/>\n<meta name=\"twitter:card\" content=\"summary_large_image\" \/>\n<meta name=\"twitter:label1\" content=\"Escrito por\" \/>\n\t<meta name=\"twitter:data1\" content=\"Reda\u00e7\u00e3o Cacau News\" \/>\n\t<meta name=\"twitter:label2\" content=\"Est. tempo de leitura\" \/>\n\t<meta name=\"twitter:data2\" content=\"1 minuto\" \/>\n<script type=\"application\/ld+json\" class=\"yoast-schema-graph\">{\"@context\":\"https:\/\/schema.org\",\"@graph\":[{\"@type\":\"Article\",\"@id\":\"https:\/\/cacaunews.com\/?p=6646#article\",\"isPartOf\":{\"@id\":\"https:\/\/cacaunews.com\/?p=6646\"},\"author\":{\"name\":\"Reda\u00e7\u00e3o Cacau News\",\"@id\":\"https:\/\/cacaunews.com\/#\/schema\/person\/ea69703103e606ad347ccd64bd72ef79\"},\"headline\":\"Terceira edi\u00e7\u00e3o do Itabuna em Adora\u00e7\u00e3o come\u00e7a nesta sexta (01), com show de Thalles Roberto.\",\"datePublished\":\"2025-08-01T10:26:33+00:00\",\"dateModified\":\"2025-08-01T10:26:33+00:00\",\"mainEntityOfPage\":{\"@id\":\"https:\/\/cacaunews.com\/?p=6646\"},\"wordCount\":197,\"commentCount\":0,\"publisher\":{\"@id\":\"https:\/\/cacaunews.com\/#organization\"},\"keywords\":[\"adora\u00e7\u00e3o\",\"gospel\",\"itabuna\",\"Thalles Roberto\"],\"articleSection\":[\"cidades\",\"Jornalismo\"],\"inLanguage\":\"pt-BR\",\"potentialAction\":[{\"@type\":\"CommentAction\",\"name\":\"Comment\",\"target\":[\"https:\/\/cacaunews.com\/?p=6646#respond\"]}]},{\"@type\":\"WebPage\",\"@id\":\"https:\/\/cacaunews.com\/?p=6646\",\"url\":\"https:\/\/cacaunews.com\/?p=6646\",\"name\":\"Terceira edi\u00e7\u00e3o do Itabuna em Adora\u00e7\u00e3o come\u00e7a nesta sexta (01), com show de Thalles Roberto. - Cacau News\",\"isPartOf\":{\"@id\":\"https:\/\/cacaunews.com\/#website\"},\"datePublished\":\"2025-08-01T10:26:33+00:00\",\"dateModified\":\"2025-08-01T10:26:33+00:00\",\"breadcrumb\":{\"@id\":\"https:\/\/cacaunews.com\/?p=6646#breadcrumb\"},\"inLanguage\":\"pt-BR\",\"potentialAction\":[{\"@type\":\"ReadAction\",\"target\":[\"https:\/\/cacaunews.com\/?p=6646\"]}]},{\"@type\":\"BreadcrumbList\",\"@id\":\"https:\/\/cacaunews.com\/?p=6646#breadcrumb\",\"itemListElement\":[{\"@type\":\"ListItem\",\"position\":1,\"name\":\"In\u00edcio\",\"item\":\"https:\/\/cacaunews.com\/\"},{\"@type\":\"ListItem\",\"position\":2,\"name\":\"Terceira edi\u00e7\u00e3o do Itabuna em Adora\u00e7\u00e3o come\u00e7a nesta sexta (01), com show de Thalles Roberto.\"}]},{\"@type\":\"WebSite\",\"@id\":\"https:\/\/cacaunews.com\/#website\",\"url\":\"https:\/\/cacaunews.com\/\",\"name\":\"Cacau News\",\"description\":\"A Informa\u00e7\u00e3o que voc\u00ea precisa!\",\"publisher\":{\"@id\":\"https:\/\/cacaunews.com\/#organization\"},\"potentialAction\":[{\"@type\":\"SearchAction\",\"target\":{\"@type\":\"EntryPoint\",\"urlTemplate\":\"https:\/\/cacaunews.com\/?s={search_term_string}\"},\"query-input\":\"required name=search_term_string\"}],\"inLanguage\":\"pt-BR\"},{\"@type\":\"Organization\",\"@id\":\"https:\/\/cacaunews.com\/#organization\",\"name\":\"Cacau News\",\"url\":\"https:\/\/cacaunews.com\/\",\"logo\":{\"@type\":\"ImageObject\",\"inLanguage\":\"pt-BR\",\"@id\":\"https:\/\/cacaunews.com\/#\/schema\/logo\/image\/\",\"url\":\"https:\/\/cacaunews.com\/wp-content\/uploads\/2025\/01\/cropped-LOGO-NOVA.png\",\"contentUrl\":\"https:\/\/cacaunews.com\/wp-content\/uploads\/2025\/01\/cropped-LOGO-NOVA.png\",\"width\":813,\"height\":813,\"caption\":\"Cacau News\"},\"image\":{\"@id\":\"https:\/\/cacaunews.com\/#\/schema\/logo\/image\/\"},\"sameAs\":[\"https:\/\/www.instagram.com\/cacaunews.online\/\",\"https:\/\/youtube.com\/@cacaunews?si=0VXLnjl08SrWbVG9\"]},{\"@type\":\"Person\",\"@id\":\"https:\/\/cacaunews.com\/#\/schema\/person\/ea69703103e606ad347ccd64bd72ef79\",\"name\":\"Reda\u00e7\u00e3o Cacau News\",\"image\":{\"@type\":\"ImageObject\",\"inLanguage\":\"pt-BR\",\"@id\":\"https:\/\/cacaunews.com\/#\/schema\/person\/image\/\",\"url\":\"https:\/\/secure.gravatar.com\/avatar\/d79227a2a7b6cc42e8d7a8f7c284cd3a?s=96&d=mm&r=g\",\"contentUrl\":\"https:\/\/secure.gravatar.com\/avatar\/d79227a2a7b6cc42e8d7a8f7c284cd3a?s=96&d=mm&r=g\",\"caption\":\"Reda\u00e7\u00e3o Cacau News\"},\"sameAs\":[\"https:\/\/cacaunews.com\"],\"url\":\"https:\/\/cacaunews.com\/?author=1\"}]}<\/script>\n<!-- \/ Yoast SEO plugin. -->","yoast_head_json":{"title":"Terceira edi\u00e7\u00e3o do Itabuna em Adora\u00e7\u00e3o come\u00e7a nesta sexta (01), com show de Thalles Roberto. - Cacau News","robots":{"index":"index","follow":"follow","max-snippet":"max-snippet:-1","max-image-preview":"max-image-preview:large","max-video-preview":"max-video-preview:-1"},"canonical":"https:\/\/cacaunews.com\/?p=6646","og_locale":"pt_BR","og_type":"article","og_title":"Terceira edi\u00e7\u00e3o do Itabuna em Adora\u00e7\u00e3o come\u00e7a nesta sexta (01), com show de Thalles Roberto. - Cacau News","og_description":"O estacionamento da C\u00e2mara de Vereadores de Itabuna ser\u00e1 palco, a partir das 18h desta...","og_url":"https:\/\/cacaunews.com\/?p=6646","og_site_name":"Cacau News","article_published_time":"2025-08-01T10:26:33+00:00","author":"Reda\u00e7\u00e3o Cacau News","twitter_card":"summary_large_image","twitter_misc":{"Escrito por":"Reda\u00e7\u00e3o Cacau News","Est. tempo de leitura":"1 minuto"},"schema":{"@context":"https:\/\/schema.org","@graph":[{"@type":"Article","@id":"https:\/\/cacaunews.com\/?p=6646#article","isPartOf":{"@id":"https:\/\/cacaunews.com\/?p=6646"},"author":{"name":"Reda\u00e7\u00e3o Cacau News","@id":"https:\/\/cacaunews.com\/#\/schema\/person\/ea69703103e606ad347ccd64bd72ef79"},"headline":"Terceira edi\u00e7\u00e3o do Itabuna em Adora\u00e7\u00e3o come\u00e7a nesta sexta (01), com show de Thalles Roberto.","datePublished":"2025-08-01T10:26:33+00:00","dateModified":"2025-08-01T10:26:33+00:00","mainEntityOfPage":{"@id":"https:\/\/cacaunews.com\/?p=6646"},"wordCount":197,"commentCount":0,"publisher":{"@id":"https:\/\/cacaunews.com\/#organization"},"keywords":["adora\u00e7\u00e3o","gospel","itabuna","Thalles Roberto"],"articleSection":["cidades","Jornalismo"],"inLanguage":"pt-BR","potentialAction":[{"@type":"CommentAction","name":"Comment","target":["https:\/\/cacaunews.com\/?p=6646#respond"]}]},{"@type":"WebPage","@id":"https:\/\/cacaunews.com\/?p=6646","url":"https:\/\/cacaunews.com\/?p=6646","name":"Terceira edi\u00e7\u00e3o do Itabuna em Adora\u00e7\u00e3o come\u00e7a nesta sexta (01), com show de Thalles Roberto. - Cacau News","isPartOf":{"@id":"https:\/\/cacaunews.com\/#website"},"datePublished":"2025-08-01T10:26:33+00:00","dateModified":"2025-08-01T10:26:33+00:00","breadcrumb":{"@id":"https:\/\/cacaunews.com\/?p=6646#breadcrumb"},"inLanguage":"pt-BR","potentialAction":[{"@type":"ReadAction","target":["https:\/\/cacaunews.com\/?p=6646"]}]},{"@type":"BreadcrumbList","@id":"https:\/\/cacaunews.com\/?p=6646#breadcrumb","itemListElement":[{"@type":"ListItem","position":1,"name":"In\u00edcio","item":"https:\/\/cacaunews.com\/"},{"@type":"ListItem","position":2,"name":"Terceira edi\u00e7\u00e3o do Itabuna em Adora\u00e7\u00e3o come\u00e7a nesta sexta (01), com show de Thalles Roberto."}]},{"@type":"WebSite","@id":"https:\/\/cacaunews.com\/#website","url":"https:\/\/cacaunews.com\/","name":"Cacau News","description":"A Informa\u00e7\u00e3o que voc\u00ea precisa!","publisher":{"@id":"https:\/\/cacaunews.com\/#organization"},"potentialAction":[{"@type":"SearchAction","target":{"@type":"EntryPoint","urlTemplate":"https:\/\/cacaunews.com\/?s={search_term_string}"},"query-input":"required name=search_term_string"}],"inLanguage":"pt-BR"},{"@type":"Organization","@id":"https:\/\/cacaunews.com\/#organization","name":"Cacau News","url":"https:\/\/cacaunews.com\/","logo":{"@type":"ImageObject","inLanguage":"pt-BR","@id":"https:\/\/cacaunews.com\/#\/schema\/logo\/image\/","url":"https:\/\/cacaunews.com\/wp-content\/uploads\/2025\/01\/cropped-LOGO-NOVA.png","contentUrl":"https:\/\/cacaunews.com\/wp-content\/uploads\/2025\/01\/cropped-LOGO-NOVA.png","width":813,"height":813,"caption":"Cacau News"},"image":{"@id":"https:\/\/cacaunews.com\/#\/schema\/logo\/image\/"},"sameAs":["https:\/\/www.instagram.com\/cacaunews.online\/","https:\/\/youtube.com\/@cacaunews?si=0VXLnjl08SrWbVG9"]},{"@type":"Person","@id":"https:\/\/cacaunews.com\/#\/schema\/person\/ea69703103e606ad347ccd64bd72ef79","name":"Reda\u00e7\u00e3o Cacau News","image":{"@type":"ImageObject","inLanguage":"pt-BR","@id":"https:\/\/cacaunews.com\/#\/schema\/person\/image\/","url":"https:\/\/secure.gravatar.com\/avatar\/d79227a2a7b6cc42e8d7a8f7c284cd3a?s=96&d=mm&r=g","contentUrl":"https:\/\/secure.gravatar.com\/avatar\/d79227a2a7b6cc42e8d7a8f7c284cd3a?s=96&d=mm&r=g","caption":"Reda\u00e7\u00e3o Cacau News"},"sameAs":["https:\/\/cacaunews.com"],"url":"https:\/\/cacaunews.com\/?author=1"}]}},"jetpack_sharing_enabled":true,"jetpack_featured_media_url":"https:\/\/cacaunews.com\/wp-content\/uploads\/2025\/08\/IMG_20250801_073052.jpg","_links":{"self":[{"href":"https:\/\/cacaunews.com\/index.php?rest_route=\/wp\/v2\/posts\/6646"}],"collection":[{"href":"https:\/\/cacaunews.com\/index.php?rest_route=\/wp\/v2\/posts"}],"about":[{"href":"https:\/\/cacaunews.com\/index.php?rest_route=\/wp\/v2\/types\/post"}],"author":[{"embeddable":true,"href":"https:\/\/cacaunews.com\/index.php?rest_route=\/wp\/v2\/users\/1"}],"replies":[{"embeddable":true,"href":"https:\/\/cacaunews.com\/index.php?rest_route=%2Fwp%2Fv2%2Fcomments&post=6646"}],"version-history":[{"count":0,"href":"https:\/\/cacaunews.com\/index.php?rest_route=\/wp\/v2\/posts\/6646\/revisions"}],"wp:featuredmedia":[{"embeddable":true,"href":"https:\/\/cacaunews.com\/index.php?rest_route=\/wp\/v2\/media\/6645"}],"wp:attachment":[{"href":"https:\/\/cacaunews.com\/index.php?rest_route=%2Fwp%2Fv2%2Fmedia&parent=6646"}],"wp:term":[{"taxonomy":"category","embeddable":true,"href":"https:\/\/cacaunews.com\/index.php?rest_route=%2Fwp%2Fv2%2Fcategories&post=6646"},{"taxonomy":"post_tag","embeddable":true,"href":"https:\/\/cacaunews.com\/index.php?rest_route=%2Fwp%2Fv2%2Ftags&post=6646"}],"curies":[{"name":"wp","href":"https:\/\/api.w.org\/{rel}","templated":true}]}}