{"id":6680,"date":"2025-08-11T13:00:12","date_gmt":"2025-08-11T13:00:12","guid":{"rendered":"https:\/\/cacaunews.com\/?p=6680"},"modified":"2025-08-11T13:33:05","modified_gmt":"2025-08-11T13:33:05","slug":"semana-de-inovacao-de-ilheus-comeca-hoje-11-com-protagonismo-feminino-e-provocacoes-sobre-o-futuro","status":"publish","type":"post","link":"https:\/\/cacaunews.com\/?p=6680","title":{"rendered":"Semana de Inova\u00e7\u00e3o de Ilh\u00e9us come\u00e7a hoje (11), com protagonismo feminino e provoca\u00e7\u00f5es sobre o futuro."},"content":{"rendered":"\n<p><br>A Semana de Inova\u00e7\u00e3o de Ilh\u00e9us ser\u00e1 aberta oficialmente hoje, 11 de agosto, segunda-feira, a partir das 18h30, no Centro de Conven\u00e7\u00f5es de Ilh\u00e9us, com duas palestras que prometem provocar reflex\u00f5es profundas e inspirar novas a\u00e7\u00f5es para o futuro da cidade e da regi\u00e3o. A entrada \u00e9 gratuita e pode ser feita no link (<a href=\"https:\/\/www.sympla.com.br\/evento\/semana-de-inovaCAo-de-ilhEus-2025---sii2025\/3034505\" target=\"_blank\" rel=\"noreferrer noopener\">clique aqui<\/a>).<br><br>\u00c0s 19h, Sabrina de Branco, refer\u00eancia nacional em lideran\u00e7a transformadora e inova\u00e7\u00e3o estrat\u00e9gica, apresenta a palestra \u201cInova\u00e7\u00e3o: um ato de coragem, estrat\u00e9gia e lideran\u00e7a \u2013 Como transformar Ilh\u00e9us no Vale do Sil\u00edcio Tropical\u201d. A proposta \u00e9 provocar os participantes a pensar grande, explorando o potencial do munic\u00edpio como polo de tecnologia e criatividade, com base na constru\u00e7\u00e3o de ecossistemas inovadores e lideran\u00e7as corajosas.<br><br>Na sequ\u00eancia, \u00e0s 20h30, quem assume o palco \u00e9 a empres\u00e1ria e criadora da marca Avatim, Monica de Burgos, com a palestra \u201cCheiros que contam hist\u00f3ria: da intui\u00e7\u00e3o \u00e0 estrat\u00e9gia\u201d. A apresenta\u00e7\u00e3o traz uma abordagem sensorial e intuitiva sobre inova\u00e7\u00e3o, conectando marca, territ\u00f3rio e identidade cultural como pilares para o crescimento de neg\u00f3cios aut\u00eanticos e sustent\u00e1veis.<br><br>A abertura \u00e9 voltada a empres\u00e1rios, profissionais liberais, estudantes, criativos, lideran\u00e7as p\u00fablicas e toda a sociedade civil. O objetivo \u00e9 engajar diversos atores em uma jornada conjunta de transforma\u00e7\u00e3o, posicionando Ilh\u00e9us como uma cidade inovadora, conectada e protagonista do seu futuro.<\/p>\n\n\n\n<p>Para a gerente regional do Sebrae, Claudiana Figueiredo, o in\u00edcio da Semana com duas palestrantes de peso traduz o esp\u00edrito do evento. \u201cEstamos falando de um movimento que vai al\u00e9m da tecnologia. A inova\u00e7\u00e3o que buscamos nasce de coragem, de escuta e de conex\u00e3o com o que temos de melhor. Sabrina e Monica representam exatamente isso\u201d, afirma.<\/p>\n\n\n\n<p>A Semana de Inova\u00e7\u00e3o de Ilh\u00e9us \u00e9 uma realiza\u00e7\u00e3o da Prefeitura de Ilh\u00e9us, SINEC, Sebrae e Universidade Estadual de Santa Cruz (UESC), e acontecer\u00e1 entre os dias 11 e 15 de agosto de 2025. A inscri\u00e7\u00e3o para participar das atividades pode ser feita gratuitamente pelo site oficial do evento.<\/p>\n\n\n\n<p><strong>Servi\u00e7o<\/strong><\/p>\n\n\n\n<p>O qu\u00ea: Abertura da Semana de Inova\u00e7\u00e3o de Ilh\u00e9us<br \/>Quando: 11 de agosto de 2025 (segunda-feira), a partir das 18h30<br \/>Onde: Centro de Conven\u00e7\u00f5es \u2013 Ilh\u00e9us (BA)<br \/>Inscri\u00e7\u00f5es gratuitas:&nbsp;<a href=\"https:\/\/www.sympla.com.br\/evento\/semana-de-inovaCAo-de-ilhEus-2025---sii2025\/3034505\">clique aqui<\/a>&nbsp;para se inscrever<br \/>Mais informa\u00e7\u00f5es:<a href=\"http:\/\/www.semanadeinovacaoilheus.com.br\/\">&nbsp;www.semanadeinovacaoilheus.com.br<\/a><\/p>\n","protected":false},"excerpt":{"rendered":"<p>A Semana de Inova\u00e7\u00e3o de Ilh\u00e9us ser\u00e1 aberta oficialmente hoje, 11 de agosto, segunda-feira, a&#8230;<\/p>\n","protected":false},"author":1,"featured_media":6679,"comment_status":"open","ping_status":"open","sticky":false,"template":"","format":"standard","meta":{"footnotes":""},"categories":[18,4,11],"tags":[1191,37,2380,45,2379],"yoast_head":"<!-- This site is optimized with the Yoast SEO plugin v21.7 - https:\/\/yoast.com\/wordpress\/plugins\/seo\/ -->\n<title>Semana de Inova\u00e7\u00e3o de Ilh\u00e9us come\u00e7a hoje (11), com protagonismo feminino e provoca\u00e7\u00f5es sobre o futuro. - Cacau News<\/title>\n<meta name=\"robots\" content=\"index, follow, max-snippet:-1, max-image-preview:large, max-video-preview:-1\" \/>\n<link rel=\"canonical\" href=\"https:\/\/cacaunews.com\/?p=6680\" \/>\n<meta property=\"og:locale\" content=\"pt_BR\" \/>\n<meta property=\"og:type\" content=\"article\" \/>\n<meta property=\"og:title\" content=\"Semana de Inova\u00e7\u00e3o de Ilh\u00e9us come\u00e7a hoje (11), com protagonismo feminino e provoca\u00e7\u00f5es sobre o futuro. - Cacau News\" \/>\n<meta property=\"og:description\" content=\"A Semana de Inova\u00e7\u00e3o de Ilh\u00e9us ser\u00e1 aberta oficialmente hoje, 11 de agosto, segunda-feira, a...\" \/>\n<meta property=\"og:url\" content=\"https:\/\/cacaunews.com\/?p=6680\" \/>\n<meta property=\"og:site_name\" content=\"Cacau News\" \/>\n<meta property=\"article:published_time\" content=\"2025-08-11T13:00:12+00:00\" \/>\n<meta property=\"article:modified_time\" content=\"2025-08-11T13:33:05+00:00\" \/>\n<meta property=\"og:image\" content=\"https:\/\/cacaunews.com\/wp-content\/uploads\/2025\/08\/iStock-1321462048_p20171_cover_image_resized.webp\" \/>\n\t<meta property=\"og:image:width\" content=\"814\" \/>\n\t<meta property=\"og:image:height\" content=\"492\" \/>\n\t<meta property=\"og:image:type\" content=\"image\/webp\" \/>\n<meta name=\"author\" content=\"Reda\u00e7\u00e3o Cacau News\" \/>\n<meta name=\"twitter:card\" content=\"summary_large_image\" \/>\n<meta name=\"twitter:label1\" content=\"Escrito por\" \/>\n\t<meta name=\"twitter:data1\" content=\"Reda\u00e7\u00e3o Cacau News\" \/>\n\t<meta name=\"twitter:label2\" content=\"Est. tempo de leitura\" \/>\n\t<meta name=\"twitter:data2\" content=\"2 minutos\" \/>\n<script type=\"application\/ld+json\" class=\"yoast-schema-graph\">{\"@context\":\"https:\/\/schema.org\",\"@graph\":[{\"@type\":\"Article\",\"@id\":\"https:\/\/cacaunews.com\/?p=6680#article\",\"isPartOf\":{\"@id\":\"https:\/\/cacaunews.com\/?p=6680\"},\"author\":{\"name\":\"Reda\u00e7\u00e3o Cacau News\",\"@id\":\"https:\/\/cacaunews.com\/#\/schema\/person\/ea69703103e606ad347ccd64bd72ef79\"},\"headline\":\"Semana de Inova\u00e7\u00e3o de Ilh\u00e9us come\u00e7a hoje (11), com protagonismo feminino e provoca\u00e7\u00f5es sobre o futuro.\",\"datePublished\":\"2025-08-11T13:00:12+00:00\",\"dateModified\":\"2025-08-11T13:33:05+00:00\",\"mainEntityOfPage\":{\"@id\":\"https:\/\/cacaunews.com\/?p=6680\"},\"wordCount\":420,\"commentCount\":0,\"publisher\":{\"@id\":\"https:\/\/cacaunews.com\/#organization\"},\"keywords\":[\"feminino\",\"ilheus\",\"protagonismo\",\"sebrae\",\"semana de inova\u00e7\u00e3o\"],\"articleSection\":[\"cidades\",\"Internet\",\"Jornalismo\"],\"inLanguage\":\"pt-BR\",\"potentialAction\":[{\"@type\":\"CommentAction\",\"name\":\"Comment\",\"target\":[\"https:\/\/cacaunews.com\/?p=6680#respond\"]}]},{\"@type\":\"WebPage\",\"@id\":\"https:\/\/cacaunews.com\/?p=6680\",\"url\":\"https:\/\/cacaunews.com\/?p=6680\",\"name\":\"Semana de Inova\u00e7\u00e3o de Ilh\u00e9us come\u00e7a hoje (11), com protagonismo feminino e provoca\u00e7\u00f5es sobre o futuro. - Cacau News\",\"isPartOf\":{\"@id\":\"https:\/\/cacaunews.com\/#website\"},\"datePublished\":\"2025-08-11T13:00:12+00:00\",\"dateModified\":\"2025-08-11T13:33:05+00:00\",\"breadcrumb\":{\"@id\":\"https:\/\/cacaunews.com\/?p=6680#breadcrumb\"},\"inLanguage\":\"pt-BR\",\"potentialAction\":[{\"@type\":\"ReadAction\",\"target\":[\"https:\/\/cacaunews.com\/?p=6680\"]}]},{\"@type\":\"BreadcrumbList\",\"@id\":\"https:\/\/cacaunews.com\/?p=6680#breadcrumb\",\"itemListElement\":[{\"@type\":\"ListItem\",\"position\":1,\"name\":\"In\u00edcio\",\"item\":\"https:\/\/cacaunews.com\/\"},{\"@type\":\"ListItem\",\"position\":2,\"name\":\"Semana de Inova\u00e7\u00e3o de Ilh\u00e9us come\u00e7a hoje (11), com protagonismo feminino e provoca\u00e7\u00f5es sobre o futuro.\"}]},{\"@type\":\"WebSite\",\"@id\":\"https:\/\/cacaunews.com\/#website\",\"url\":\"https:\/\/cacaunews.com\/\",\"name\":\"Cacau News\",\"description\":\"A Informa\u00e7\u00e3o que voc\u00ea precisa!\",\"publisher\":{\"@id\":\"https:\/\/cacaunews.com\/#organization\"},\"potentialAction\":[{\"@type\":\"SearchAction\",\"target\":{\"@type\":\"EntryPoint\",\"urlTemplate\":\"https:\/\/cacaunews.com\/?s={search_term_string}\"},\"query-input\":\"required name=search_term_string\"}],\"inLanguage\":\"pt-BR\"},{\"@type\":\"Organization\",\"@id\":\"https:\/\/cacaunews.com\/#organization\",\"name\":\"Cacau News\",\"url\":\"https:\/\/cacaunews.com\/\",\"logo\":{\"@type\":\"ImageObject\",\"inLanguage\":\"pt-BR\",\"@id\":\"https:\/\/cacaunews.com\/#\/schema\/logo\/image\/\",\"url\":\"https:\/\/cacaunews.com\/wp-content\/uploads\/2025\/01\/cropped-LOGO-NOVA.png\",\"contentUrl\":\"https:\/\/cacaunews.com\/wp-content\/uploads\/2025\/01\/cropped-LOGO-NOVA.png\",\"width\":813,\"height\":813,\"caption\":\"Cacau News\"},\"image\":{\"@id\":\"https:\/\/cacaunews.com\/#\/schema\/logo\/image\/\"},\"sameAs\":[\"https:\/\/www.instagram.com\/cacaunews.online\/\",\"https:\/\/youtube.com\/@cacaunews?si=0VXLnjl08SrWbVG9\"]},{\"@type\":\"Person\",\"@id\":\"https:\/\/cacaunews.com\/#\/schema\/person\/ea69703103e606ad347ccd64bd72ef79\",\"name\":\"Reda\u00e7\u00e3o Cacau News\",\"image\":{\"@type\":\"ImageObject\",\"inLanguage\":\"pt-BR\",\"@id\":\"https:\/\/cacaunews.com\/#\/schema\/person\/image\/\",\"url\":\"https:\/\/secure.gravatar.com\/avatar\/d79227a2a7b6cc42e8d7a8f7c284cd3a?s=96&d=mm&r=g\",\"contentUrl\":\"https:\/\/secure.gravatar.com\/avatar\/d79227a2a7b6cc42e8d7a8f7c284cd3a?s=96&d=mm&r=g\",\"caption\":\"Reda\u00e7\u00e3o Cacau News\"},\"sameAs\":[\"https:\/\/cacaunews.com\"],\"url\":\"https:\/\/cacaunews.com\/?author=1\"}]}<\/script>\n<!-- \/ Yoast SEO plugin. -->","yoast_head_json":{"title":"Semana de Inova\u00e7\u00e3o de Ilh\u00e9us come\u00e7a hoje (11), com protagonismo feminino e provoca\u00e7\u00f5es sobre o futuro. - Cacau News","robots":{"index":"index","follow":"follow","max-snippet":"max-snippet:-1","max-image-preview":"max-image-preview:large","max-video-preview":"max-video-preview:-1"},"canonical":"https:\/\/cacaunews.com\/?p=6680","og_locale":"pt_BR","og_type":"article","og_title":"Semana de Inova\u00e7\u00e3o de Ilh\u00e9us come\u00e7a hoje (11), com protagonismo feminino e provoca\u00e7\u00f5es sobre o futuro. - Cacau News","og_description":"A Semana de Inova\u00e7\u00e3o de Ilh\u00e9us ser\u00e1 aberta oficialmente hoje, 11 de agosto, segunda-feira, a...","og_url":"https:\/\/cacaunews.com\/?p=6680","og_site_name":"Cacau News","article_published_time":"2025-08-11T13:00:12+00:00","article_modified_time":"2025-08-11T13:33:05+00:00","og_image":[{"width":814,"height":492,"url":"https:\/\/cacaunews.com\/wp-content\/uploads\/2025\/08\/iStock-1321462048_p20171_cover_image_resized.webp","type":"image\/webp"}],"author":"Reda\u00e7\u00e3o Cacau News","twitter_card":"summary_large_image","twitter_misc":{"Escrito por":"Reda\u00e7\u00e3o Cacau News","Est. tempo de leitura":"2 minutos"},"schema":{"@context":"https:\/\/schema.org","@graph":[{"@type":"Article","@id":"https:\/\/cacaunews.com\/?p=6680#article","isPartOf":{"@id":"https:\/\/cacaunews.com\/?p=6680"},"author":{"name":"Reda\u00e7\u00e3o Cacau News","@id":"https:\/\/cacaunews.com\/#\/schema\/person\/ea69703103e606ad347ccd64bd72ef79"},"headline":"Semana de Inova\u00e7\u00e3o de Ilh\u00e9us come\u00e7a hoje (11), com protagonismo feminino e provoca\u00e7\u00f5es sobre o futuro.","datePublished":"2025-08-11T13:00:12+00:00","dateModified":"2025-08-11T13:33:05+00:00","mainEntityOfPage":{"@id":"https:\/\/cacaunews.com\/?p=6680"},"wordCount":420,"commentCount":0,"publisher":{"@id":"https:\/\/cacaunews.com\/#organization"},"keywords":["feminino","ilheus","protagonismo","sebrae","semana de inova\u00e7\u00e3o"],"articleSection":["cidades","Internet","Jornalismo"],"inLanguage":"pt-BR","potentialAction":[{"@type":"CommentAction","name":"Comment","target":["https:\/\/cacaunews.com\/?p=6680#respond"]}]},{"@type":"WebPage","@id":"https:\/\/cacaunews.com\/?p=6680","url":"https:\/\/cacaunews.com\/?p=6680","name":"Semana de Inova\u00e7\u00e3o de Ilh\u00e9us come\u00e7a hoje (11), com protagonismo feminino e provoca\u00e7\u00f5es sobre o futuro. - Cacau News","isPartOf":{"@id":"https:\/\/cacaunews.com\/#website"},"datePublished":"2025-08-11T13:00:12+00:00","dateModified":"2025-08-11T13:33:05+00:00","breadcrumb":{"@id":"https:\/\/cacaunews.com\/?p=6680#breadcrumb"},"inLanguage":"pt-BR","potentialAction":[{"@type":"ReadAction","target":["https:\/\/cacaunews.com\/?p=6680"]}]},{"@type":"BreadcrumbList","@id":"https:\/\/cacaunews.com\/?p=6680#breadcrumb","itemListElement":[{"@type":"ListItem","position":1,"name":"In\u00edcio","item":"https:\/\/cacaunews.com\/"},{"@type":"ListItem","position":2,"name":"Semana de Inova\u00e7\u00e3o de Ilh\u00e9us come\u00e7a hoje (11), com protagonismo feminino e provoca\u00e7\u00f5es sobre o futuro."}]},{"@type":"WebSite","@id":"https:\/\/cacaunews.com\/#website","url":"https:\/\/cacaunews.com\/","name":"Cacau News","description":"A Informa\u00e7\u00e3o que voc\u00ea precisa!","publisher":{"@id":"https:\/\/cacaunews.com\/#organization"},"potentialAction":[{"@type":"SearchAction","target":{"@type":"EntryPoint","urlTemplate":"https:\/\/cacaunews.com\/?s={search_term_string}"},"query-input":"required name=search_term_string"}],"inLanguage":"pt-BR"},{"@type":"Organization","@id":"https:\/\/cacaunews.com\/#organization","name":"Cacau News","url":"https:\/\/cacaunews.com\/","logo":{"@type":"ImageObject","inLanguage":"pt-BR","@id":"https:\/\/cacaunews.com\/#\/schema\/logo\/image\/","url":"https:\/\/cacaunews.com\/wp-content\/uploads\/2025\/01\/cropped-LOGO-NOVA.png","contentUrl":"https:\/\/cacaunews.com\/wp-content\/uploads\/2025\/01\/cropped-LOGO-NOVA.png","width":813,"height":813,"caption":"Cacau News"},"image":{"@id":"https:\/\/cacaunews.com\/#\/schema\/logo\/image\/"},"sameAs":["https:\/\/www.instagram.com\/cacaunews.online\/","https:\/\/youtube.com\/@cacaunews?si=0VXLnjl08SrWbVG9"]},{"@type":"Person","@id":"https:\/\/cacaunews.com\/#\/schema\/person\/ea69703103e606ad347ccd64bd72ef79","name":"Reda\u00e7\u00e3o Cacau News","image":{"@type":"ImageObject","inLanguage":"pt-BR","@id":"https:\/\/cacaunews.com\/#\/schema\/person\/image\/","url":"https:\/\/secure.gravatar.com\/avatar\/d79227a2a7b6cc42e8d7a8f7c284cd3a?s=96&d=mm&r=g","contentUrl":"https:\/\/secure.gravatar.com\/avatar\/d79227a2a7b6cc42e8d7a8f7c284cd3a?s=96&d=mm&r=g","caption":"Reda\u00e7\u00e3o Cacau News"},"sameAs":["https:\/\/cacaunews.com"],"url":"https:\/\/cacaunews.com\/?author=1"}]}},"jetpack_sharing_enabled":true,"jetpack_featured_media_url":"https:\/\/cacaunews.com\/wp-content\/uploads\/2025\/08\/iStock-1321462048_p20171_cover_image_resized.webp","_links":{"self":[{"href":"https:\/\/cacaunews.com\/index.php?rest_route=\/wp\/v2\/posts\/6680"}],"collection":[{"href":"https:\/\/cacaunews.com\/index.php?rest_route=\/wp\/v2\/posts"}],"about":[{"href":"https:\/\/cacaunews.com\/index.php?rest_route=\/wp\/v2\/types\/post"}],"author":[{"embeddable":true,"href":"https:\/\/cacaunews.com\/index.php?rest_route=\/wp\/v2\/users\/1"}],"replies":[{"embeddable":true,"href":"https:\/\/cacaunews.com\/index.php?rest_route=%2Fwp%2Fv2%2Fcomments&post=6680"}],"version-history":[{"count":1,"href":"https:\/\/cacaunews.com\/index.php?rest_route=\/wp\/v2\/posts\/6680\/revisions"}],"predecessor-version":[{"id":6681,"href":"https:\/\/cacaunews.com\/index.php?rest_route=\/wp\/v2\/posts\/6680\/revisions\/6681"}],"wp:featuredmedia":[{"embeddable":true,"href":"https:\/\/cacaunews.com\/index.php?rest_route=\/wp\/v2\/media\/6679"}],"wp:attachment":[{"href":"https:\/\/cacaunews.com\/index.php?rest_route=%2Fwp%2Fv2%2Fmedia&parent=6680"}],"wp:term":[{"taxonomy":"category","embeddable":true,"href":"https:\/\/cacaunews.com\/index.php?rest_route=%2Fwp%2Fv2%2Fcategories&post=6680"},{"taxonomy":"post_tag","embeddable":true,"href":"https:\/\/cacaunews.com\/index.php?rest_route=%2Fwp%2Fv2%2Ftags&post=6680"}],"curies":[{"name":"wp","href":"https:\/\/api.w.org\/{rel}","templated":true}]}}