{"id":6684,"date":"2025-08-11T14:00:54","date_gmt":"2025-08-11T14:00:54","guid":{"rendered":"https:\/\/cacaunews.com\/?p=6684"},"modified":"2025-08-11T14:00:54","modified_gmt":"2025-08-11T14:00:54","slug":"manu-berbert-abre-a-jornada-nacional-de-inovacao-da-industria-na-semana-de-inovacao-de-ilheus","status":"publish","type":"post","link":"https:\/\/cacaunews.com\/?p=6684","title":{"rendered":"Manu Berbert abre a Jornada Nacional de Inova\u00e7\u00e3o da Ind\u00fastria, na Semana de Inova\u00e7\u00e3o de Ilh\u00e9us."},"content":{"rendered":"\n<p>Publicit\u00e1ria e \u00e0 frente da gest\u00e3o de comunica\u00e7\u00e3o do Instituto Biof\u00e1brica da Bahia h\u00e1 cerca de um ano,\u00a0 Manuela abre a Jornada Nacional de Inova\u00e7\u00e3o da Ind\u00fastria por representar uma refer\u00eancia local em inova\u00e7\u00e3o, sustentabilidade e transforma\u00e7\u00e3o digital. \u201cEstou muito feliz com o convite, que acontece justamente quando estamos apresentando a Cappacitah Capacita\u00e7\u00f5es e Eventos, que nasceu dessa alta demanda de qualifica\u00e7\u00e3o t\u00e9cnica e inova\u00e7\u00e3o tecnol\u00f3gica no campo\u201d, disse ela. <br><br>A palestra acontece no dia 12 de agosto, \u00e0s 14h, com o tema \u201cDesafios e oportunidades do sistema ecol\u00f3gico e digital no Sul da Bahia\u201d. A fala antecede a apresenta\u00e7\u00e3o de cases de sucesso regionais como a Daten, Natucoa e Ju Arl\u00e9o Chocolates, que tamb\u00e9m far\u00e3o um painel interativo com reflex\u00f5es conjuntas sobre como ampliar o impacto das inova\u00e7\u00f5es locais na transi\u00e7\u00e3o ecol\u00f3gica e digital, promovendo troca de experi\u00eancias. <br><br>A Jornada<br> <br>A Jornada Nacional de Inova\u00e7\u00e3o da Ind\u00fastria est\u00e1 percorrendo o Brasil conectando pessoas, ideias, tecnologia e meio ambiente, com foco na Transi\u00e7\u00e3o Ecol\u00f3gica e Digital. Ilh\u00e9us ser\u00e1 palco da 1\u00aa edi\u00e7\u00e3o estadual Bahia, integrando a programa\u00e7\u00e3o oficial da Semana de Inova\u00e7\u00e3o, no Centro de Conven\u00e7\u00f5es de Ilh\u00e9us. <br><br>A Jornada \u00e9 uma iniciativa da Confedera\u00e7\u00e3o Nacional da Ind\u00fastria (CNI) em parceria com SEBRAE, FIEB e SECTI (Governo do Estado), com o objetivo de mobilizar os ecossistemas regionais em torno da transi\u00e7\u00e3o ecol\u00f3gica e digital, destacando experi\u00eancias de impacto e solu\u00e7\u00f5es inovadoras oriundas de diferentes territ\u00f3rios do pa\u00eds.<\/p>\n\n\n\n<figure class=\"wp-block-image size-large\"><img fetchpriority=\"high\" decoding=\"async\" width=\"819\" height=\"1024\" src=\"https:\/\/cacaunews.com\/wp-content\/uploads\/2025\/08\/img-20250811-wa00594221044006904595668-819x1024.jpg\" alt=\"\" class=\"wp-image-6682\" srcset=\"https:\/\/cacaunews.com\/wp-content\/uploads\/2025\/08\/img-20250811-wa00594221044006904595668-819x1024.jpg 819w, https:\/\/cacaunews.com\/wp-content\/uploads\/2025\/08\/img-20250811-wa00594221044006904595668-240x300.jpg 240w, https:\/\/cacaunews.com\/wp-content\/uploads\/2025\/08\/img-20250811-wa00594221044006904595668-768x960.jpg 768w, https:\/\/cacaunews.com\/wp-content\/uploads\/2025\/08\/img-20250811-wa00594221044006904595668.jpg 1024w\" sizes=\"(max-width: 819px) 100vw, 819px\" \/><\/figure>\n\n\n\n<p><br> <br><br>Informa\u00e7\u00f5es importantes:<br>\u2022\tSite oficial da Jornada: <a href=\"http:\/\/www.jornadanacionaldeinovacao.com.br\" target=\"_blank\" rel=\"noreferrer noopener\">jornadanacionaldeinovacao.com.br<\/a><br>\u2022\tLink para inscri\u00e7\u00e3o do p\u00fablico: <a href=\"https:\/\/www.sympla.com.br\/evento\/jornada-de-inovacao-ilheus-ba\/3057038\">https:\/\/www.sympla.com.br\/evento\/jornada-de-inovacao-ilheus-ba\/3057038<\/a><\/p>\n","protected":false},"excerpt":{"rendered":"<p>Publicit\u00e1ria e \u00e0 frente da gest\u00e3o de comunica\u00e7\u00e3o do Instituto Biof\u00e1brica da Bahia h\u00e1 cerca&#8230;<\/p>\n","protected":false},"author":1,"featured_media":6683,"comment_status":"open","ping_status":"open","sticky":false,"template":"","format":"standard","meta":{"footnotes":""},"categories":[18,4,11],"tags":[37,1007,2381,529],"yoast_head":"<!-- This site is optimized with the Yoast SEO plugin v21.7 - https:\/\/yoast.com\/wordpress\/plugins\/seo\/ -->\n<title>Manu Berbert abre a Jornada Nacional de Inova\u00e7\u00e3o da Ind\u00fastria, na Semana de Inova\u00e7\u00e3o de Ilh\u00e9us. - Cacau News<\/title>\n<meta name=\"robots\" content=\"index, follow, max-snippet:-1, max-image-preview:large, max-video-preview:-1\" \/>\n<link rel=\"canonical\" href=\"https:\/\/cacaunews.com\/?p=6684\" \/>\n<meta property=\"og:locale\" content=\"pt_BR\" \/>\n<meta property=\"og:type\" content=\"article\" \/>\n<meta property=\"og:title\" content=\"Manu Berbert abre a Jornada Nacional de Inova\u00e7\u00e3o da Ind\u00fastria, na Semana de Inova\u00e7\u00e3o de Ilh\u00e9us. - Cacau News\" \/>\n<meta property=\"og:description\" content=\"Publicit\u00e1ria e \u00e0 frente da gest\u00e3o de comunica\u00e7\u00e3o do Instituto Biof\u00e1brica da Bahia h\u00e1 cerca...\" \/>\n<meta property=\"og:url\" content=\"https:\/\/cacaunews.com\/?p=6684\" \/>\n<meta property=\"og:site_name\" content=\"Cacau News\" \/>\n<meta property=\"article:published_time\" content=\"2025-08-11T14:00:54+00:00\" \/>\n<meta property=\"og:image\" content=\"https:\/\/cacaunews.com\/wp-content\/uploads\/2025\/08\/img-20250811-wa00594221044006904595668-819x1024.jpg\" \/>\n<meta name=\"author\" content=\"Reda\u00e7\u00e3o Cacau News\" \/>\n<meta name=\"twitter:card\" content=\"summary_large_image\" \/>\n<meta name=\"twitter:label1\" content=\"Escrito por\" \/>\n\t<meta name=\"twitter:data1\" content=\"Reda\u00e7\u00e3o Cacau News\" \/>\n\t<meta name=\"twitter:label2\" content=\"Est. tempo de leitura\" \/>\n\t<meta name=\"twitter:data2\" content=\"1 minuto\" \/>\n<script type=\"application\/ld+json\" class=\"yoast-schema-graph\">{\"@context\":\"https:\/\/schema.org\",\"@graph\":[{\"@type\":\"Article\",\"@id\":\"https:\/\/cacaunews.com\/?p=6684#article\",\"isPartOf\":{\"@id\":\"https:\/\/cacaunews.com\/?p=6684\"},\"author\":{\"name\":\"Reda\u00e7\u00e3o Cacau News\",\"@id\":\"https:\/\/cacaunews.com\/#\/schema\/person\/ea69703103e606ad347ccd64bd72ef79\"},\"headline\":\"Manu Berbert abre a Jornada Nacional de Inova\u00e7\u00e3o da Ind\u00fastria, na Semana de Inova\u00e7\u00e3o de Ilh\u00e9us.\",\"datePublished\":\"2025-08-11T14:00:54+00:00\",\"dateModified\":\"2025-08-11T14:00:54+00:00\",\"mainEntityOfPage\":{\"@id\":\"https:\/\/cacaunews.com\/?p=6684\"},\"wordCount\":319,\"commentCount\":0,\"publisher\":{\"@id\":\"https:\/\/cacaunews.com\/#organization\"},\"keywords\":[\"ilheus\",\"inova\u00e7\u00e3o\",\"manu berbet\",\"palestra\"],\"articleSection\":[\"cidades\",\"Internet\",\"Jornalismo\"],\"inLanguage\":\"pt-BR\",\"potentialAction\":[{\"@type\":\"CommentAction\",\"name\":\"Comment\",\"target\":[\"https:\/\/cacaunews.com\/?p=6684#respond\"]}]},{\"@type\":\"WebPage\",\"@id\":\"https:\/\/cacaunews.com\/?p=6684\",\"url\":\"https:\/\/cacaunews.com\/?p=6684\",\"name\":\"Manu Berbert abre a Jornada Nacional de Inova\u00e7\u00e3o da Ind\u00fastria, na Semana de Inova\u00e7\u00e3o de Ilh\u00e9us. - Cacau News\",\"isPartOf\":{\"@id\":\"https:\/\/cacaunews.com\/#website\"},\"datePublished\":\"2025-08-11T14:00:54+00:00\",\"dateModified\":\"2025-08-11T14:00:54+00:00\",\"breadcrumb\":{\"@id\":\"https:\/\/cacaunews.com\/?p=6684#breadcrumb\"},\"inLanguage\":\"pt-BR\",\"potentialAction\":[{\"@type\":\"ReadAction\",\"target\":[\"https:\/\/cacaunews.com\/?p=6684\"]}]},{\"@type\":\"BreadcrumbList\",\"@id\":\"https:\/\/cacaunews.com\/?p=6684#breadcrumb\",\"itemListElement\":[{\"@type\":\"ListItem\",\"position\":1,\"name\":\"In\u00edcio\",\"item\":\"https:\/\/cacaunews.com\/\"},{\"@type\":\"ListItem\",\"position\":2,\"name\":\"Manu Berbert abre a Jornada Nacional de Inova\u00e7\u00e3o da Ind\u00fastria, na Semana de Inova\u00e7\u00e3o de Ilh\u00e9us.\"}]},{\"@type\":\"WebSite\",\"@id\":\"https:\/\/cacaunews.com\/#website\",\"url\":\"https:\/\/cacaunews.com\/\",\"name\":\"Cacau News\",\"description\":\"A Informa\u00e7\u00e3o que voc\u00ea precisa!\",\"publisher\":{\"@id\":\"https:\/\/cacaunews.com\/#organization\"},\"potentialAction\":[{\"@type\":\"SearchAction\",\"target\":{\"@type\":\"EntryPoint\",\"urlTemplate\":\"https:\/\/cacaunews.com\/?s={search_term_string}\"},\"query-input\":\"required name=search_term_string\"}],\"inLanguage\":\"pt-BR\"},{\"@type\":\"Organization\",\"@id\":\"https:\/\/cacaunews.com\/#organization\",\"name\":\"Cacau News\",\"url\":\"https:\/\/cacaunews.com\/\",\"logo\":{\"@type\":\"ImageObject\",\"inLanguage\":\"pt-BR\",\"@id\":\"https:\/\/cacaunews.com\/#\/schema\/logo\/image\/\",\"url\":\"https:\/\/cacaunews.com\/wp-content\/uploads\/2025\/01\/cropped-LOGO-NOVA.png\",\"contentUrl\":\"https:\/\/cacaunews.com\/wp-content\/uploads\/2025\/01\/cropped-LOGO-NOVA.png\",\"width\":813,\"height\":813,\"caption\":\"Cacau News\"},\"image\":{\"@id\":\"https:\/\/cacaunews.com\/#\/schema\/logo\/image\/\"},\"sameAs\":[\"https:\/\/www.instagram.com\/cacaunews.online\/\",\"https:\/\/youtube.com\/@cacaunews?si=0VXLnjl08SrWbVG9\"]},{\"@type\":\"Person\",\"@id\":\"https:\/\/cacaunews.com\/#\/schema\/person\/ea69703103e606ad347ccd64bd72ef79\",\"name\":\"Reda\u00e7\u00e3o Cacau News\",\"image\":{\"@type\":\"ImageObject\",\"inLanguage\":\"pt-BR\",\"@id\":\"https:\/\/cacaunews.com\/#\/schema\/person\/image\/\",\"url\":\"https:\/\/secure.gravatar.com\/avatar\/d79227a2a7b6cc42e8d7a8f7c284cd3a?s=96&d=mm&r=g\",\"contentUrl\":\"https:\/\/secure.gravatar.com\/avatar\/d79227a2a7b6cc42e8d7a8f7c284cd3a?s=96&d=mm&r=g\",\"caption\":\"Reda\u00e7\u00e3o Cacau News\"},\"sameAs\":[\"https:\/\/cacaunews.com\"],\"url\":\"https:\/\/cacaunews.com\/?author=1\"}]}<\/script>\n<!-- \/ Yoast SEO plugin. -->","yoast_head_json":{"title":"Manu Berbert abre a Jornada Nacional de Inova\u00e7\u00e3o da Ind\u00fastria, na Semana de Inova\u00e7\u00e3o de Ilh\u00e9us. - Cacau News","robots":{"index":"index","follow":"follow","max-snippet":"max-snippet:-1","max-image-preview":"max-image-preview:large","max-video-preview":"max-video-preview:-1"},"canonical":"https:\/\/cacaunews.com\/?p=6684","og_locale":"pt_BR","og_type":"article","og_title":"Manu Berbert abre a Jornada Nacional de Inova\u00e7\u00e3o da Ind\u00fastria, na Semana de Inova\u00e7\u00e3o de Ilh\u00e9us. - Cacau News","og_description":"Publicit\u00e1ria e \u00e0 frente da gest\u00e3o de comunica\u00e7\u00e3o do Instituto Biof\u00e1brica da Bahia h\u00e1 cerca...","og_url":"https:\/\/cacaunews.com\/?p=6684","og_site_name":"Cacau News","article_published_time":"2025-08-11T14:00:54+00:00","og_image":[{"url":"https:\/\/cacaunews.com\/wp-content\/uploads\/2025\/08\/img-20250811-wa00594221044006904595668-819x1024.jpg"}],"author":"Reda\u00e7\u00e3o Cacau News","twitter_card":"summary_large_image","twitter_misc":{"Escrito por":"Reda\u00e7\u00e3o Cacau News","Est. tempo de leitura":"1 minuto"},"schema":{"@context":"https:\/\/schema.org","@graph":[{"@type":"Article","@id":"https:\/\/cacaunews.com\/?p=6684#article","isPartOf":{"@id":"https:\/\/cacaunews.com\/?p=6684"},"author":{"name":"Reda\u00e7\u00e3o Cacau News","@id":"https:\/\/cacaunews.com\/#\/schema\/person\/ea69703103e606ad347ccd64bd72ef79"},"headline":"Manu Berbert abre a Jornada Nacional de Inova\u00e7\u00e3o da Ind\u00fastria, na Semana de Inova\u00e7\u00e3o de Ilh\u00e9us.","datePublished":"2025-08-11T14:00:54+00:00","dateModified":"2025-08-11T14:00:54+00:00","mainEntityOfPage":{"@id":"https:\/\/cacaunews.com\/?p=6684"},"wordCount":319,"commentCount":0,"publisher":{"@id":"https:\/\/cacaunews.com\/#organization"},"keywords":["ilheus","inova\u00e7\u00e3o","manu berbet","palestra"],"articleSection":["cidades","Internet","Jornalismo"],"inLanguage":"pt-BR","potentialAction":[{"@type":"CommentAction","name":"Comment","target":["https:\/\/cacaunews.com\/?p=6684#respond"]}]},{"@type":"WebPage","@id":"https:\/\/cacaunews.com\/?p=6684","url":"https:\/\/cacaunews.com\/?p=6684","name":"Manu Berbert abre a Jornada Nacional de Inova\u00e7\u00e3o da Ind\u00fastria, na Semana de Inova\u00e7\u00e3o de Ilh\u00e9us. - Cacau News","isPartOf":{"@id":"https:\/\/cacaunews.com\/#website"},"datePublished":"2025-08-11T14:00:54+00:00","dateModified":"2025-08-11T14:00:54+00:00","breadcrumb":{"@id":"https:\/\/cacaunews.com\/?p=6684#breadcrumb"},"inLanguage":"pt-BR","potentialAction":[{"@type":"ReadAction","target":["https:\/\/cacaunews.com\/?p=6684"]}]},{"@type":"BreadcrumbList","@id":"https:\/\/cacaunews.com\/?p=6684#breadcrumb","itemListElement":[{"@type":"ListItem","position":1,"name":"In\u00edcio","item":"https:\/\/cacaunews.com\/"},{"@type":"ListItem","position":2,"name":"Manu Berbert abre a Jornada Nacional de Inova\u00e7\u00e3o da Ind\u00fastria, na Semana de Inova\u00e7\u00e3o de Ilh\u00e9us."}]},{"@type":"WebSite","@id":"https:\/\/cacaunews.com\/#website","url":"https:\/\/cacaunews.com\/","name":"Cacau News","description":"A Informa\u00e7\u00e3o que voc\u00ea precisa!","publisher":{"@id":"https:\/\/cacaunews.com\/#organization"},"potentialAction":[{"@type":"SearchAction","target":{"@type":"EntryPoint","urlTemplate":"https:\/\/cacaunews.com\/?s={search_term_string}"},"query-input":"required name=search_term_string"}],"inLanguage":"pt-BR"},{"@type":"Organization","@id":"https:\/\/cacaunews.com\/#organization","name":"Cacau News","url":"https:\/\/cacaunews.com\/","logo":{"@type":"ImageObject","inLanguage":"pt-BR","@id":"https:\/\/cacaunews.com\/#\/schema\/logo\/image\/","url":"https:\/\/cacaunews.com\/wp-content\/uploads\/2025\/01\/cropped-LOGO-NOVA.png","contentUrl":"https:\/\/cacaunews.com\/wp-content\/uploads\/2025\/01\/cropped-LOGO-NOVA.png","width":813,"height":813,"caption":"Cacau News"},"image":{"@id":"https:\/\/cacaunews.com\/#\/schema\/logo\/image\/"},"sameAs":["https:\/\/www.instagram.com\/cacaunews.online\/","https:\/\/youtube.com\/@cacaunews?si=0VXLnjl08SrWbVG9"]},{"@type":"Person","@id":"https:\/\/cacaunews.com\/#\/schema\/person\/ea69703103e606ad347ccd64bd72ef79","name":"Reda\u00e7\u00e3o Cacau News","image":{"@type":"ImageObject","inLanguage":"pt-BR","@id":"https:\/\/cacaunews.com\/#\/schema\/person\/image\/","url":"https:\/\/secure.gravatar.com\/avatar\/d79227a2a7b6cc42e8d7a8f7c284cd3a?s=96&d=mm&r=g","contentUrl":"https:\/\/secure.gravatar.com\/avatar\/d79227a2a7b6cc42e8d7a8f7c284cd3a?s=96&d=mm&r=g","caption":"Reda\u00e7\u00e3o Cacau News"},"sameAs":["https:\/\/cacaunews.com"],"url":"https:\/\/cacaunews.com\/?author=1"}]}},"jetpack_sharing_enabled":true,"jetpack_featured_media_url":"https:\/\/cacaunews.com\/wp-content\/uploads\/2025\/08\/IMG-20250811-WA0062.jpg","_links":{"self":[{"href":"https:\/\/cacaunews.com\/index.php?rest_route=\/wp\/v2\/posts\/6684"}],"collection":[{"href":"https:\/\/cacaunews.com\/index.php?rest_route=\/wp\/v2\/posts"}],"about":[{"href":"https:\/\/cacaunews.com\/index.php?rest_route=\/wp\/v2\/types\/post"}],"author":[{"embeddable":true,"href":"https:\/\/cacaunews.com\/index.php?rest_route=\/wp\/v2\/users\/1"}],"replies":[{"embeddable":true,"href":"https:\/\/cacaunews.com\/index.php?rest_route=%2Fwp%2Fv2%2Fcomments&post=6684"}],"version-history":[{"count":0,"href":"https:\/\/cacaunews.com\/index.php?rest_route=\/wp\/v2\/posts\/6684\/revisions"}],"wp:featuredmedia":[{"embeddable":true,"href":"https:\/\/cacaunews.com\/index.php?rest_route=\/wp\/v2\/media\/6683"}],"wp:attachment":[{"href":"https:\/\/cacaunews.com\/index.php?rest_route=%2Fwp%2Fv2%2Fmedia&parent=6684"}],"wp:term":[{"taxonomy":"category","embeddable":true,"href":"https:\/\/cacaunews.com\/index.php?rest_route=%2Fwp%2Fv2%2Fcategories&post=6684"},{"taxonomy":"post_tag","embeddable":true,"href":"https:\/\/cacaunews.com\/index.php?rest_route=%2Fwp%2Fv2%2Ftags&post=6684"}],"curies":[{"name":"wp","href":"https:\/\/api.w.org\/{rel}","templated":true}]}}