{"id":6688,"date":"2025-08-12T15:00:49","date_gmt":"2025-08-12T15:00:49","guid":{"rendered":"https:\/\/cacaunews.com\/?p=6688"},"modified":"2025-08-12T15:50:41","modified_gmt":"2025-08-12T15:50:41","slug":"trilhas-do-desenvolvimento-projeto-do-forum-empresarialda-bahia-debate-o-futuro-socioeconomico-da-regiao-sul","status":"publish","type":"post","link":"https:\/\/cacaunews.com\/?p=6688","title":{"rendered":"\u201cTrilhas do Desenvolvimento\u201d, projeto do F\u00f3rum Empresarial<br>da Bahia debate o futuro socioecon\u00f4mico da regi\u00e3o sul."},"content":{"rendered":"\n<p>Promover reflex\u00f5es estrat\u00e9gicas sobre o futuro socioecon\u00f4mico do sul do Estado \u00e9 a proposta do projeto \u201cTrilhas do Desenvolvimento\u201d, iniciativa do F\u00f3rum Empresarial da Bahia, reunindo empres\u00e1rios, formadores de opini\u00e3o e representantes do setor p\u00fablico para discutir temas priorit\u00e1rios da agenda regional. A ideia \u00e9 mobilizar e reunir empres\u00e1rios, lideran\u00e7as pol\u00edticas e especialistas em cinco encontros-almo\u00e7os para discutir desafios e oportunidades da regi\u00e3o. O primeiro ocorreu no dia 10 de julho, no Restaurante Bistr\u00f4 do Palace Hotel.<\/p>\n\n\n\n<p>Criado em 2009, o F\u00f3rum Empresarial da Bahia re\u00fane empres\u00e1rios, formadores de opini\u00e3o e representantes do setor p\u00fablico, e \u00e9 presidido pelo advogado tributarista e ex-secret\u00e1rio de Desenvolvimento Econ\u00f4mico de Itabuna, Jos\u00e9 Raimundo Ara\u00fajo. Tem como promover debates sobre desenvolvimento econ\u00f4mico sustent\u00e1vel e fortalecer o ambiente de neg\u00f3cios local, e tem o objetivo de fortalecer redes de colabora\u00e7\u00e3o entre o setor privado e p\u00fablico, fomentando conte\u00fado, networking e propostas regionais estrat\u00e9gicas.<\/p>\n\n\n\n<p>\u201cA proposta do F\u00f3rum \u00e9 fortalecer redes de colabora\u00e7\u00e3o entre os setores p\u00fablico e privado, promovendo debates sobre desenvolvimento econ\u00f4mico sustent\u00e1vel e ambiente de neg\u00f3cios na Bahia\u201d, explicou Jos\u00e9 Raimundo. Ele acrescentou que o projeto \u201cTrilhas do Desenvolvimento\u201d busca aprofundar discuss\u00f5es sobre eixos estrat\u00e9gicos que impactam diretamente o cotidiano e o futuro da regi\u00e3o sulbaiana. Em s\u00edntese, \u201c\u00e9 uma oportunidade de \u201calinhamento entre atores estrat\u00e9gicos da sociedade, que podem e devem atuar de forma coordenada para enfrentar os desafios e aproveitar as oportunidades da regi\u00e3o\u201d.<\/p>\n\n\n\n<p>O encontro no Palace Hotel contou com participa\u00e7\u00e3o de lideran\u00e7as regionais e trouxe \u00e0 tona temas como a interioriza\u00e7\u00e3o do G\u00e1s Natural, com destaque para o projeto de implanta\u00e7\u00e3o de compress\u00e3o em Itabuna \u2013 medida que poder\u00e1 transformar o munic\u00edpio em polo energ\u00e9tico regional, beneficiando cidades como Juazeiro, Jequi\u00e9 e Vit\u00f3ria da Conquista; a retomada da infraestrutura regional, com foco na esperada reabertura do aeroporto Tertuliano Guedes de Pinho, em Itabuna; os desafios do desenvolvimento econ\u00f4mico sustent\u00e1vel, da governan\u00e7a compartilhada e do incentivo a investimentos colaborativos; a inclus\u00e3o e o protagonismo feminino nos espa\u00e7os de decis\u00e3o e inova\u00e7\u00e3o; os impactos de eventos clim\u00e1ticos extremos, e a necessidade de solu\u00e7\u00f5es urgentes frente \u00e0 crise h\u00eddrica que afeta o sul da Bahia.<\/p>\n\n\n\n<p>Ao destacar que, de acordo com dados levantados pelo F\u00f3rum Empresarial da Bahia, Itabuna conta atualmente com cerca de 8.600 empresas com CNPJs ativos, demonstrando o potencial econ\u00f4mico da cidade como vetor de desenvolvimento regional. Jos\u00e9 Raimundo informou que os pr\u00f3ximos encontros dever\u00e3o aprofundar propostas e consolidar uma agenda colaborativa de desenvolvimento. A programa\u00e7\u00e3o das pr\u00f3ximas edi\u00e7\u00f5es do \u201cTrilhas do Desenvolvimento\u201d ser\u00e1 divulgada nos canais oficiais do F\u00f3rum.<\/p>\n\n\n\n<p>Texto: Ederivaldo Benedito.<\/p>\n","protected":false},"excerpt":{"rendered":"<p>Promover reflex\u00f5es estrat\u00e9gicas sobre o futuro socioecon\u00f4mico do sul do Estado \u00e9 a proposta do&#8230;<\/p>\n","protected":false},"author":1,"featured_media":6687,"comment_status":"open","ping_status":"open","sticky":false,"template":"","format":"standard","meta":{"footnotes":""},"categories":[4,11],"tags":[2135,2383,27,556],"yoast_head":"<!-- This site is optimized with the Yoast SEO plugin v21.7 - https:\/\/yoast.com\/wordpress\/plugins\/seo\/ -->\n<title>\u201cTrilhas do Desenvolvimento\u201d, projeto do F\u00f3rum Empresarialda Bahia debate o futuro socioecon\u00f4mico da regi\u00e3o sul. - Cacau News<\/title>\n<meta name=\"robots\" content=\"index, follow, max-snippet:-1, max-image-preview:large, max-video-preview:-1\" \/>\n<link rel=\"canonical\" href=\"https:\/\/cacaunews.com\/?p=6688\" \/>\n<meta property=\"og:locale\" content=\"pt_BR\" \/>\n<meta property=\"og:type\" content=\"article\" \/>\n<meta property=\"og:title\" content=\"\u201cTrilhas do Desenvolvimento\u201d, projeto do F\u00f3rum Empresarialda Bahia debate o futuro socioecon\u00f4mico da regi\u00e3o sul. - Cacau News\" \/>\n<meta property=\"og:description\" content=\"Promover reflex\u00f5es estrat\u00e9gicas sobre o futuro socioecon\u00f4mico do sul do Estado \u00e9 a proposta do...\" \/>\n<meta property=\"og:url\" content=\"https:\/\/cacaunews.com\/?p=6688\" \/>\n<meta property=\"og:site_name\" content=\"Cacau News\" \/>\n<meta property=\"article:published_time\" content=\"2025-08-12T15:00:49+00:00\" \/>\n<meta property=\"article:modified_time\" content=\"2025-08-12T15:50:41+00:00\" \/>\n<meta property=\"og:image\" content=\"https:\/\/cacaunews.com\/wp-content\/uploads\/2025\/08\/IMG-20250812-WA0071.jpg\" \/>\n\t<meta property=\"og:image:width\" content=\"1280\" \/>\n\t<meta property=\"og:image:height\" content=\"678\" \/>\n\t<meta property=\"og:image:type\" content=\"image\/jpeg\" \/>\n<meta name=\"author\" content=\"Reda\u00e7\u00e3o Cacau News\" \/>\n<meta name=\"twitter:card\" content=\"summary_large_image\" \/>\n<meta name=\"twitter:label1\" content=\"Escrito por\" \/>\n\t<meta name=\"twitter:data1\" content=\"Reda\u00e7\u00e3o Cacau News\" \/>\n\t<meta name=\"twitter:label2\" content=\"Est. tempo de leitura\" \/>\n\t<meta name=\"twitter:data2\" content=\"2 minutos\" \/>\n<script type=\"application\/ld+json\" class=\"yoast-schema-graph\">{\"@context\":\"https:\/\/schema.org\",\"@graph\":[{\"@type\":\"Article\",\"@id\":\"https:\/\/cacaunews.com\/?p=6688#article\",\"isPartOf\":{\"@id\":\"https:\/\/cacaunews.com\/?p=6688\"},\"author\":{\"name\":\"Reda\u00e7\u00e3o Cacau News\",\"@id\":\"https:\/\/cacaunews.com\/#\/schema\/person\/ea69703103e606ad347ccd64bd72ef79\"},\"headline\":\"\u201cTrilhas do Desenvolvimento\u201d, projeto do F\u00f3rum Empresarial da Bahia debate o futuro socioecon\u00f4mico da regi\u00e3o sul.\",\"datePublished\":\"2025-08-12T15:00:49+00:00\",\"dateModified\":\"2025-08-12T15:50:41+00:00\",\"mainEntityOfPage\":{\"@id\":\"https:\/\/cacaunews.com\/?p=6688\"},\"wordCount\":498,\"commentCount\":0,\"publisher\":{\"@id\":\"https:\/\/cacaunews.com\/#organization\"},\"keywords\":[\"empres\u00e1rios\",\"f\u00f3rum empresarial\",\"itabuna\",\"neg\u00f3cios\"],\"articleSection\":[\"Internet\",\"Jornalismo\"],\"inLanguage\":\"pt-BR\",\"potentialAction\":[{\"@type\":\"CommentAction\",\"name\":\"Comment\",\"target\":[\"https:\/\/cacaunews.com\/?p=6688#respond\"]}]},{\"@type\":\"WebPage\",\"@id\":\"https:\/\/cacaunews.com\/?p=6688\",\"url\":\"https:\/\/cacaunews.com\/?p=6688\",\"name\":\"\u201cTrilhas do Desenvolvimento\u201d, projeto do F\u00f3rum Empresarial da Bahia debate o futuro socioecon\u00f4mico da regi\u00e3o sul. - Cacau News\",\"isPartOf\":{\"@id\":\"https:\/\/cacaunews.com\/#website\"},\"datePublished\":\"2025-08-12T15:00:49+00:00\",\"dateModified\":\"2025-08-12T15:50:41+00:00\",\"breadcrumb\":{\"@id\":\"https:\/\/cacaunews.com\/?p=6688#breadcrumb\"},\"inLanguage\":\"pt-BR\",\"potentialAction\":[{\"@type\":\"ReadAction\",\"target\":[\"https:\/\/cacaunews.com\/?p=6688\"]}]},{\"@type\":\"BreadcrumbList\",\"@id\":\"https:\/\/cacaunews.com\/?p=6688#breadcrumb\",\"itemListElement\":[{\"@type\":\"ListItem\",\"position\":1,\"name\":\"In\u00edcio\",\"item\":\"https:\/\/cacaunews.com\/\"},{\"@type\":\"ListItem\",\"position\":2,\"name\":\"\u201cTrilhas do Desenvolvimento\u201d, projeto do F\u00f3rum Empresarialda Bahia debate o futuro socioecon\u00f4mico da regi\u00e3o sul.\"}]},{\"@type\":\"WebSite\",\"@id\":\"https:\/\/cacaunews.com\/#website\",\"url\":\"https:\/\/cacaunews.com\/\",\"name\":\"Cacau News\",\"description\":\"A Informa\u00e7\u00e3o que voc\u00ea precisa!\",\"publisher\":{\"@id\":\"https:\/\/cacaunews.com\/#organization\"},\"potentialAction\":[{\"@type\":\"SearchAction\",\"target\":{\"@type\":\"EntryPoint\",\"urlTemplate\":\"https:\/\/cacaunews.com\/?s={search_term_string}\"},\"query-input\":\"required name=search_term_string\"}],\"inLanguage\":\"pt-BR\"},{\"@type\":\"Organization\",\"@id\":\"https:\/\/cacaunews.com\/#organization\",\"name\":\"Cacau News\",\"url\":\"https:\/\/cacaunews.com\/\",\"logo\":{\"@type\":\"ImageObject\",\"inLanguage\":\"pt-BR\",\"@id\":\"https:\/\/cacaunews.com\/#\/schema\/logo\/image\/\",\"url\":\"https:\/\/cacaunews.com\/wp-content\/uploads\/2025\/01\/cropped-LOGO-NOVA.png\",\"contentUrl\":\"https:\/\/cacaunews.com\/wp-content\/uploads\/2025\/01\/cropped-LOGO-NOVA.png\",\"width\":813,\"height\":813,\"caption\":\"Cacau News\"},\"image\":{\"@id\":\"https:\/\/cacaunews.com\/#\/schema\/logo\/image\/\"},\"sameAs\":[\"https:\/\/www.instagram.com\/cacaunews.online\/\",\"https:\/\/youtube.com\/@cacaunews?si=0VXLnjl08SrWbVG9\"]},{\"@type\":\"Person\",\"@id\":\"https:\/\/cacaunews.com\/#\/schema\/person\/ea69703103e606ad347ccd64bd72ef79\",\"name\":\"Reda\u00e7\u00e3o Cacau News\",\"image\":{\"@type\":\"ImageObject\",\"inLanguage\":\"pt-BR\",\"@id\":\"https:\/\/cacaunews.com\/#\/schema\/person\/image\/\",\"url\":\"https:\/\/secure.gravatar.com\/avatar\/d79227a2a7b6cc42e8d7a8f7c284cd3a?s=96&d=mm&r=g\",\"contentUrl\":\"https:\/\/secure.gravatar.com\/avatar\/d79227a2a7b6cc42e8d7a8f7c284cd3a?s=96&d=mm&r=g\",\"caption\":\"Reda\u00e7\u00e3o Cacau News\"},\"sameAs\":[\"https:\/\/cacaunews.com\"],\"url\":\"https:\/\/cacaunews.com\/?author=1\"}]}<\/script>\n<!-- \/ Yoast SEO plugin. -->","yoast_head_json":{"title":"\u201cTrilhas do Desenvolvimento\u201d, projeto do F\u00f3rum Empresarialda Bahia debate o futuro socioecon\u00f4mico da regi\u00e3o sul. - Cacau News","robots":{"index":"index","follow":"follow","max-snippet":"max-snippet:-1","max-image-preview":"max-image-preview:large","max-video-preview":"max-video-preview:-1"},"canonical":"https:\/\/cacaunews.com\/?p=6688","og_locale":"pt_BR","og_type":"article","og_title":"\u201cTrilhas do Desenvolvimento\u201d, projeto do F\u00f3rum Empresarialda Bahia debate o futuro socioecon\u00f4mico da regi\u00e3o sul. - Cacau News","og_description":"Promover reflex\u00f5es estrat\u00e9gicas sobre o futuro socioecon\u00f4mico do sul do Estado \u00e9 a proposta do...","og_url":"https:\/\/cacaunews.com\/?p=6688","og_site_name":"Cacau News","article_published_time":"2025-08-12T15:00:49+00:00","article_modified_time":"2025-08-12T15:50:41+00:00","og_image":[{"width":1280,"height":678,"url":"https:\/\/cacaunews.com\/wp-content\/uploads\/2025\/08\/IMG-20250812-WA0071.jpg","type":"image\/jpeg"}],"author":"Reda\u00e7\u00e3o Cacau News","twitter_card":"summary_large_image","twitter_misc":{"Escrito por":"Reda\u00e7\u00e3o Cacau News","Est. tempo de leitura":"2 minutos"},"schema":{"@context":"https:\/\/schema.org","@graph":[{"@type":"Article","@id":"https:\/\/cacaunews.com\/?p=6688#article","isPartOf":{"@id":"https:\/\/cacaunews.com\/?p=6688"},"author":{"name":"Reda\u00e7\u00e3o Cacau News","@id":"https:\/\/cacaunews.com\/#\/schema\/person\/ea69703103e606ad347ccd64bd72ef79"},"headline":"\u201cTrilhas do Desenvolvimento\u201d, projeto do F\u00f3rum Empresarial da Bahia debate o futuro socioecon\u00f4mico da regi\u00e3o sul.","datePublished":"2025-08-12T15:00:49+00:00","dateModified":"2025-08-12T15:50:41+00:00","mainEntityOfPage":{"@id":"https:\/\/cacaunews.com\/?p=6688"},"wordCount":498,"commentCount":0,"publisher":{"@id":"https:\/\/cacaunews.com\/#organization"},"keywords":["empres\u00e1rios","f\u00f3rum empresarial","itabuna","neg\u00f3cios"],"articleSection":["Internet","Jornalismo"],"inLanguage":"pt-BR","potentialAction":[{"@type":"CommentAction","name":"Comment","target":["https:\/\/cacaunews.com\/?p=6688#respond"]}]},{"@type":"WebPage","@id":"https:\/\/cacaunews.com\/?p=6688","url":"https:\/\/cacaunews.com\/?p=6688","name":"\u201cTrilhas do Desenvolvimento\u201d, projeto do F\u00f3rum Empresarial da Bahia debate o futuro socioecon\u00f4mico da regi\u00e3o sul. - Cacau News","isPartOf":{"@id":"https:\/\/cacaunews.com\/#website"},"datePublished":"2025-08-12T15:00:49+00:00","dateModified":"2025-08-12T15:50:41+00:00","breadcrumb":{"@id":"https:\/\/cacaunews.com\/?p=6688#breadcrumb"},"inLanguage":"pt-BR","potentialAction":[{"@type":"ReadAction","target":["https:\/\/cacaunews.com\/?p=6688"]}]},{"@type":"BreadcrumbList","@id":"https:\/\/cacaunews.com\/?p=6688#breadcrumb","itemListElement":[{"@type":"ListItem","position":1,"name":"In\u00edcio","item":"https:\/\/cacaunews.com\/"},{"@type":"ListItem","position":2,"name":"\u201cTrilhas do Desenvolvimento\u201d, projeto do F\u00f3rum Empresarialda Bahia debate o futuro socioecon\u00f4mico da regi\u00e3o sul."}]},{"@type":"WebSite","@id":"https:\/\/cacaunews.com\/#website","url":"https:\/\/cacaunews.com\/","name":"Cacau News","description":"A Informa\u00e7\u00e3o que voc\u00ea precisa!","publisher":{"@id":"https:\/\/cacaunews.com\/#organization"},"potentialAction":[{"@type":"SearchAction","target":{"@type":"EntryPoint","urlTemplate":"https:\/\/cacaunews.com\/?s={search_term_string}"},"query-input":"required name=search_term_string"}],"inLanguage":"pt-BR"},{"@type":"Organization","@id":"https:\/\/cacaunews.com\/#organization","name":"Cacau News","url":"https:\/\/cacaunews.com\/","logo":{"@type":"ImageObject","inLanguage":"pt-BR","@id":"https:\/\/cacaunews.com\/#\/schema\/logo\/image\/","url":"https:\/\/cacaunews.com\/wp-content\/uploads\/2025\/01\/cropped-LOGO-NOVA.png","contentUrl":"https:\/\/cacaunews.com\/wp-content\/uploads\/2025\/01\/cropped-LOGO-NOVA.png","width":813,"height":813,"caption":"Cacau News"},"image":{"@id":"https:\/\/cacaunews.com\/#\/schema\/logo\/image\/"},"sameAs":["https:\/\/www.instagram.com\/cacaunews.online\/","https:\/\/youtube.com\/@cacaunews?si=0VXLnjl08SrWbVG9"]},{"@type":"Person","@id":"https:\/\/cacaunews.com\/#\/schema\/person\/ea69703103e606ad347ccd64bd72ef79","name":"Reda\u00e7\u00e3o Cacau News","image":{"@type":"ImageObject","inLanguage":"pt-BR","@id":"https:\/\/cacaunews.com\/#\/schema\/person\/image\/","url":"https:\/\/secure.gravatar.com\/avatar\/d79227a2a7b6cc42e8d7a8f7c284cd3a?s=96&d=mm&r=g","contentUrl":"https:\/\/secure.gravatar.com\/avatar\/d79227a2a7b6cc42e8d7a8f7c284cd3a?s=96&d=mm&r=g","caption":"Reda\u00e7\u00e3o Cacau News"},"sameAs":["https:\/\/cacaunews.com"],"url":"https:\/\/cacaunews.com\/?author=1"}]}},"jetpack_sharing_enabled":true,"jetpack_featured_media_url":"https:\/\/cacaunews.com\/wp-content\/uploads\/2025\/08\/IMG-20250812-WA0071.jpg","_links":{"self":[{"href":"https:\/\/cacaunews.com\/index.php?rest_route=\/wp\/v2\/posts\/6688"}],"collection":[{"href":"https:\/\/cacaunews.com\/index.php?rest_route=\/wp\/v2\/posts"}],"about":[{"href":"https:\/\/cacaunews.com\/index.php?rest_route=\/wp\/v2\/types\/post"}],"author":[{"embeddable":true,"href":"https:\/\/cacaunews.com\/index.php?rest_route=\/wp\/v2\/users\/1"}],"replies":[{"embeddable":true,"href":"https:\/\/cacaunews.com\/index.php?rest_route=%2Fwp%2Fv2%2Fcomments&post=6688"}],"version-history":[{"count":1,"href":"https:\/\/cacaunews.com\/index.php?rest_route=\/wp\/v2\/posts\/6688\/revisions"}],"predecessor-version":[{"id":6689,"href":"https:\/\/cacaunews.com\/index.php?rest_route=\/wp\/v2\/posts\/6688\/revisions\/6689"}],"wp:featuredmedia":[{"embeddable":true,"href":"https:\/\/cacaunews.com\/index.php?rest_route=\/wp\/v2\/media\/6687"}],"wp:attachment":[{"href":"https:\/\/cacaunews.com\/index.php?rest_route=%2Fwp%2Fv2%2Fmedia&parent=6688"}],"wp:term":[{"taxonomy":"category","embeddable":true,"href":"https:\/\/cacaunews.com\/index.php?rest_route=%2Fwp%2Fv2%2Fcategories&post=6688"},{"taxonomy":"post_tag","embeddable":true,"href":"https:\/\/cacaunews.com\/index.php?rest_route=%2Fwp%2Fv2%2Ftags&post=6688"}],"curies":[{"name":"wp","href":"https:\/\/api.w.org\/{rel}","templated":true}]}}