{"id":6707,"date":"2025-08-15T14:00:06","date_gmt":"2025-08-15T14:00:06","guid":{"rendered":"https:\/\/cacaunews.com\/?p=6707"},"modified":"2025-08-15T18:28:20","modified_gmt":"2025-08-15T18:28:20","slug":"musicos-de-itabuna-se-reunem-para-fortalecer-a-classe-e-fundar-associacao","status":"publish","type":"post","link":"https:\/\/cacaunews.com\/?p=6707","title":{"rendered":"M\u00fasicos de Itabuna se re\u00fanem para fortalecer a classe e fundar associa\u00e7\u00e3o."},"content":{"rendered":"\n<p>Na noite da \u00faltima ter\u00e7a-feira, 12 de Agosto, o Centro de Cultura Adonias Filho recebeu os m\u00fasicos de Itabuna com o objetivo de discutir as demandas do setor, fortalecer a classe art\u00edstica local e dar in\u00edcio \u00e0 forma\u00e7\u00e3o da AMUI \u2013 Associa\u00e7\u00e3o de M\u00fasicos de Itabuna.<br><br>O encontro foi marcado por uma atmosfera de uni\u00e3o, troca de ideias e muita representatividade. Estiveram presentes m\u00fasicos experientes e nomes da nova gera\u00e7\u00e3o da m\u00fasica grapi\u00fana, refletindo a diversidade de estilos e trajet\u00f3rias que comp\u00f5em o cen\u00e1rio musical da cidade. A pluralidade foi uma das marcas da noite, revelando a for\u00e7a e o potencial do segmento art\u00edstico local.<br><br>Um dos destaques do evento foi a participa\u00e7\u00e3o do Dr. Santo \u00c1damo, advogado, professor e diretor da Faculdade Anhanguera de Itabuna, que trouxe uma importante reflex\u00e3o sobre a valoriza\u00e7\u00e3o e profissionaliza\u00e7\u00e3o do m\u00fasico. Sua fala refor\u00e7ou a necessidade de reconhecimento e respeito \u00e0 atua\u00e7\u00e3o desses profissionais, tanto no contexto cultural quanto econ\u00f4mico do munic\u00edpio.<br><br>A programa\u00e7\u00e3o tamb\u00e9m contou com a exibi\u00e7\u00e3o de um videoclipe produzido por m\u00fasicos locais, que destacou a relev\u00e2ncia do artista itabunense em sua trajet\u00f3ria hist\u00f3rica e cultural \u2013 do veterano que abriu caminhos aos jovens talentos que est\u00e3o chegando.<br><br>O encontro foi apenas o primeiro passo de uma caminhada que promete fortalecer ainda mais o setor musical em Itabuna. A AMUI surge com o prop\u00f3sito de representar a classe, articular a\u00e7\u00f5es junto ao poder p\u00fablico e promover o crescimento coletivo da m\u00fasica na cidade.<\/p>\n\n\n\n<figure class=\"wp-block-image size-large\"><img fetchpriority=\"high\" decoding=\"async\" width=\"1024\" height=\"1024\" src=\"https:\/\/cacaunews.com\/wp-content\/uploads\/2025\/08\/img-20250815-wa00423353946773980129420.jpg\" alt=\"\" class=\"wp-image-6706\" srcset=\"https:\/\/cacaunews.com\/wp-content\/uploads\/2025\/08\/img-20250815-wa00423353946773980129420.jpg 1024w, https:\/\/cacaunews.com\/wp-content\/uploads\/2025\/08\/img-20250815-wa00423353946773980129420-300x300.jpg 300w, https:\/\/cacaunews.com\/wp-content\/uploads\/2025\/08\/img-20250815-wa00423353946773980129420-150x150.jpg 150w, https:\/\/cacaunews.com\/wp-content\/uploads\/2025\/08\/img-20250815-wa00423353946773980129420-768x768.jpg 768w\" sizes=\"(max-width: 1024px) 100vw, 1024px\" \/><\/figure>\n\n\n\n<p><br \/><br \/>Em breve ser\u00e1 divulgada a pr\u00f3xima reuni\u00e3o. Fique ligado nos canais oficiais e participe!<\/p>\n","protected":false},"excerpt":{"rendered":"<p>Na noite da \u00faltima ter\u00e7a-feira, 12 de Agosto, o Centro de Cultura Adonias Filho recebeu&#8230;<\/p>\n","protected":false},"author":1,"featured_media":6705,"comment_status":"open","ping_status":"open","sticky":false,"template":"","format":"standard","meta":{"footnotes":""},"categories":[18,31,11],"tags":[2390,34,27,2389,731],"yoast_head":"<!-- This site is optimized with the Yoast SEO plugin v21.7 - https:\/\/yoast.com\/wordpress\/plugins\/seo\/ -->\n<title>M\u00fasicos de Itabuna se re\u00fanem para fortalecer a classe e fundar associa\u00e7\u00e3o. - Cacau News<\/title>\n<meta name=\"robots\" content=\"index, follow, max-snippet:-1, max-image-preview:large, max-video-preview:-1\" \/>\n<link rel=\"canonical\" href=\"https:\/\/cacaunews.com\/?p=6707\" \/>\n<meta property=\"og:locale\" content=\"pt_BR\" \/>\n<meta property=\"og:type\" content=\"article\" \/>\n<meta property=\"og:title\" content=\"M\u00fasicos de Itabuna se re\u00fanem para fortalecer a classe e fundar associa\u00e7\u00e3o. - Cacau News\" \/>\n<meta property=\"og:description\" content=\"Na noite da \u00faltima ter\u00e7a-feira, 12 de Agosto, o Centro de Cultura Adonias Filho recebeu...\" \/>\n<meta property=\"og:url\" content=\"https:\/\/cacaunews.com\/?p=6707\" \/>\n<meta property=\"og:site_name\" content=\"Cacau News\" \/>\n<meta property=\"article:published_time\" content=\"2025-08-15T14:00:06+00:00\" \/>\n<meta property=\"article:modified_time\" content=\"2025-08-15T18:28:20+00:00\" \/>\n<meta property=\"og:image\" content=\"https:\/\/cacaunews.com\/wp-content\/uploads\/2025\/08\/IMG-20250815-WA0044-scaled.jpg\" \/>\n\t<meta property=\"og:image:width\" content=\"2560\" \/>\n\t<meta property=\"og:image:height\" content=\"1920\" \/>\n\t<meta property=\"og:image:type\" content=\"image\/jpeg\" \/>\n<meta name=\"author\" content=\"Reda\u00e7\u00e3o Cacau News\" \/>\n<meta name=\"twitter:card\" content=\"summary_large_image\" \/>\n<meta name=\"twitter:label1\" content=\"Escrito por\" \/>\n\t<meta name=\"twitter:data1\" content=\"Reda\u00e7\u00e3o Cacau News\" \/>\n\t<meta name=\"twitter:label2\" content=\"Est. tempo de leitura\" \/>\n\t<meta name=\"twitter:data2\" content=\"1 minuto\" \/>\n<script type=\"application\/ld+json\" class=\"yoast-schema-graph\">{\"@context\":\"https:\/\/schema.org\",\"@graph\":[{\"@type\":\"Article\",\"@id\":\"https:\/\/cacaunews.com\/?p=6707#article\",\"isPartOf\":{\"@id\":\"https:\/\/cacaunews.com\/?p=6707\"},\"author\":{\"name\":\"Reda\u00e7\u00e3o Cacau News\",\"@id\":\"https:\/\/cacaunews.com\/#\/schema\/person\/ea69703103e606ad347ccd64bd72ef79\"},\"headline\":\"M\u00fasicos de Itabuna se re\u00fanem para fortalecer a classe e fundar associa\u00e7\u00e3o.\",\"datePublished\":\"2025-08-15T14:00:06+00:00\",\"dateModified\":\"2025-08-15T18:28:20+00:00\",\"mainEntityOfPage\":{\"@id\":\"https:\/\/cacaunews.com\/?p=6707\"},\"wordCount\":307,\"commentCount\":0,\"publisher\":{\"@id\":\"https:\/\/cacaunews.com\/#organization\"},\"keywords\":[\"AMUI\",\"cultura\",\"itabuna\",\"m\u00fasicos\",\"reuni\u00e3o\"],\"articleSection\":[\"cidades\",\"Cultura\",\"Jornalismo\"],\"inLanguage\":\"pt-BR\",\"potentialAction\":[{\"@type\":\"CommentAction\",\"name\":\"Comment\",\"target\":[\"https:\/\/cacaunews.com\/?p=6707#respond\"]}]},{\"@type\":\"WebPage\",\"@id\":\"https:\/\/cacaunews.com\/?p=6707\",\"url\":\"https:\/\/cacaunews.com\/?p=6707\",\"name\":\"M\u00fasicos de Itabuna se re\u00fanem para fortalecer a classe e fundar associa\u00e7\u00e3o. - Cacau News\",\"isPartOf\":{\"@id\":\"https:\/\/cacaunews.com\/#website\"},\"datePublished\":\"2025-08-15T14:00:06+00:00\",\"dateModified\":\"2025-08-15T18:28:20+00:00\",\"breadcrumb\":{\"@id\":\"https:\/\/cacaunews.com\/?p=6707#breadcrumb\"},\"inLanguage\":\"pt-BR\",\"potentialAction\":[{\"@type\":\"ReadAction\",\"target\":[\"https:\/\/cacaunews.com\/?p=6707\"]}]},{\"@type\":\"BreadcrumbList\",\"@id\":\"https:\/\/cacaunews.com\/?p=6707#breadcrumb\",\"itemListElement\":[{\"@type\":\"ListItem\",\"position\":1,\"name\":\"In\u00edcio\",\"item\":\"https:\/\/cacaunews.com\/\"},{\"@type\":\"ListItem\",\"position\":2,\"name\":\"M\u00fasicos de Itabuna se re\u00fanem para fortalecer a classe e fundar associa\u00e7\u00e3o.\"}]},{\"@type\":\"WebSite\",\"@id\":\"https:\/\/cacaunews.com\/#website\",\"url\":\"https:\/\/cacaunews.com\/\",\"name\":\"Cacau News\",\"description\":\"A Informa\u00e7\u00e3o que voc\u00ea precisa!\",\"publisher\":{\"@id\":\"https:\/\/cacaunews.com\/#organization\"},\"potentialAction\":[{\"@type\":\"SearchAction\",\"target\":{\"@type\":\"EntryPoint\",\"urlTemplate\":\"https:\/\/cacaunews.com\/?s={search_term_string}\"},\"query-input\":\"required name=search_term_string\"}],\"inLanguage\":\"pt-BR\"},{\"@type\":\"Organization\",\"@id\":\"https:\/\/cacaunews.com\/#organization\",\"name\":\"Cacau News\",\"url\":\"https:\/\/cacaunews.com\/\",\"logo\":{\"@type\":\"ImageObject\",\"inLanguage\":\"pt-BR\",\"@id\":\"https:\/\/cacaunews.com\/#\/schema\/logo\/image\/\",\"url\":\"https:\/\/cacaunews.com\/wp-content\/uploads\/2025\/01\/cropped-LOGO-NOVA.png\",\"contentUrl\":\"https:\/\/cacaunews.com\/wp-content\/uploads\/2025\/01\/cropped-LOGO-NOVA.png\",\"width\":813,\"height\":813,\"caption\":\"Cacau News\"},\"image\":{\"@id\":\"https:\/\/cacaunews.com\/#\/schema\/logo\/image\/\"},\"sameAs\":[\"https:\/\/www.instagram.com\/cacaunews.online\/\",\"https:\/\/youtube.com\/@cacaunews?si=0VXLnjl08SrWbVG9\"]},{\"@type\":\"Person\",\"@id\":\"https:\/\/cacaunews.com\/#\/schema\/person\/ea69703103e606ad347ccd64bd72ef79\",\"name\":\"Reda\u00e7\u00e3o Cacau News\",\"image\":{\"@type\":\"ImageObject\",\"inLanguage\":\"pt-BR\",\"@id\":\"https:\/\/cacaunews.com\/#\/schema\/person\/image\/\",\"url\":\"https:\/\/secure.gravatar.com\/avatar\/d79227a2a7b6cc42e8d7a8f7c284cd3a?s=96&d=mm&r=g\",\"contentUrl\":\"https:\/\/secure.gravatar.com\/avatar\/d79227a2a7b6cc42e8d7a8f7c284cd3a?s=96&d=mm&r=g\",\"caption\":\"Reda\u00e7\u00e3o Cacau News\"},\"sameAs\":[\"https:\/\/cacaunews.com\"],\"url\":\"https:\/\/cacaunews.com\/?author=1\"}]}<\/script>\n<!-- \/ Yoast SEO plugin. -->","yoast_head_json":{"title":"M\u00fasicos de Itabuna se re\u00fanem para fortalecer a classe e fundar associa\u00e7\u00e3o. - Cacau News","robots":{"index":"index","follow":"follow","max-snippet":"max-snippet:-1","max-image-preview":"max-image-preview:large","max-video-preview":"max-video-preview:-1"},"canonical":"https:\/\/cacaunews.com\/?p=6707","og_locale":"pt_BR","og_type":"article","og_title":"M\u00fasicos de Itabuna se re\u00fanem para fortalecer a classe e fundar associa\u00e7\u00e3o. - Cacau News","og_description":"Na noite da \u00faltima ter\u00e7a-feira, 12 de Agosto, o Centro de Cultura Adonias Filho recebeu...","og_url":"https:\/\/cacaunews.com\/?p=6707","og_site_name":"Cacau News","article_published_time":"2025-08-15T14:00:06+00:00","article_modified_time":"2025-08-15T18:28:20+00:00","og_image":[{"width":2560,"height":1920,"url":"https:\/\/cacaunews.com\/wp-content\/uploads\/2025\/08\/IMG-20250815-WA0044-scaled.jpg","type":"image\/jpeg"}],"author":"Reda\u00e7\u00e3o Cacau News","twitter_card":"summary_large_image","twitter_misc":{"Escrito por":"Reda\u00e7\u00e3o Cacau News","Est. tempo de leitura":"1 minuto"},"schema":{"@context":"https:\/\/schema.org","@graph":[{"@type":"Article","@id":"https:\/\/cacaunews.com\/?p=6707#article","isPartOf":{"@id":"https:\/\/cacaunews.com\/?p=6707"},"author":{"name":"Reda\u00e7\u00e3o Cacau News","@id":"https:\/\/cacaunews.com\/#\/schema\/person\/ea69703103e606ad347ccd64bd72ef79"},"headline":"M\u00fasicos de Itabuna se re\u00fanem para fortalecer a classe e fundar associa\u00e7\u00e3o.","datePublished":"2025-08-15T14:00:06+00:00","dateModified":"2025-08-15T18:28:20+00:00","mainEntityOfPage":{"@id":"https:\/\/cacaunews.com\/?p=6707"},"wordCount":307,"commentCount":0,"publisher":{"@id":"https:\/\/cacaunews.com\/#organization"},"keywords":["AMUI","cultura","itabuna","m\u00fasicos","reuni\u00e3o"],"articleSection":["cidades","Cultura","Jornalismo"],"inLanguage":"pt-BR","potentialAction":[{"@type":"CommentAction","name":"Comment","target":["https:\/\/cacaunews.com\/?p=6707#respond"]}]},{"@type":"WebPage","@id":"https:\/\/cacaunews.com\/?p=6707","url":"https:\/\/cacaunews.com\/?p=6707","name":"M\u00fasicos de Itabuna se re\u00fanem para fortalecer a classe e fundar associa\u00e7\u00e3o. - Cacau News","isPartOf":{"@id":"https:\/\/cacaunews.com\/#website"},"datePublished":"2025-08-15T14:00:06+00:00","dateModified":"2025-08-15T18:28:20+00:00","breadcrumb":{"@id":"https:\/\/cacaunews.com\/?p=6707#breadcrumb"},"inLanguage":"pt-BR","potentialAction":[{"@type":"ReadAction","target":["https:\/\/cacaunews.com\/?p=6707"]}]},{"@type":"BreadcrumbList","@id":"https:\/\/cacaunews.com\/?p=6707#breadcrumb","itemListElement":[{"@type":"ListItem","position":1,"name":"In\u00edcio","item":"https:\/\/cacaunews.com\/"},{"@type":"ListItem","position":2,"name":"M\u00fasicos de Itabuna se re\u00fanem para fortalecer a classe e fundar associa\u00e7\u00e3o."}]},{"@type":"WebSite","@id":"https:\/\/cacaunews.com\/#website","url":"https:\/\/cacaunews.com\/","name":"Cacau News","description":"A Informa\u00e7\u00e3o que voc\u00ea precisa!","publisher":{"@id":"https:\/\/cacaunews.com\/#organization"},"potentialAction":[{"@type":"SearchAction","target":{"@type":"EntryPoint","urlTemplate":"https:\/\/cacaunews.com\/?s={search_term_string}"},"query-input":"required name=search_term_string"}],"inLanguage":"pt-BR"},{"@type":"Organization","@id":"https:\/\/cacaunews.com\/#organization","name":"Cacau News","url":"https:\/\/cacaunews.com\/","logo":{"@type":"ImageObject","inLanguage":"pt-BR","@id":"https:\/\/cacaunews.com\/#\/schema\/logo\/image\/","url":"https:\/\/cacaunews.com\/wp-content\/uploads\/2025\/01\/cropped-LOGO-NOVA.png","contentUrl":"https:\/\/cacaunews.com\/wp-content\/uploads\/2025\/01\/cropped-LOGO-NOVA.png","width":813,"height":813,"caption":"Cacau News"},"image":{"@id":"https:\/\/cacaunews.com\/#\/schema\/logo\/image\/"},"sameAs":["https:\/\/www.instagram.com\/cacaunews.online\/","https:\/\/youtube.com\/@cacaunews?si=0VXLnjl08SrWbVG9"]},{"@type":"Person","@id":"https:\/\/cacaunews.com\/#\/schema\/person\/ea69703103e606ad347ccd64bd72ef79","name":"Reda\u00e7\u00e3o Cacau News","image":{"@type":"ImageObject","inLanguage":"pt-BR","@id":"https:\/\/cacaunews.com\/#\/schema\/person\/image\/","url":"https:\/\/secure.gravatar.com\/avatar\/d79227a2a7b6cc42e8d7a8f7c284cd3a?s=96&d=mm&r=g","contentUrl":"https:\/\/secure.gravatar.com\/avatar\/d79227a2a7b6cc42e8d7a8f7c284cd3a?s=96&d=mm&r=g","caption":"Reda\u00e7\u00e3o Cacau News"},"sameAs":["https:\/\/cacaunews.com"],"url":"https:\/\/cacaunews.com\/?author=1"}]}},"jetpack_sharing_enabled":true,"jetpack_featured_media_url":"https:\/\/cacaunews.com\/wp-content\/uploads\/2025\/08\/IMG-20250815-WA0044-scaled.jpg","_links":{"self":[{"href":"https:\/\/cacaunews.com\/index.php?rest_route=\/wp\/v2\/posts\/6707"}],"collection":[{"href":"https:\/\/cacaunews.com\/index.php?rest_route=\/wp\/v2\/posts"}],"about":[{"href":"https:\/\/cacaunews.com\/index.php?rest_route=\/wp\/v2\/types\/post"}],"author":[{"embeddable":true,"href":"https:\/\/cacaunews.com\/index.php?rest_route=\/wp\/v2\/users\/1"}],"replies":[{"embeddable":true,"href":"https:\/\/cacaunews.com\/index.php?rest_route=%2Fwp%2Fv2%2Fcomments&post=6707"}],"version-history":[{"count":1,"href":"https:\/\/cacaunews.com\/index.php?rest_route=\/wp\/v2\/posts\/6707\/revisions"}],"predecessor-version":[{"id":6710,"href":"https:\/\/cacaunews.com\/index.php?rest_route=\/wp\/v2\/posts\/6707\/revisions\/6710"}],"wp:featuredmedia":[{"embeddable":true,"href":"https:\/\/cacaunews.com\/index.php?rest_route=\/wp\/v2\/media\/6705"}],"wp:attachment":[{"href":"https:\/\/cacaunews.com\/index.php?rest_route=%2Fwp%2Fv2%2Fmedia&parent=6707"}],"wp:term":[{"taxonomy":"category","embeddable":true,"href":"https:\/\/cacaunews.com\/index.php?rest_route=%2Fwp%2Fv2%2Fcategories&post=6707"},{"taxonomy":"post_tag","embeddable":true,"href":"https:\/\/cacaunews.com\/index.php?rest_route=%2Fwp%2Fv2%2Ftags&post=6707"}],"curies":[{"name":"wp","href":"https:\/\/api.w.org\/{rel}","templated":true}]}}