{"id":6730,"date":"2025-08-20T16:00:29","date_gmt":"2025-08-20T16:00:29","guid":{"rendered":"https:\/\/cacaunews.com\/?p=6730"},"modified":"2025-08-20T16:00:29","modified_gmt":"2025-08-20T16:00:29","slug":"marau-justica-determina-prisao-preventiva-de-suspeito-de-atropelar-e-matar-crianca-na-ba-001","status":"publish","type":"post","link":"https:\/\/cacaunews.com\/?p=6730","title":{"rendered":"Mara\u00fa: Justi\u00e7a determina pris\u00e3o preventiva de suspeito de atropelar e matar crian\u00e7a na BA 001."},"content":{"rendered":"\n<p>A Justi\u00e7a decretou, nesta quarta-feira (20), a pris\u00e3o preventiva de um homem de 66 anos, identificado pelas iniciais L.C.M., morador de Camamu, apontado como respons\u00e1vel pelo atropelamento que resultou na morte de uma crian\u00e7a de 13 anos no \u00faltimo s\u00e1bado (16), na rodovia BA-001, em trecho pertencente ao munic\u00edpio de Mara\u00fa.<br><br>De acordo com informa\u00e7\u00f5es, o motorista n\u00e3o prestou socorro e fugiu do local ap\u00f3s o acidente, fato que gerou como\u00e7\u00e3o e revolta entre moradores da regi\u00e3o. Imagens registradas por populares logo ap\u00f3s o atropelamento mostram o suspeito deixando a cena sem auxiliar a v\u00edtima.<\/p>\n\n\n\n<p>As investiga\u00e7\u00f5es conduzidas pela delegada de Mara\u00fa, Dra. Carla Ramos, foram essenciais para a identifica\u00e7\u00e3o do condutor. Atrav\u00e9s da placa do ve\u00edculo, a pol\u00edcia chegou at\u00e9 o suspeito, que compareceu \u00e0 delegacia de Mara\u00fa na \u00faltima ter\u00e7a-feira (19), acompanhado de advogado, sendo liberado ap\u00f3s prestar depoimento.<br><br>Na opera\u00e7\u00e3o desta quarta-feira (20), a pol\u00edcia localizou em Camamu o carro envolvido no acidente. O ve\u00edculo foi apreendido e encaminhado para per\u00edcia em Mara\u00fa, medida que servir\u00e1 para refor\u00e7ar a coleta de provas no inqu\u00e9rito.<br><br>Com a decis\u00e3o judicial, o acusado permanece sob cust\u00f3dia e \u00e0 disposi\u00e7\u00e3o do Poder Judici\u00e1rio. A a\u00e7\u00e3o conjunta das pol\u00edcias civis de Mara\u00fa e Ilh\u00e9us, sob coordena\u00e7\u00e3o da delegada Carla Ramos, evidencia o esfor\u00e7o das autoridades em garantir que crimes dessa gravidade n\u00e3o fiquem impunes.<\/p>\n\n\n\n<p>Com Informa\u00e7\u00f5es Ipolitica.<\/p>\n","protected":false},"excerpt":{"rendered":"<p>A Justi\u00e7a decretou, nesta quarta-feira (20), a pris\u00e3o preventiva de um homem de 66 anos,&#8230;<\/p>\n","protected":false},"author":1,"featured_media":6729,"comment_status":"open","ping_status":"open","sticky":false,"template":"","format":"standard","meta":{"footnotes":""},"categories":[18,11,1988],"tags":[1388,596,1590,2395],"yoast_head":"<!-- This site is optimized with the Yoast SEO plugin v21.7 - https:\/\/yoast.com\/wordpress\/plugins\/seo\/ -->\n<title>Mara\u00fa: Justi\u00e7a determina pris\u00e3o preventiva de suspeito de atropelar e matar crian\u00e7a na BA 001. - Cacau News<\/title>\n<meta name=\"robots\" content=\"index, follow, max-snippet:-1, max-image-preview:large, max-video-preview:-1\" \/>\n<link rel=\"canonical\" href=\"https:\/\/cacaunews.com\/?p=6730\" \/>\n<meta property=\"og:locale\" content=\"pt_BR\" \/>\n<meta property=\"og:type\" content=\"article\" \/>\n<meta property=\"og:title\" content=\"Mara\u00fa: Justi\u00e7a determina pris\u00e3o preventiva de suspeito de atropelar e matar crian\u00e7a na BA 001. - Cacau News\" \/>\n<meta property=\"og:description\" content=\"A Justi\u00e7a decretou, nesta quarta-feira (20), a pris\u00e3o preventiva de um homem de 66 anos,...\" \/>\n<meta property=\"og:url\" content=\"https:\/\/cacaunews.com\/?p=6730\" \/>\n<meta property=\"og:site_name\" content=\"Cacau News\" \/>\n<meta property=\"article:published_time\" content=\"2025-08-20T16:00:29+00:00\" \/>\n<meta name=\"author\" content=\"Reda\u00e7\u00e3o Cacau News\" \/>\n<meta name=\"twitter:card\" content=\"summary_large_image\" \/>\n<meta name=\"twitter:label1\" content=\"Escrito por\" \/>\n\t<meta name=\"twitter:data1\" content=\"Reda\u00e7\u00e3o Cacau News\" \/>\n\t<meta name=\"twitter:label2\" content=\"Est. tempo de leitura\" \/>\n\t<meta name=\"twitter:data2\" content=\"1 minuto\" \/>\n<script type=\"application\/ld+json\" class=\"yoast-schema-graph\">{\"@context\":\"https:\/\/schema.org\",\"@graph\":[{\"@type\":\"Article\",\"@id\":\"https:\/\/cacaunews.com\/?p=6730#article\",\"isPartOf\":{\"@id\":\"https:\/\/cacaunews.com\/?p=6730\"},\"author\":{\"name\":\"Reda\u00e7\u00e3o Cacau News\",\"@id\":\"https:\/\/cacaunews.com\/#\/schema\/person\/ea69703103e606ad347ccd64bd72ef79\"},\"headline\":\"Mara\u00fa: Justi\u00e7a determina pris\u00e3o preventiva de suspeito de atropelar e matar crian\u00e7a na BA 001.\",\"datePublished\":\"2025-08-20T16:00:29+00:00\",\"dateModified\":\"2025-08-20T16:00:29+00:00\",\"mainEntityOfPage\":{\"@id\":\"https:\/\/cacaunews.com\/?p=6730\"},\"wordCount\":273,\"commentCount\":0,\"publisher\":{\"@id\":\"https:\/\/cacaunews.com\/#organization\"},\"keywords\":[\"atropelamento\",\"BA 001\",\"mara\u00fa\",\"pris\u00e3o preventiva\"],\"articleSection\":[\"cidades\",\"Jornalismo\",\"Pol\u00edcia\"],\"inLanguage\":\"pt-BR\",\"potentialAction\":[{\"@type\":\"CommentAction\",\"name\":\"Comment\",\"target\":[\"https:\/\/cacaunews.com\/?p=6730#respond\"]}]},{\"@type\":\"WebPage\",\"@id\":\"https:\/\/cacaunews.com\/?p=6730\",\"url\":\"https:\/\/cacaunews.com\/?p=6730\",\"name\":\"Mara\u00fa: Justi\u00e7a determina pris\u00e3o preventiva de suspeito de atropelar e matar crian\u00e7a na BA 001. - Cacau News\",\"isPartOf\":{\"@id\":\"https:\/\/cacaunews.com\/#website\"},\"datePublished\":\"2025-08-20T16:00:29+00:00\",\"dateModified\":\"2025-08-20T16:00:29+00:00\",\"breadcrumb\":{\"@id\":\"https:\/\/cacaunews.com\/?p=6730#breadcrumb\"},\"inLanguage\":\"pt-BR\",\"potentialAction\":[{\"@type\":\"ReadAction\",\"target\":[\"https:\/\/cacaunews.com\/?p=6730\"]}]},{\"@type\":\"BreadcrumbList\",\"@id\":\"https:\/\/cacaunews.com\/?p=6730#breadcrumb\",\"itemListElement\":[{\"@type\":\"ListItem\",\"position\":1,\"name\":\"In\u00edcio\",\"item\":\"https:\/\/cacaunews.com\/\"},{\"@type\":\"ListItem\",\"position\":2,\"name\":\"Mara\u00fa: Justi\u00e7a determina pris\u00e3o preventiva de suspeito de atropelar e matar crian\u00e7a na BA 001.\"}]},{\"@type\":\"WebSite\",\"@id\":\"https:\/\/cacaunews.com\/#website\",\"url\":\"https:\/\/cacaunews.com\/\",\"name\":\"Cacau News\",\"description\":\"A Informa\u00e7\u00e3o que voc\u00ea precisa!\",\"publisher\":{\"@id\":\"https:\/\/cacaunews.com\/#organization\"},\"potentialAction\":[{\"@type\":\"SearchAction\",\"target\":{\"@type\":\"EntryPoint\",\"urlTemplate\":\"https:\/\/cacaunews.com\/?s={search_term_string}\"},\"query-input\":\"required name=search_term_string\"}],\"inLanguage\":\"pt-BR\"},{\"@type\":\"Organization\",\"@id\":\"https:\/\/cacaunews.com\/#organization\",\"name\":\"Cacau News\",\"url\":\"https:\/\/cacaunews.com\/\",\"logo\":{\"@type\":\"ImageObject\",\"inLanguage\":\"pt-BR\",\"@id\":\"https:\/\/cacaunews.com\/#\/schema\/logo\/image\/\",\"url\":\"https:\/\/cacaunews.com\/wp-content\/uploads\/2025\/01\/cropped-LOGO-NOVA.png\",\"contentUrl\":\"https:\/\/cacaunews.com\/wp-content\/uploads\/2025\/01\/cropped-LOGO-NOVA.png\",\"width\":813,\"height\":813,\"caption\":\"Cacau News\"},\"image\":{\"@id\":\"https:\/\/cacaunews.com\/#\/schema\/logo\/image\/\"},\"sameAs\":[\"https:\/\/www.instagram.com\/cacaunews.online\/\",\"https:\/\/youtube.com\/@cacaunews?si=0VXLnjl08SrWbVG9\"]},{\"@type\":\"Person\",\"@id\":\"https:\/\/cacaunews.com\/#\/schema\/person\/ea69703103e606ad347ccd64bd72ef79\",\"name\":\"Reda\u00e7\u00e3o Cacau News\",\"image\":{\"@type\":\"ImageObject\",\"inLanguage\":\"pt-BR\",\"@id\":\"https:\/\/cacaunews.com\/#\/schema\/person\/image\/\",\"url\":\"https:\/\/secure.gravatar.com\/avatar\/d79227a2a7b6cc42e8d7a8f7c284cd3a?s=96&d=mm&r=g\",\"contentUrl\":\"https:\/\/secure.gravatar.com\/avatar\/d79227a2a7b6cc42e8d7a8f7c284cd3a?s=96&d=mm&r=g\",\"caption\":\"Reda\u00e7\u00e3o Cacau News\"},\"sameAs\":[\"https:\/\/cacaunews.com\"],\"url\":\"https:\/\/cacaunews.com\/?author=1\"}]}<\/script>\n<!-- \/ Yoast SEO plugin. -->","yoast_head_json":{"title":"Mara\u00fa: Justi\u00e7a determina pris\u00e3o preventiva de suspeito de atropelar e matar crian\u00e7a na BA 001. - Cacau News","robots":{"index":"index","follow":"follow","max-snippet":"max-snippet:-1","max-image-preview":"max-image-preview:large","max-video-preview":"max-video-preview:-1"},"canonical":"https:\/\/cacaunews.com\/?p=6730","og_locale":"pt_BR","og_type":"article","og_title":"Mara\u00fa: Justi\u00e7a determina pris\u00e3o preventiva de suspeito de atropelar e matar crian\u00e7a na BA 001. - Cacau News","og_description":"A Justi\u00e7a decretou, nesta quarta-feira (20), a pris\u00e3o preventiva de um homem de 66 anos,...","og_url":"https:\/\/cacaunews.com\/?p=6730","og_site_name":"Cacau News","article_published_time":"2025-08-20T16:00:29+00:00","author":"Reda\u00e7\u00e3o Cacau News","twitter_card":"summary_large_image","twitter_misc":{"Escrito por":"Reda\u00e7\u00e3o Cacau News","Est. tempo de leitura":"1 minuto"},"schema":{"@context":"https:\/\/schema.org","@graph":[{"@type":"Article","@id":"https:\/\/cacaunews.com\/?p=6730#article","isPartOf":{"@id":"https:\/\/cacaunews.com\/?p=6730"},"author":{"name":"Reda\u00e7\u00e3o Cacau News","@id":"https:\/\/cacaunews.com\/#\/schema\/person\/ea69703103e606ad347ccd64bd72ef79"},"headline":"Mara\u00fa: Justi\u00e7a determina pris\u00e3o preventiva de suspeito de atropelar e matar crian\u00e7a na BA 001.","datePublished":"2025-08-20T16:00:29+00:00","dateModified":"2025-08-20T16:00:29+00:00","mainEntityOfPage":{"@id":"https:\/\/cacaunews.com\/?p=6730"},"wordCount":273,"commentCount":0,"publisher":{"@id":"https:\/\/cacaunews.com\/#organization"},"keywords":["atropelamento","BA 001","mara\u00fa","pris\u00e3o preventiva"],"articleSection":["cidades","Jornalismo","Pol\u00edcia"],"inLanguage":"pt-BR","potentialAction":[{"@type":"CommentAction","name":"Comment","target":["https:\/\/cacaunews.com\/?p=6730#respond"]}]},{"@type":"WebPage","@id":"https:\/\/cacaunews.com\/?p=6730","url":"https:\/\/cacaunews.com\/?p=6730","name":"Mara\u00fa: Justi\u00e7a determina pris\u00e3o preventiva de suspeito de atropelar e matar crian\u00e7a na BA 001. - Cacau News","isPartOf":{"@id":"https:\/\/cacaunews.com\/#website"},"datePublished":"2025-08-20T16:00:29+00:00","dateModified":"2025-08-20T16:00:29+00:00","breadcrumb":{"@id":"https:\/\/cacaunews.com\/?p=6730#breadcrumb"},"inLanguage":"pt-BR","potentialAction":[{"@type":"ReadAction","target":["https:\/\/cacaunews.com\/?p=6730"]}]},{"@type":"BreadcrumbList","@id":"https:\/\/cacaunews.com\/?p=6730#breadcrumb","itemListElement":[{"@type":"ListItem","position":1,"name":"In\u00edcio","item":"https:\/\/cacaunews.com\/"},{"@type":"ListItem","position":2,"name":"Mara\u00fa: Justi\u00e7a determina pris\u00e3o preventiva de suspeito de atropelar e matar crian\u00e7a na BA 001."}]},{"@type":"WebSite","@id":"https:\/\/cacaunews.com\/#website","url":"https:\/\/cacaunews.com\/","name":"Cacau News","description":"A Informa\u00e7\u00e3o que voc\u00ea precisa!","publisher":{"@id":"https:\/\/cacaunews.com\/#organization"},"potentialAction":[{"@type":"SearchAction","target":{"@type":"EntryPoint","urlTemplate":"https:\/\/cacaunews.com\/?s={search_term_string}"},"query-input":"required name=search_term_string"}],"inLanguage":"pt-BR"},{"@type":"Organization","@id":"https:\/\/cacaunews.com\/#organization","name":"Cacau News","url":"https:\/\/cacaunews.com\/","logo":{"@type":"ImageObject","inLanguage":"pt-BR","@id":"https:\/\/cacaunews.com\/#\/schema\/logo\/image\/","url":"https:\/\/cacaunews.com\/wp-content\/uploads\/2025\/01\/cropped-LOGO-NOVA.png","contentUrl":"https:\/\/cacaunews.com\/wp-content\/uploads\/2025\/01\/cropped-LOGO-NOVA.png","width":813,"height":813,"caption":"Cacau News"},"image":{"@id":"https:\/\/cacaunews.com\/#\/schema\/logo\/image\/"},"sameAs":["https:\/\/www.instagram.com\/cacaunews.online\/","https:\/\/youtube.com\/@cacaunews?si=0VXLnjl08SrWbVG9"]},{"@type":"Person","@id":"https:\/\/cacaunews.com\/#\/schema\/person\/ea69703103e606ad347ccd64bd72ef79","name":"Reda\u00e7\u00e3o Cacau News","image":{"@type":"ImageObject","inLanguage":"pt-BR","@id":"https:\/\/cacaunews.com\/#\/schema\/person\/image\/","url":"https:\/\/secure.gravatar.com\/avatar\/d79227a2a7b6cc42e8d7a8f7c284cd3a?s=96&d=mm&r=g","contentUrl":"https:\/\/secure.gravatar.com\/avatar\/d79227a2a7b6cc42e8d7a8f7c284cd3a?s=96&d=mm&r=g","caption":"Reda\u00e7\u00e3o Cacau News"},"sameAs":["https:\/\/cacaunews.com"],"url":"https:\/\/cacaunews.com\/?author=1"}]}},"jetpack_sharing_enabled":true,"jetpack_featured_media_url":"https:\/\/cacaunews.com\/wp-content\/uploads\/2025\/08\/image28529.png","_links":{"self":[{"href":"https:\/\/cacaunews.com\/index.php?rest_route=\/wp\/v2\/posts\/6730"}],"collection":[{"href":"https:\/\/cacaunews.com\/index.php?rest_route=\/wp\/v2\/posts"}],"about":[{"href":"https:\/\/cacaunews.com\/index.php?rest_route=\/wp\/v2\/types\/post"}],"author":[{"embeddable":true,"href":"https:\/\/cacaunews.com\/index.php?rest_route=\/wp\/v2\/users\/1"}],"replies":[{"embeddable":true,"href":"https:\/\/cacaunews.com\/index.php?rest_route=%2Fwp%2Fv2%2Fcomments&post=6730"}],"version-history":[{"count":0,"href":"https:\/\/cacaunews.com\/index.php?rest_route=\/wp\/v2\/posts\/6730\/revisions"}],"wp:featuredmedia":[{"embeddable":true,"href":"https:\/\/cacaunews.com\/index.php?rest_route=\/wp\/v2\/media\/6729"}],"wp:attachment":[{"href":"https:\/\/cacaunews.com\/index.php?rest_route=%2Fwp%2Fv2%2Fmedia&parent=6730"}],"wp:term":[{"taxonomy":"category","embeddable":true,"href":"https:\/\/cacaunews.com\/index.php?rest_route=%2Fwp%2Fv2%2Fcategories&post=6730"},{"taxonomy":"post_tag","embeddable":true,"href":"https:\/\/cacaunews.com\/index.php?rest_route=%2Fwp%2Fv2%2Ftags&post=6730"}],"curies":[{"name":"wp","href":"https:\/\/api.w.org\/{rel}","templated":true}]}}