{"id":675,"date":"2023-01-19T19:45:25","date_gmt":"2023-01-19T19:45:25","guid":{"rendered":"https:\/\/cacaunews.com\/?p=675"},"modified":"2023-01-19T19:45:29","modified_gmt":"2023-01-19T19:45:29","slug":"presidente-do-solidariedade-admite-conversas-com-jeronimo-e-diz-que-partido-pode-migrar-para-a-base-governista","status":"publish","type":"post","link":"https:\/\/cacaunews.com\/?p=675","title":{"rendered":"Presidente do Solidariedade admite conversas com Jer\u00f4nimo e diz que partido pode migrar para a base governista."},"content":{"rendered":"\n<p>Presidente do Solidariedade na Bahia e deputado estadual eleito, Luciano Ara\u00fajo disse ao site\u00a0<strong>Pol\u00edtica Livre<\/strong>\u00a0que negocia a ades\u00e3o do partido \u00e0 base do governador Jer\u00f4nimo Rodrigues (PT). Nas elei\u00e7\u00f5es do ano passado, a sigla apoiou a candidatura do ex-prefeito de Salvador ACM Neto (Uni\u00e3o) ao Pal\u00e1cio de Ondina.<\/p>\n\n\n\n<p>\u201cEstamos conversando diretamente com o governador e com o secret\u00e1rio Luiz Caetano (Rela\u00e7\u00f5es Institucionais). Existe sim a possibilidade de apoiarmos o governo na Assembleia. Mas ainda n\u00e3o tomamos essa decis\u00e3o de forma definitiva. Seguimos dialogando\u201d, frisou.<\/p>\n\n\n\n<figure class=\"wp-block-image size-large\"><img fetchpriority=\"high\" decoding=\"async\" width=\"1024\" height=\"133\" src=\"https:\/\/cacaunews.com\/wp-content\/uploads\/2022\/12\/Divulgue-conosco-1024x133.png\" alt=\"\" class=\"wp-image-178\" srcset=\"https:\/\/cacaunews.com\/wp-content\/uploads\/2022\/12\/Divulgue-conosco-1024x133.png 1024w, https:\/\/cacaunews.com\/wp-content\/uploads\/2022\/12\/Divulgue-conosco-300x39.png 300w, https:\/\/cacaunews.com\/wp-content\/uploads\/2022\/12\/Divulgue-conosco-768x100.png 768w, https:\/\/cacaunews.com\/wp-content\/uploads\/2022\/12\/Divulgue-conosco-1536x200.png 1536w, https:\/\/cacaunews.com\/wp-content\/uploads\/2022\/12\/Divulgue-conosco.png 1920w\" sizes=\"(max-width: 1024px) 100vw, 1024px\" \/><\/figure>\n\n\n\n<p>O Solidariedade elegeu dois deputados estaduais. Al\u00e9m de Luciano Ara\u00fajo, a sigla emplacou na Assembleia Fabr\u00edcio Dias Nunes da Silva, mais conhecido como Pancadinha, que \u00e9 vereador em Itabuna e pretende ser candidato a prefeito do munic\u00edpio em 2024.<\/p>\n\n\n\n<p>Luciano Ara\u00fajo negou que o partido esteja interessado em cargos no segundo escal\u00e3o do governo. \u201cO que queremos \u00e9 ser tratados como qualquer outro aliado nas cidades. Por exemplo, em Concei\u00e7\u00e3o do Coit\u00e9, meu principal reduto eleitoral, quero receber o mesmo tratamento do deputado Alex da Piat\u00e3 (PSD). Pensamos no povo que nos elegeu da mesma forma\u201d, explicou o dirigente.<\/p>\n\n\n\n<p>Esse tratamento igual envolve, de acordo com o presidente estadual do Solidariedade, a distribui\u00e7\u00e3o de emendas e o preenchimento de cargos regionais, seguindo o crit\u00e9rio adotado pela base governista, que favorece os parlamentares mais bem votados na elei\u00e7\u00e3o anterior por localidade.<\/p>\n\n\n\n<p>Com informa\u00e7\u00f5es Pol\u00edtica Livre.<\/p>\n","protected":false},"excerpt":{"rendered":"<p>Presidente do Solidariedade na Bahia e deputado estadual eleito, Luciano Ara\u00fajo disse ao site\u00a0Pol\u00edtica Livre\u00a0que&#8230;<\/p>\n","protected":false},"author":1,"featured_media":674,"comment_status":"open","ping_status":"open","sticky":false,"template":"","format":"standard","meta":{"footnotes":""},"categories":[5],"tags":[208,210,209],"yoast_head":"<!-- This site is optimized with the Yoast SEO plugin v21.7 - https:\/\/yoast.com\/wordpress\/plugins\/seo\/ -->\n<title>Presidente do Solidariedade admite conversas com Jer\u00f4nimo e diz que partido pode migrar para a base governista. - Cacau News<\/title>\n<meta name=\"robots\" content=\"index, follow, max-snippet:-1, max-image-preview:large, max-video-preview:-1\" \/>\n<link rel=\"canonical\" href=\"https:\/\/cacaunews.com\/?p=675\" \/>\n<meta property=\"og:locale\" content=\"pt_BR\" \/>\n<meta property=\"og:type\" content=\"article\" \/>\n<meta property=\"og:title\" content=\"Presidente do Solidariedade admite conversas com Jer\u00f4nimo e diz que partido pode migrar para a base governista. - Cacau News\" \/>\n<meta property=\"og:description\" content=\"Presidente do Solidariedade na Bahia e deputado estadual eleito, Luciano Ara\u00fajo disse ao site\u00a0Pol\u00edtica Livre\u00a0que...\" \/>\n<meta property=\"og:url\" content=\"https:\/\/cacaunews.com\/?p=675\" \/>\n<meta property=\"og:site_name\" content=\"Cacau News\" \/>\n<meta property=\"article:published_time\" content=\"2023-01-19T19:45:25+00:00\" \/>\n<meta property=\"article:modified_time\" content=\"2023-01-19T19:45:29+00:00\" \/>\n<meta property=\"og:image\" content=\"https:\/\/cacaunews.com\/wp-content\/uploads\/2023\/01\/IMG_20230119_164325.jpg\" \/>\n\t<meta property=\"og:image:width\" content=\"958\" \/>\n\t<meta property=\"og:image:height\" content=\"740\" \/>\n\t<meta property=\"og:image:type\" content=\"image\/jpeg\" \/>\n<meta name=\"author\" content=\"Reda\u00e7\u00e3o Cacau News\" \/>\n<meta name=\"twitter:card\" content=\"summary_large_image\" \/>\n<meta name=\"twitter:label1\" content=\"Escrito por\" \/>\n\t<meta name=\"twitter:data1\" content=\"Reda\u00e7\u00e3o Cacau News\" \/>\n\t<meta name=\"twitter:label2\" content=\"Est. tempo de leitura\" \/>\n\t<meta name=\"twitter:data2\" content=\"1 minuto\" \/>\n<script type=\"application\/ld+json\" class=\"yoast-schema-graph\">{\"@context\":\"https:\/\/schema.org\",\"@graph\":[{\"@type\":\"Article\",\"@id\":\"https:\/\/cacaunews.com\/?p=675#article\",\"isPartOf\":{\"@id\":\"https:\/\/cacaunews.com\/?p=675\"},\"author\":{\"name\":\"Reda\u00e7\u00e3o Cacau News\",\"@id\":\"https:\/\/cacaunews.com\/#\/schema\/person\/ea69703103e606ad347ccd64bd72ef79\"},\"headline\":\"Presidente do Solidariedade admite conversas com Jer\u00f4nimo e diz que partido pode migrar para a base governista.\",\"datePublished\":\"2023-01-19T19:45:25+00:00\",\"dateModified\":\"2023-01-19T19:45:29+00:00\",\"mainEntityOfPage\":{\"@id\":\"https:\/\/cacaunews.com\/?p=675\"},\"wordCount\":267,\"commentCount\":0,\"publisher\":{\"@id\":\"https:\/\/cacaunews.com\/#organization\"},\"keywords\":[\"apoio\",\"Luciano Ara\u00fajo\",\"Solidariedade\"],\"articleSection\":[\"Politica\"],\"inLanguage\":\"pt-BR\",\"potentialAction\":[{\"@type\":\"CommentAction\",\"name\":\"Comment\",\"target\":[\"https:\/\/cacaunews.com\/?p=675#respond\"]}]},{\"@type\":\"WebPage\",\"@id\":\"https:\/\/cacaunews.com\/?p=675\",\"url\":\"https:\/\/cacaunews.com\/?p=675\",\"name\":\"Presidente do Solidariedade admite conversas com Jer\u00f4nimo e diz que partido pode migrar para a base governista. - Cacau News\",\"isPartOf\":{\"@id\":\"https:\/\/cacaunews.com\/#website\"},\"datePublished\":\"2023-01-19T19:45:25+00:00\",\"dateModified\":\"2023-01-19T19:45:29+00:00\",\"breadcrumb\":{\"@id\":\"https:\/\/cacaunews.com\/?p=675#breadcrumb\"},\"inLanguage\":\"pt-BR\",\"potentialAction\":[{\"@type\":\"ReadAction\",\"target\":[\"https:\/\/cacaunews.com\/?p=675\"]}]},{\"@type\":\"BreadcrumbList\",\"@id\":\"https:\/\/cacaunews.com\/?p=675#breadcrumb\",\"itemListElement\":[{\"@type\":\"ListItem\",\"position\":1,\"name\":\"In\u00edcio\",\"item\":\"https:\/\/cacaunews.com\/\"},{\"@type\":\"ListItem\",\"position\":2,\"name\":\"Presidente do Solidariedade admite conversas com Jer\u00f4nimo e diz que partido pode migrar para a base governista.\"}]},{\"@type\":\"WebSite\",\"@id\":\"https:\/\/cacaunews.com\/#website\",\"url\":\"https:\/\/cacaunews.com\/\",\"name\":\"Cacau News\",\"description\":\"A Informa\u00e7\u00e3o que voc\u00ea precisa!\",\"publisher\":{\"@id\":\"https:\/\/cacaunews.com\/#organization\"},\"potentialAction\":[{\"@type\":\"SearchAction\",\"target\":{\"@type\":\"EntryPoint\",\"urlTemplate\":\"https:\/\/cacaunews.com\/?s={search_term_string}\"},\"query-input\":\"required name=search_term_string\"}],\"inLanguage\":\"pt-BR\"},{\"@type\":\"Organization\",\"@id\":\"https:\/\/cacaunews.com\/#organization\",\"name\":\"Cacau News\",\"url\":\"https:\/\/cacaunews.com\/\",\"logo\":{\"@type\":\"ImageObject\",\"inLanguage\":\"pt-BR\",\"@id\":\"https:\/\/cacaunews.com\/#\/schema\/logo\/image\/\",\"url\":\"https:\/\/cacaunews.com\/wp-content\/uploads\/2025\/01\/cropped-LOGO-NOVA.png\",\"contentUrl\":\"https:\/\/cacaunews.com\/wp-content\/uploads\/2025\/01\/cropped-LOGO-NOVA.png\",\"width\":813,\"height\":813,\"caption\":\"Cacau News\"},\"image\":{\"@id\":\"https:\/\/cacaunews.com\/#\/schema\/logo\/image\/\"},\"sameAs\":[\"https:\/\/www.instagram.com\/cacaunews.online\/\",\"https:\/\/youtube.com\/@cacaunews?si=0VXLnjl08SrWbVG9\"]},{\"@type\":\"Person\",\"@id\":\"https:\/\/cacaunews.com\/#\/schema\/person\/ea69703103e606ad347ccd64bd72ef79\",\"name\":\"Reda\u00e7\u00e3o Cacau News\",\"image\":{\"@type\":\"ImageObject\",\"inLanguage\":\"pt-BR\",\"@id\":\"https:\/\/cacaunews.com\/#\/schema\/person\/image\/\",\"url\":\"https:\/\/secure.gravatar.com\/avatar\/d79227a2a7b6cc42e8d7a8f7c284cd3a?s=96&d=mm&r=g\",\"contentUrl\":\"https:\/\/secure.gravatar.com\/avatar\/d79227a2a7b6cc42e8d7a8f7c284cd3a?s=96&d=mm&r=g\",\"caption\":\"Reda\u00e7\u00e3o Cacau News\"},\"sameAs\":[\"https:\/\/cacaunews.com\"],\"url\":\"https:\/\/cacaunews.com\/?author=1\"}]}<\/script>\n<!-- \/ Yoast SEO plugin. -->","yoast_head_json":{"title":"Presidente do Solidariedade admite conversas com Jer\u00f4nimo e diz que partido pode migrar para a base governista. - Cacau News","robots":{"index":"index","follow":"follow","max-snippet":"max-snippet:-1","max-image-preview":"max-image-preview:large","max-video-preview":"max-video-preview:-1"},"canonical":"https:\/\/cacaunews.com\/?p=675","og_locale":"pt_BR","og_type":"article","og_title":"Presidente do Solidariedade admite conversas com Jer\u00f4nimo e diz que partido pode migrar para a base governista. - Cacau News","og_description":"Presidente do Solidariedade na Bahia e deputado estadual eleito, Luciano Ara\u00fajo disse ao site\u00a0Pol\u00edtica Livre\u00a0que...","og_url":"https:\/\/cacaunews.com\/?p=675","og_site_name":"Cacau News","article_published_time":"2023-01-19T19:45:25+00:00","article_modified_time":"2023-01-19T19:45:29+00:00","og_image":[{"width":958,"height":740,"url":"https:\/\/cacaunews.com\/wp-content\/uploads\/2023\/01\/IMG_20230119_164325.jpg","type":"image\/jpeg"}],"author":"Reda\u00e7\u00e3o Cacau News","twitter_card":"summary_large_image","twitter_misc":{"Escrito por":"Reda\u00e7\u00e3o Cacau News","Est. tempo de leitura":"1 minuto"},"schema":{"@context":"https:\/\/schema.org","@graph":[{"@type":"Article","@id":"https:\/\/cacaunews.com\/?p=675#article","isPartOf":{"@id":"https:\/\/cacaunews.com\/?p=675"},"author":{"name":"Reda\u00e7\u00e3o Cacau News","@id":"https:\/\/cacaunews.com\/#\/schema\/person\/ea69703103e606ad347ccd64bd72ef79"},"headline":"Presidente do Solidariedade admite conversas com Jer\u00f4nimo e diz que partido pode migrar para a base governista.","datePublished":"2023-01-19T19:45:25+00:00","dateModified":"2023-01-19T19:45:29+00:00","mainEntityOfPage":{"@id":"https:\/\/cacaunews.com\/?p=675"},"wordCount":267,"commentCount":0,"publisher":{"@id":"https:\/\/cacaunews.com\/#organization"},"keywords":["apoio","Luciano Ara\u00fajo","Solidariedade"],"articleSection":["Politica"],"inLanguage":"pt-BR","potentialAction":[{"@type":"CommentAction","name":"Comment","target":["https:\/\/cacaunews.com\/?p=675#respond"]}]},{"@type":"WebPage","@id":"https:\/\/cacaunews.com\/?p=675","url":"https:\/\/cacaunews.com\/?p=675","name":"Presidente do Solidariedade admite conversas com Jer\u00f4nimo e diz que partido pode migrar para a base governista. - Cacau News","isPartOf":{"@id":"https:\/\/cacaunews.com\/#website"},"datePublished":"2023-01-19T19:45:25+00:00","dateModified":"2023-01-19T19:45:29+00:00","breadcrumb":{"@id":"https:\/\/cacaunews.com\/?p=675#breadcrumb"},"inLanguage":"pt-BR","potentialAction":[{"@type":"ReadAction","target":["https:\/\/cacaunews.com\/?p=675"]}]},{"@type":"BreadcrumbList","@id":"https:\/\/cacaunews.com\/?p=675#breadcrumb","itemListElement":[{"@type":"ListItem","position":1,"name":"In\u00edcio","item":"https:\/\/cacaunews.com\/"},{"@type":"ListItem","position":2,"name":"Presidente do Solidariedade admite conversas com Jer\u00f4nimo e diz que partido pode migrar para a base governista."}]},{"@type":"WebSite","@id":"https:\/\/cacaunews.com\/#website","url":"https:\/\/cacaunews.com\/","name":"Cacau News","description":"A Informa\u00e7\u00e3o que voc\u00ea precisa!","publisher":{"@id":"https:\/\/cacaunews.com\/#organization"},"potentialAction":[{"@type":"SearchAction","target":{"@type":"EntryPoint","urlTemplate":"https:\/\/cacaunews.com\/?s={search_term_string}"},"query-input":"required name=search_term_string"}],"inLanguage":"pt-BR"},{"@type":"Organization","@id":"https:\/\/cacaunews.com\/#organization","name":"Cacau News","url":"https:\/\/cacaunews.com\/","logo":{"@type":"ImageObject","inLanguage":"pt-BR","@id":"https:\/\/cacaunews.com\/#\/schema\/logo\/image\/","url":"https:\/\/cacaunews.com\/wp-content\/uploads\/2025\/01\/cropped-LOGO-NOVA.png","contentUrl":"https:\/\/cacaunews.com\/wp-content\/uploads\/2025\/01\/cropped-LOGO-NOVA.png","width":813,"height":813,"caption":"Cacau News"},"image":{"@id":"https:\/\/cacaunews.com\/#\/schema\/logo\/image\/"},"sameAs":["https:\/\/www.instagram.com\/cacaunews.online\/","https:\/\/youtube.com\/@cacaunews?si=0VXLnjl08SrWbVG9"]},{"@type":"Person","@id":"https:\/\/cacaunews.com\/#\/schema\/person\/ea69703103e606ad347ccd64bd72ef79","name":"Reda\u00e7\u00e3o Cacau News","image":{"@type":"ImageObject","inLanguage":"pt-BR","@id":"https:\/\/cacaunews.com\/#\/schema\/person\/image\/","url":"https:\/\/secure.gravatar.com\/avatar\/d79227a2a7b6cc42e8d7a8f7c284cd3a?s=96&d=mm&r=g","contentUrl":"https:\/\/secure.gravatar.com\/avatar\/d79227a2a7b6cc42e8d7a8f7c284cd3a?s=96&d=mm&r=g","caption":"Reda\u00e7\u00e3o Cacau News"},"sameAs":["https:\/\/cacaunews.com"],"url":"https:\/\/cacaunews.com\/?author=1"}]}},"jetpack_sharing_enabled":true,"jetpack_featured_media_url":"https:\/\/cacaunews.com\/wp-content\/uploads\/2023\/01\/IMG_20230119_164325.jpg","_links":{"self":[{"href":"https:\/\/cacaunews.com\/index.php?rest_route=\/wp\/v2\/posts\/675"}],"collection":[{"href":"https:\/\/cacaunews.com\/index.php?rest_route=\/wp\/v2\/posts"}],"about":[{"href":"https:\/\/cacaunews.com\/index.php?rest_route=\/wp\/v2\/types\/post"}],"author":[{"embeddable":true,"href":"https:\/\/cacaunews.com\/index.php?rest_route=\/wp\/v2\/users\/1"}],"replies":[{"embeddable":true,"href":"https:\/\/cacaunews.com\/index.php?rest_route=%2Fwp%2Fv2%2Fcomments&post=675"}],"version-history":[{"count":1,"href":"https:\/\/cacaunews.com\/index.php?rest_route=\/wp\/v2\/posts\/675\/revisions"}],"predecessor-version":[{"id":676,"href":"https:\/\/cacaunews.com\/index.php?rest_route=\/wp\/v2\/posts\/675\/revisions\/676"}],"wp:featuredmedia":[{"embeddable":true,"href":"https:\/\/cacaunews.com\/index.php?rest_route=\/wp\/v2\/media\/674"}],"wp:attachment":[{"href":"https:\/\/cacaunews.com\/index.php?rest_route=%2Fwp%2Fv2%2Fmedia&parent=675"}],"wp:term":[{"taxonomy":"category","embeddable":true,"href":"https:\/\/cacaunews.com\/index.php?rest_route=%2Fwp%2Fv2%2Fcategories&post=675"},{"taxonomy":"post_tag","embeddable":true,"href":"https:\/\/cacaunews.com\/index.php?rest_route=%2Fwp%2Fv2%2Ftags&post=675"}],"curies":[{"name":"wp","href":"https:\/\/api.w.org\/{rel}","templated":true}]}}