{"id":6751,"date":"2025-08-25T17:00:37","date_gmt":"2025-08-25T17:00:37","guid":{"rendered":"https:\/\/cacaunews.com\/?p=6751"},"modified":"2025-08-25T17:00:37","modified_gmt":"2025-08-25T17:00:37","slug":"suspeito-de-chacina-nas-praias-do-milionario-e-preso-em-ilheus-e-confessa-participacao-no-crime","status":"publish","type":"post","link":"https:\/\/cacaunews.com\/?p=6751","title":{"rendered":"Suspeito de chacina nas praias do Milion\u00e1rio \u00e9 preso em Ilh\u00e9us e confessa participa\u00e7\u00e3o no crime."},"content":{"rendered":"\n<p> Um homem apontado como principal suspeito do assassinato de tr\u00eas mulheres nas praias do Milion\u00e1rio, em Ilh\u00e9us, foi preso na noite de domingo (24). Durante o interrogat\u00f3rio, ele admitiu participa\u00e7\u00e3o no crime que chocou a cidade.<br><br>De acordo com informa\u00e7\u00f5es policiais, o suspeito foi inicialmente detido por tr\u00e1fico de drogas. Ao chegar \u00e0 delegacia, no entanto, os investigadores descobriram que ele tamb\u00e9m havia espancado o companheiro, identificado apenas pelo prenome Lucas, na mesma regi\u00e3o onde as mulheres foram encontradas mortas. Lucas chegou a ser socorrido para o Hospital Regional Costa do Cacau, mas n\u00e3o resistiu aos ferimentos.<br><br>Ainda durante o depoimento, o homem, cujo nome n\u00e3o foi divulgado, confessou n\u00e3o apenas a agress\u00e3o contra Lucas, mas tamb\u00e9m envolvimento direto no assassinato das tr\u00eas v\u00edtimas: Alexsandra Oliveira Suzart, de 45 anos, Maria Helena do Nascimento Bastos, de 41, e sua filha, Mariana Bastos da Silva, de 20. Elas foram brutalmente mortas a facadas enquanto caminhavam pela orla acompanhadas de um cachorro, que foi resgatado com vida.<br><br>O crime, registrado h\u00e1 uma semana, gerou grande como\u00e7\u00e3o e mobilizou for\u00e7as policiais em uma opera\u00e7\u00e3o intensa de investiga\u00e7\u00e3o. At\u00e9 o momento, a pol\u00edcia n\u00e3o detalhou as circunst\u00e2ncias da pris\u00e3o nem confirmou se outras pessoas participaram da chacina.<br><br>O suspeito dever\u00e1 ser transferido para o Conjunto Penal de Itabuna. Novas informa\u00e7\u00f5es devem ser divulgadas conforme o avan\u00e7o das investiga\u00e7\u00f5es.<br><br>Com Informa\u00e7\u00f5es Verdinho.<\/p>\n","protected":false},"excerpt":{"rendered":"<p>Um homem apontado como principal suspeito do assassinato de tr\u00eas mulheres nas praias do Milion\u00e1rio,&#8230;<\/p>\n","protected":false},"author":1,"featured_media":6750,"comment_status":"open","ping_status":"open","sticky":false,"template":"","format":"standard","meta":{"footnotes":""},"categories":[18,11,1988],"tags":[2405,2281,37,889,2406],"yoast_head":"<!-- This site is optimized with the Yoast SEO plugin v21.7 - https:\/\/yoast.com\/wordpress\/plugins\/seo\/ -->\n<title>Suspeito de chacina nas praias do Milion\u00e1rio \u00e9 preso em Ilh\u00e9us e confessa participa\u00e7\u00e3o no crime. - Cacau News<\/title>\n<meta name=\"robots\" content=\"index, follow, max-snippet:-1, max-image-preview:large, max-video-preview:-1\" \/>\n<link rel=\"canonical\" href=\"https:\/\/cacaunews.com\/?p=6751\" \/>\n<meta property=\"og:locale\" content=\"pt_BR\" \/>\n<meta property=\"og:type\" content=\"article\" \/>\n<meta property=\"og:title\" content=\"Suspeito de chacina nas praias do Milion\u00e1rio \u00e9 preso em Ilh\u00e9us e confessa participa\u00e7\u00e3o no crime. - Cacau News\" \/>\n<meta property=\"og:description\" content=\"Um homem apontado como principal suspeito do assassinato de tr\u00eas mulheres nas praias do Milion\u00e1rio,...\" \/>\n<meta property=\"og:url\" content=\"https:\/\/cacaunews.com\/?p=6751\" \/>\n<meta property=\"og:site_name\" content=\"Cacau News\" \/>\n<meta property=\"article:published_time\" content=\"2025-08-25T17:00:37+00:00\" \/>\n<meta name=\"author\" content=\"Reda\u00e7\u00e3o Cacau News\" \/>\n<meta name=\"twitter:card\" content=\"summary_large_image\" \/>\n<meta name=\"twitter:label1\" content=\"Escrito por\" \/>\n\t<meta name=\"twitter:data1\" content=\"Reda\u00e7\u00e3o Cacau News\" \/>\n\t<meta name=\"twitter:label2\" content=\"Est. tempo de leitura\" \/>\n\t<meta name=\"twitter:data2\" content=\"1 minuto\" \/>\n<script type=\"application\/ld+json\" class=\"yoast-schema-graph\">{\"@context\":\"https:\/\/schema.org\",\"@graph\":[{\"@type\":\"Article\",\"@id\":\"https:\/\/cacaunews.com\/?p=6751#article\",\"isPartOf\":{\"@id\":\"https:\/\/cacaunews.com\/?p=6751\"},\"author\":{\"name\":\"Reda\u00e7\u00e3o Cacau News\",\"@id\":\"https:\/\/cacaunews.com\/#\/schema\/person\/ea69703103e606ad347ccd64bd72ef79\"},\"headline\":\"Suspeito de chacina nas praias do Milion\u00e1rio \u00e9 preso em Ilh\u00e9us e confessa participa\u00e7\u00e3o no crime.\",\"datePublished\":\"2025-08-25T17:00:37+00:00\",\"dateModified\":\"2025-08-25T17:00:37+00:00\",\"mainEntityOfPage\":{\"@id\":\"https:\/\/cacaunews.com\/?p=6751\"},\"wordCount\":268,\"commentCount\":0,\"publisher\":{\"@id\":\"https:\/\/cacaunews.com\/#organization\"},\"keywords\":[\"confesso\",\"homic\u00eddio\",\"ilheus\",\"preso\",\"r\u00e9u\"],\"articleSection\":[\"cidades\",\"Jornalismo\",\"Pol\u00edcia\"],\"inLanguage\":\"pt-BR\",\"potentialAction\":[{\"@type\":\"CommentAction\",\"name\":\"Comment\",\"target\":[\"https:\/\/cacaunews.com\/?p=6751#respond\"]}]},{\"@type\":\"WebPage\",\"@id\":\"https:\/\/cacaunews.com\/?p=6751\",\"url\":\"https:\/\/cacaunews.com\/?p=6751\",\"name\":\"Suspeito de chacina nas praias do Milion\u00e1rio \u00e9 preso em Ilh\u00e9us e confessa participa\u00e7\u00e3o no crime. - Cacau News\",\"isPartOf\":{\"@id\":\"https:\/\/cacaunews.com\/#website\"},\"datePublished\":\"2025-08-25T17:00:37+00:00\",\"dateModified\":\"2025-08-25T17:00:37+00:00\",\"breadcrumb\":{\"@id\":\"https:\/\/cacaunews.com\/?p=6751#breadcrumb\"},\"inLanguage\":\"pt-BR\",\"potentialAction\":[{\"@type\":\"ReadAction\",\"target\":[\"https:\/\/cacaunews.com\/?p=6751\"]}]},{\"@type\":\"BreadcrumbList\",\"@id\":\"https:\/\/cacaunews.com\/?p=6751#breadcrumb\",\"itemListElement\":[{\"@type\":\"ListItem\",\"position\":1,\"name\":\"In\u00edcio\",\"item\":\"https:\/\/cacaunews.com\/\"},{\"@type\":\"ListItem\",\"position\":2,\"name\":\"Suspeito de chacina nas praias do Milion\u00e1rio \u00e9 preso em Ilh\u00e9us e confessa participa\u00e7\u00e3o no crime.\"}]},{\"@type\":\"WebSite\",\"@id\":\"https:\/\/cacaunews.com\/#website\",\"url\":\"https:\/\/cacaunews.com\/\",\"name\":\"Cacau News\",\"description\":\"A Informa\u00e7\u00e3o que voc\u00ea precisa!\",\"publisher\":{\"@id\":\"https:\/\/cacaunews.com\/#organization\"},\"potentialAction\":[{\"@type\":\"SearchAction\",\"target\":{\"@type\":\"EntryPoint\",\"urlTemplate\":\"https:\/\/cacaunews.com\/?s={search_term_string}\"},\"query-input\":\"required name=search_term_string\"}],\"inLanguage\":\"pt-BR\"},{\"@type\":\"Organization\",\"@id\":\"https:\/\/cacaunews.com\/#organization\",\"name\":\"Cacau News\",\"url\":\"https:\/\/cacaunews.com\/\",\"logo\":{\"@type\":\"ImageObject\",\"inLanguage\":\"pt-BR\",\"@id\":\"https:\/\/cacaunews.com\/#\/schema\/logo\/image\/\",\"url\":\"https:\/\/cacaunews.com\/wp-content\/uploads\/2025\/01\/cropped-LOGO-NOVA.png\",\"contentUrl\":\"https:\/\/cacaunews.com\/wp-content\/uploads\/2025\/01\/cropped-LOGO-NOVA.png\",\"width\":813,\"height\":813,\"caption\":\"Cacau News\"},\"image\":{\"@id\":\"https:\/\/cacaunews.com\/#\/schema\/logo\/image\/\"},\"sameAs\":[\"https:\/\/www.instagram.com\/cacaunews.online\/\",\"https:\/\/youtube.com\/@cacaunews?si=0VXLnjl08SrWbVG9\"]},{\"@type\":\"Person\",\"@id\":\"https:\/\/cacaunews.com\/#\/schema\/person\/ea69703103e606ad347ccd64bd72ef79\",\"name\":\"Reda\u00e7\u00e3o Cacau News\",\"image\":{\"@type\":\"ImageObject\",\"inLanguage\":\"pt-BR\",\"@id\":\"https:\/\/cacaunews.com\/#\/schema\/person\/image\/\",\"url\":\"https:\/\/secure.gravatar.com\/avatar\/d79227a2a7b6cc42e8d7a8f7c284cd3a?s=96&d=mm&r=g\",\"contentUrl\":\"https:\/\/secure.gravatar.com\/avatar\/d79227a2a7b6cc42e8d7a8f7c284cd3a?s=96&d=mm&r=g\",\"caption\":\"Reda\u00e7\u00e3o Cacau News\"},\"sameAs\":[\"https:\/\/cacaunews.com\"],\"url\":\"https:\/\/cacaunews.com\/?author=1\"}]}<\/script>\n<!-- \/ Yoast SEO plugin. -->","yoast_head_json":{"title":"Suspeito de chacina nas praias do Milion\u00e1rio \u00e9 preso em Ilh\u00e9us e confessa participa\u00e7\u00e3o no crime. - Cacau News","robots":{"index":"index","follow":"follow","max-snippet":"max-snippet:-1","max-image-preview":"max-image-preview:large","max-video-preview":"max-video-preview:-1"},"canonical":"https:\/\/cacaunews.com\/?p=6751","og_locale":"pt_BR","og_type":"article","og_title":"Suspeito de chacina nas praias do Milion\u00e1rio \u00e9 preso em Ilh\u00e9us e confessa participa\u00e7\u00e3o no crime. - Cacau News","og_description":"Um homem apontado como principal suspeito do assassinato de tr\u00eas mulheres nas praias do Milion\u00e1rio,...","og_url":"https:\/\/cacaunews.com\/?p=6751","og_site_name":"Cacau News","article_published_time":"2025-08-25T17:00:37+00:00","author":"Reda\u00e7\u00e3o Cacau News","twitter_card":"summary_large_image","twitter_misc":{"Escrito por":"Reda\u00e7\u00e3o Cacau News","Est. tempo de leitura":"1 minuto"},"schema":{"@context":"https:\/\/schema.org","@graph":[{"@type":"Article","@id":"https:\/\/cacaunews.com\/?p=6751#article","isPartOf":{"@id":"https:\/\/cacaunews.com\/?p=6751"},"author":{"name":"Reda\u00e7\u00e3o Cacau News","@id":"https:\/\/cacaunews.com\/#\/schema\/person\/ea69703103e606ad347ccd64bd72ef79"},"headline":"Suspeito de chacina nas praias do Milion\u00e1rio \u00e9 preso em Ilh\u00e9us e confessa participa\u00e7\u00e3o no crime.","datePublished":"2025-08-25T17:00:37+00:00","dateModified":"2025-08-25T17:00:37+00:00","mainEntityOfPage":{"@id":"https:\/\/cacaunews.com\/?p=6751"},"wordCount":268,"commentCount":0,"publisher":{"@id":"https:\/\/cacaunews.com\/#organization"},"keywords":["confesso","homic\u00eddio","ilheus","preso","r\u00e9u"],"articleSection":["cidades","Jornalismo","Pol\u00edcia"],"inLanguage":"pt-BR","potentialAction":[{"@type":"CommentAction","name":"Comment","target":["https:\/\/cacaunews.com\/?p=6751#respond"]}]},{"@type":"WebPage","@id":"https:\/\/cacaunews.com\/?p=6751","url":"https:\/\/cacaunews.com\/?p=6751","name":"Suspeito de chacina nas praias do Milion\u00e1rio \u00e9 preso em Ilh\u00e9us e confessa participa\u00e7\u00e3o no crime. - Cacau News","isPartOf":{"@id":"https:\/\/cacaunews.com\/#website"},"datePublished":"2025-08-25T17:00:37+00:00","dateModified":"2025-08-25T17:00:37+00:00","breadcrumb":{"@id":"https:\/\/cacaunews.com\/?p=6751#breadcrumb"},"inLanguage":"pt-BR","potentialAction":[{"@type":"ReadAction","target":["https:\/\/cacaunews.com\/?p=6751"]}]},{"@type":"BreadcrumbList","@id":"https:\/\/cacaunews.com\/?p=6751#breadcrumb","itemListElement":[{"@type":"ListItem","position":1,"name":"In\u00edcio","item":"https:\/\/cacaunews.com\/"},{"@type":"ListItem","position":2,"name":"Suspeito de chacina nas praias do Milion\u00e1rio \u00e9 preso em Ilh\u00e9us e confessa participa\u00e7\u00e3o no crime."}]},{"@type":"WebSite","@id":"https:\/\/cacaunews.com\/#website","url":"https:\/\/cacaunews.com\/","name":"Cacau News","description":"A Informa\u00e7\u00e3o que voc\u00ea precisa!","publisher":{"@id":"https:\/\/cacaunews.com\/#organization"},"potentialAction":[{"@type":"SearchAction","target":{"@type":"EntryPoint","urlTemplate":"https:\/\/cacaunews.com\/?s={search_term_string}"},"query-input":"required name=search_term_string"}],"inLanguage":"pt-BR"},{"@type":"Organization","@id":"https:\/\/cacaunews.com\/#organization","name":"Cacau News","url":"https:\/\/cacaunews.com\/","logo":{"@type":"ImageObject","inLanguage":"pt-BR","@id":"https:\/\/cacaunews.com\/#\/schema\/logo\/image\/","url":"https:\/\/cacaunews.com\/wp-content\/uploads\/2025\/01\/cropped-LOGO-NOVA.png","contentUrl":"https:\/\/cacaunews.com\/wp-content\/uploads\/2025\/01\/cropped-LOGO-NOVA.png","width":813,"height":813,"caption":"Cacau News"},"image":{"@id":"https:\/\/cacaunews.com\/#\/schema\/logo\/image\/"},"sameAs":["https:\/\/www.instagram.com\/cacaunews.online\/","https:\/\/youtube.com\/@cacaunews?si=0VXLnjl08SrWbVG9"]},{"@type":"Person","@id":"https:\/\/cacaunews.com\/#\/schema\/person\/ea69703103e606ad347ccd64bd72ef79","name":"Reda\u00e7\u00e3o Cacau News","image":{"@type":"ImageObject","inLanguage":"pt-BR","@id":"https:\/\/cacaunews.com\/#\/schema\/person\/image\/","url":"https:\/\/secure.gravatar.com\/avatar\/d79227a2a7b6cc42e8d7a8f7c284cd3a?s=96&d=mm&r=g","contentUrl":"https:\/\/secure.gravatar.com\/avatar\/d79227a2a7b6cc42e8d7a8f7c284cd3a?s=96&d=mm&r=g","caption":"Reda\u00e7\u00e3o Cacau News"},"sameAs":["https:\/\/cacaunews.com"],"url":"https:\/\/cacaunews.com\/?author=1"}]}},"jetpack_sharing_enabled":true,"jetpack_featured_media_url":"https:\/\/cacaunews.com\/wp-content\/uploads\/2025\/08\/image_editor_output_image237274426-1756143720887.jpg","_links":{"self":[{"href":"https:\/\/cacaunews.com\/index.php?rest_route=\/wp\/v2\/posts\/6751"}],"collection":[{"href":"https:\/\/cacaunews.com\/index.php?rest_route=\/wp\/v2\/posts"}],"about":[{"href":"https:\/\/cacaunews.com\/index.php?rest_route=\/wp\/v2\/types\/post"}],"author":[{"embeddable":true,"href":"https:\/\/cacaunews.com\/index.php?rest_route=\/wp\/v2\/users\/1"}],"replies":[{"embeddable":true,"href":"https:\/\/cacaunews.com\/index.php?rest_route=%2Fwp%2Fv2%2Fcomments&post=6751"}],"version-history":[{"count":0,"href":"https:\/\/cacaunews.com\/index.php?rest_route=\/wp\/v2\/posts\/6751\/revisions"}],"wp:featuredmedia":[{"embeddable":true,"href":"https:\/\/cacaunews.com\/index.php?rest_route=\/wp\/v2\/media\/6750"}],"wp:attachment":[{"href":"https:\/\/cacaunews.com\/index.php?rest_route=%2Fwp%2Fv2%2Fmedia&parent=6751"}],"wp:term":[{"taxonomy":"category","embeddable":true,"href":"https:\/\/cacaunews.com\/index.php?rest_route=%2Fwp%2Fv2%2Fcategories&post=6751"},{"taxonomy":"post_tag","embeddable":true,"href":"https:\/\/cacaunews.com\/index.php?rest_route=%2Fwp%2Fv2%2Ftags&post=6751"}],"curies":[{"name":"wp","href":"https:\/\/api.w.org\/{rel}","templated":true}]}}