{"id":6763,"date":"2025-08-27T09:30:21","date_gmt":"2025-08-27T09:30:21","guid":{"rendered":"https:\/\/cacaunews.com\/?p=6763"},"modified":"2025-08-27T09:30:21","modified_gmt":"2025-08-27T09:30:21","slug":"itabuna-camara-aprova-convocacao-da-secretaria-de-infraestrutura","status":"publish","type":"post","link":"https:\/\/cacaunews.com\/?p=6763","title":{"rendered":"Itabuna: C\u00e2mara aprova convoca\u00e7\u00e3o da secret\u00e1ria de Infraestrutura."},"content":{"rendered":"\n<p>O Poder Legislativo de Itabuna aprovou, durante a sess\u00e3o plen\u00e1ria desta ter\u00e7a-feira (26), o requerimento apresentado pelo vereador Danilo da Nova Itabuna (UB) que solicita a convoca\u00e7\u00e3o da secret\u00e1ria de Infraestrutura e Urbanismo, S\u00f4nia Fontes.<br><br>A gestora dever\u00e1 comparecer ao Plen\u00e1rio Raymundo Lima, na pr\u00f3xima segunda-feira (1\u00ba de setembro), \u00e0s 15h, para prestar esclarecimentos sobre o processo de desocupa\u00e7\u00e3o da \u00e1rea da Bananeira e a assist\u00eancia prestada \u00e0s fam\u00edlias atingidas.<br><br>A proposta foi aprovada por 15 dos 17 vereadores presentes. Entre os parlamentares que declararam o voto em plen\u00e1rio, est\u00e3o Z\u00e9 Alberto (PSB), Ronald\u00e3o (Republicanos) e Manoel Porf\u00edrio (PT).<\/p>\n\n\n\n<figure class=\"wp-block-image size-large\"><img fetchpriority=\"high\" decoding=\"async\" width=\"1024\" height=\"576\" src=\"https:\/\/cacaunews.com\/wp-content\/uploads\/2025\/08\/danilo-da-nova-itabuna-ub-1536x8648541651460572557514-1-1024x576.jpg\" alt=\"\" class=\"wp-image-6761\" srcset=\"https:\/\/cacaunews.com\/wp-content\/uploads\/2025\/08\/danilo-da-nova-itabuna-ub-1536x8648541651460572557514-1-1024x576.jpg 1024w, https:\/\/cacaunews.com\/wp-content\/uploads\/2025\/08\/danilo-da-nova-itabuna-ub-1536x8648541651460572557514-1-300x169.jpg 300w, https:\/\/cacaunews.com\/wp-content\/uploads\/2025\/08\/danilo-da-nova-itabuna-ub-1536x8648541651460572557514-1-768x432.jpg 768w, https:\/\/cacaunews.com\/wp-content\/uploads\/2025\/08\/danilo-da-nova-itabuna-ub-1536x8648541651460572557514-1-1280x720.jpg 1280w, https:\/\/cacaunews.com\/wp-content\/uploads\/2025\/08\/danilo-da-nova-itabuna-ub-1536x8648541651460572557514-1.jpg 1536w\" sizes=\"(max-width: 1024px) 100vw, 1024px\" \/><\/figure>\n\n\n\n<p>O autor do requerimento, vereador Danilo da Nova Itabuna (UB), destacou a necessidade de informa\u00e7\u00f5es mais detalhadas sobre a situa\u00e7\u00e3o.<\/p>\n\n\n\n<p>\u201cTenho um compromisso com esta cidade. Este requerimento \u00e9 muito importante para que possamos debater e tirar algumas d\u00favidas. No mandato passado, aprovamos o aux\u00edlio-aluguel para diversas fam\u00edlias da Bananeira, da Rua de Palha e da Nova Itabuna, mas at\u00e9 hoje essas resid\u00eancias n\u00e3o foram entregues. \u00c9 preciso entender como est\u00e1 esse processo e como a Prefeitura tem tratado essas fam\u00edlias. A secret\u00e1ria S\u00f4nia \u00e9 muito importante neste momento, pois trar\u00e1 os esclarecimentos sobre os recursos que foram debitados na conta da Prefeitura. N\u00e3o sou contra a retirada das fam\u00edlias da beira do rio, mas defendo que elas tenham um espa\u00e7o digno. Este pedido n\u00e3o \u00e9 para polemizar, mas para garantir transpar\u00eancia\u201d, afirmou.<\/p>\n\n\n\n<p>O vereador Z\u00e9 Alberto (PSB) tamb\u00e9m se posicionou favoravelmente:<br><br>\u201cUm requerimento por explica\u00e7\u00f5es escritas poderia resolver o problema. Mas acredito que seja uma mat\u00e9ria relevante, e n\u00e3o vejo motivo para que a secret\u00e1ria n\u00e3o compare\u00e7a. \u00c9 uma oportunidade de esclarecer n\u00e3o s\u00f3 para esta Casa, mas para toda a popula\u00e7\u00e3o as medidas que foram adotadas. Por isso, votei sim.\u201d<\/p>\n\n\n\n<p>J\u00e1 o vereador Ronald\u00e3o (Republicanos) lembrou que a secret\u00e1ria j\u00e1 esteve na C\u00e2mara recentemente, votou n\u00e3o, mas defendeu o direito de convoca\u00e7\u00e3o:<br><br>\u201cPoucos dias atr\u00e1s, a doutora S\u00f4nia esteve aqui, a convite do vereador Sivaldo Reis, e respondeu a todas as perguntas. Por\u00e9m, o vereador Danilo tem raz\u00e3o ao querer novas explica\u00e7\u00f5es. Acho que a convoca\u00e7\u00e3o \u00e0s vezes desgasta, mas entendo que \u00e9 direito do vereador. Quando o secret\u00e1rio vem responder \u00e0 popula\u00e7\u00e3o, eu voto sim.\u201d<\/p>\n\n\n\n<figure class=\"wp-block-image size-large\"><img decoding=\"async\" width=\"1024\" height=\"708\" src=\"https:\/\/cacaunews.com\/wp-content\/uploads\/2025\/08\/manoel-porfirio-1024x7088022196872784672469-1.jpg\" alt=\"\" class=\"wp-image-6762\" srcset=\"https:\/\/cacaunews.com\/wp-content\/uploads\/2025\/08\/manoel-porfirio-1024x7088022196872784672469-1.jpg 1024w, https:\/\/cacaunews.com\/wp-content\/uploads\/2025\/08\/manoel-porfirio-1024x7088022196872784672469-1-300x207.jpg 300w, https:\/\/cacaunews.com\/wp-content\/uploads\/2025\/08\/manoel-porfirio-1024x7088022196872784672469-1-768x531.jpg 768w\" sizes=\"(max-width: 1024px) 100vw, 1024px\" \/><\/figure>\n\n\n\n<p>Por sua vez, o vereador Manoel Porf\u00edrio (PT) ressaltou o papel da C\u00e2mara como espa\u00e7o de di\u00e1logo com a sociedade:<br><br>\u201cAs pessoas precisam entender que o mais pr\u00f3ximo da popula\u00e7\u00e3o \u00e9 o vereador. Esta Casa \u00e9 a porta de entrada das reclama\u00e7\u00f5es. Se o vereador Danilo acha por bem convocar a secret\u00e1ria S\u00f4nia, \u00e9 um direito dele. Voto sim. N\u00e3o deixei de ser aliado do prefeito Augusto Castro, mas esta Casa precisa prestar contas \u00e0 sociedade. O povo espera de n\u00f3s respostas e fiscaliza\u00e7\u00e3o. A secret\u00e1ria S\u00f4nia \u00e9 uma pessoa competente, e ser\u00e1 um prazer t\u00ea-la aqui para debatermos os processos, os investimentos e o que ainda precisa ser feito. Agora eu pe\u00e7o aos vereadores: foquem nas suas comunidades, nos problemas nas suas comunidades, para fazermos um grande debate. Essa Casa precisa tomar p\u00e9 e saber de que forma est\u00e3o sendo feitos esses investimentos. Ent\u00e3o, acredito que cada um deve focar na sua sabatina, na sua cartilha.\u201d<\/p>\n\n\n\n<p>Pr\u00f3xima sess\u00e3o<br><br>Com a aprova\u00e7\u00e3o do requerimento, a secret\u00e1ria S\u00f4nia Fontes estar\u00e1 presente na pr\u00f3xima segunda-feira (01\/09), \u00e0s 15h, no Plen\u00e1rio Raymundo Lima, onde responder\u00e1 aos questionamentos dos vereadores e apresentar\u00e1 informa\u00e7\u00f5es sobre a situa\u00e7\u00e3o da comunidade da Bananeira e de outras localidades. A reuni\u00e3o de comiss\u00f5es ocorrer\u00e1 \u00e0s 14h.<\/p>\n\n\n\n<p>ASCOM\/CMI.<\/p>\n","protected":false},"excerpt":{"rendered":"<p>O Poder Legislativo de Itabuna aprovou, durante a sess\u00e3o plen\u00e1ria desta ter\u00e7a-feira (26), o requerimento&#8230;<\/p>\n","protected":false},"author":1,"featured_media":6760,"comment_status":"open","ping_status":"open","sticky":false,"template":"","format":"standard","meta":{"footnotes":""},"categories":[18,31,5],"tags":[669,410,27,2410],"yoast_head":"<!-- This site is optimized with the Yoast SEO plugin v21.7 - https:\/\/yoast.com\/wordpress\/plugins\/seo\/ -->\n<title>Itabuna: C\u00e2mara aprova convoca\u00e7\u00e3o da secret\u00e1ria de Infraestrutura. - Cacau News<\/title>\n<meta name=\"robots\" content=\"index, follow, max-snippet:-1, max-image-preview:large, max-video-preview:-1\" \/>\n<link rel=\"canonical\" href=\"https:\/\/cacaunews.com\/?p=6763\" \/>\n<meta property=\"og:locale\" content=\"pt_BR\" \/>\n<meta property=\"og:type\" content=\"article\" \/>\n<meta property=\"og:title\" content=\"Itabuna: C\u00e2mara aprova convoca\u00e7\u00e3o da secret\u00e1ria de Infraestrutura. - Cacau News\" \/>\n<meta property=\"og:description\" content=\"O Poder Legislativo de Itabuna aprovou, durante a sess\u00e3o plen\u00e1ria desta ter\u00e7a-feira (26), o requerimento...\" \/>\n<meta property=\"og:url\" content=\"https:\/\/cacaunews.com\/?p=6763\" \/>\n<meta property=\"og:site_name\" content=\"Cacau News\" \/>\n<meta property=\"article:published_time\" content=\"2025-08-27T09:30:21+00:00\" \/>\n<meta property=\"og:image\" content=\"https:\/\/cacaunews.com\/wp-content\/uploads\/2025\/08\/Camara-de-Itabuna-26-08-1536x810-1.jpg\" \/>\n\t<meta property=\"og:image:width\" content=\"1536\" \/>\n\t<meta property=\"og:image:height\" content=\"810\" \/>\n\t<meta property=\"og:image:type\" content=\"image\/jpeg\" \/>\n<meta name=\"author\" content=\"Reda\u00e7\u00e3o Cacau News\" \/>\n<meta name=\"twitter:card\" content=\"summary_large_image\" \/>\n<meta name=\"twitter:label1\" content=\"Escrito por\" \/>\n\t<meta name=\"twitter:data1\" content=\"Reda\u00e7\u00e3o Cacau News\" \/>\n\t<meta name=\"twitter:label2\" content=\"Est. tempo de leitura\" \/>\n\t<meta name=\"twitter:data2\" content=\"3 minutos\" \/>\n<script type=\"application\/ld+json\" class=\"yoast-schema-graph\">{\"@context\":\"https:\/\/schema.org\",\"@graph\":[{\"@type\":\"Article\",\"@id\":\"https:\/\/cacaunews.com\/?p=6763#article\",\"isPartOf\":{\"@id\":\"https:\/\/cacaunews.com\/?p=6763\"},\"author\":{\"name\":\"Reda\u00e7\u00e3o Cacau News\",\"@id\":\"https:\/\/cacaunews.com\/#\/schema\/person\/ea69703103e606ad347ccd64bd72ef79\"},\"headline\":\"Itabuna: C\u00e2mara aprova convoca\u00e7\u00e3o da secret\u00e1ria de Infraestrutura.\",\"datePublished\":\"2025-08-27T09:30:21+00:00\",\"dateModified\":\"2025-08-27T09:30:21+00:00\",\"mainEntityOfPage\":{\"@id\":\"https:\/\/cacaunews.com\/?p=6763\"},\"wordCount\":651,\"commentCount\":0,\"publisher\":{\"@id\":\"https:\/\/cacaunews.com\/#organization\"},\"keywords\":[\"aprova\u00e7\u00e3o\",\"convoca\u00e7\u00e3o\",\"itabuna\",\"S\u00f4nia fontes\"],\"articleSection\":[\"cidades\",\"Cultura\",\"Politica\"],\"inLanguage\":\"pt-BR\",\"potentialAction\":[{\"@type\":\"CommentAction\",\"name\":\"Comment\",\"target\":[\"https:\/\/cacaunews.com\/?p=6763#respond\"]}]},{\"@type\":\"WebPage\",\"@id\":\"https:\/\/cacaunews.com\/?p=6763\",\"url\":\"https:\/\/cacaunews.com\/?p=6763\",\"name\":\"Itabuna: C\u00e2mara aprova convoca\u00e7\u00e3o da secret\u00e1ria de Infraestrutura. - Cacau News\",\"isPartOf\":{\"@id\":\"https:\/\/cacaunews.com\/#website\"},\"datePublished\":\"2025-08-27T09:30:21+00:00\",\"dateModified\":\"2025-08-27T09:30:21+00:00\",\"breadcrumb\":{\"@id\":\"https:\/\/cacaunews.com\/?p=6763#breadcrumb\"},\"inLanguage\":\"pt-BR\",\"potentialAction\":[{\"@type\":\"ReadAction\",\"target\":[\"https:\/\/cacaunews.com\/?p=6763\"]}]},{\"@type\":\"BreadcrumbList\",\"@id\":\"https:\/\/cacaunews.com\/?p=6763#breadcrumb\",\"itemListElement\":[{\"@type\":\"ListItem\",\"position\":1,\"name\":\"In\u00edcio\",\"item\":\"https:\/\/cacaunews.com\/\"},{\"@type\":\"ListItem\",\"position\":2,\"name\":\"Itabuna: C\u00e2mara aprova convoca\u00e7\u00e3o da secret\u00e1ria de Infraestrutura.\"}]},{\"@type\":\"WebSite\",\"@id\":\"https:\/\/cacaunews.com\/#website\",\"url\":\"https:\/\/cacaunews.com\/\",\"name\":\"Cacau News\",\"description\":\"A Informa\u00e7\u00e3o que voc\u00ea precisa!\",\"publisher\":{\"@id\":\"https:\/\/cacaunews.com\/#organization\"},\"potentialAction\":[{\"@type\":\"SearchAction\",\"target\":{\"@type\":\"EntryPoint\",\"urlTemplate\":\"https:\/\/cacaunews.com\/?s={search_term_string}\"},\"query-input\":\"required name=search_term_string\"}],\"inLanguage\":\"pt-BR\"},{\"@type\":\"Organization\",\"@id\":\"https:\/\/cacaunews.com\/#organization\",\"name\":\"Cacau News\",\"url\":\"https:\/\/cacaunews.com\/\",\"logo\":{\"@type\":\"ImageObject\",\"inLanguage\":\"pt-BR\",\"@id\":\"https:\/\/cacaunews.com\/#\/schema\/logo\/image\/\",\"url\":\"https:\/\/cacaunews.com\/wp-content\/uploads\/2025\/01\/cropped-LOGO-NOVA.png\",\"contentUrl\":\"https:\/\/cacaunews.com\/wp-content\/uploads\/2025\/01\/cropped-LOGO-NOVA.png\",\"width\":813,\"height\":813,\"caption\":\"Cacau News\"},\"image\":{\"@id\":\"https:\/\/cacaunews.com\/#\/schema\/logo\/image\/\"},\"sameAs\":[\"https:\/\/www.instagram.com\/cacaunews.online\/\",\"https:\/\/youtube.com\/@cacaunews?si=0VXLnjl08SrWbVG9\"]},{\"@type\":\"Person\",\"@id\":\"https:\/\/cacaunews.com\/#\/schema\/person\/ea69703103e606ad347ccd64bd72ef79\",\"name\":\"Reda\u00e7\u00e3o Cacau News\",\"image\":{\"@type\":\"ImageObject\",\"inLanguage\":\"pt-BR\",\"@id\":\"https:\/\/cacaunews.com\/#\/schema\/person\/image\/\",\"url\":\"https:\/\/secure.gravatar.com\/avatar\/d79227a2a7b6cc42e8d7a8f7c284cd3a?s=96&d=mm&r=g\",\"contentUrl\":\"https:\/\/secure.gravatar.com\/avatar\/d79227a2a7b6cc42e8d7a8f7c284cd3a?s=96&d=mm&r=g\",\"caption\":\"Reda\u00e7\u00e3o Cacau News\"},\"sameAs\":[\"https:\/\/cacaunews.com\"],\"url\":\"https:\/\/cacaunews.com\/?author=1\"}]}<\/script>\n<!-- \/ Yoast SEO plugin. -->","yoast_head_json":{"title":"Itabuna: C\u00e2mara aprova convoca\u00e7\u00e3o da secret\u00e1ria de Infraestrutura. - Cacau News","robots":{"index":"index","follow":"follow","max-snippet":"max-snippet:-1","max-image-preview":"max-image-preview:large","max-video-preview":"max-video-preview:-1"},"canonical":"https:\/\/cacaunews.com\/?p=6763","og_locale":"pt_BR","og_type":"article","og_title":"Itabuna: C\u00e2mara aprova convoca\u00e7\u00e3o da secret\u00e1ria de Infraestrutura. - Cacau News","og_description":"O Poder Legislativo de Itabuna aprovou, durante a sess\u00e3o plen\u00e1ria desta ter\u00e7a-feira (26), o requerimento...","og_url":"https:\/\/cacaunews.com\/?p=6763","og_site_name":"Cacau News","article_published_time":"2025-08-27T09:30:21+00:00","og_image":[{"width":1536,"height":810,"url":"https:\/\/cacaunews.com\/wp-content\/uploads\/2025\/08\/Camara-de-Itabuna-26-08-1536x810-1.jpg","type":"image\/jpeg"}],"author":"Reda\u00e7\u00e3o Cacau News","twitter_card":"summary_large_image","twitter_misc":{"Escrito por":"Reda\u00e7\u00e3o Cacau News","Est. tempo de leitura":"3 minutos"},"schema":{"@context":"https:\/\/schema.org","@graph":[{"@type":"Article","@id":"https:\/\/cacaunews.com\/?p=6763#article","isPartOf":{"@id":"https:\/\/cacaunews.com\/?p=6763"},"author":{"name":"Reda\u00e7\u00e3o Cacau News","@id":"https:\/\/cacaunews.com\/#\/schema\/person\/ea69703103e606ad347ccd64bd72ef79"},"headline":"Itabuna: C\u00e2mara aprova convoca\u00e7\u00e3o da secret\u00e1ria de Infraestrutura.","datePublished":"2025-08-27T09:30:21+00:00","dateModified":"2025-08-27T09:30:21+00:00","mainEntityOfPage":{"@id":"https:\/\/cacaunews.com\/?p=6763"},"wordCount":651,"commentCount":0,"publisher":{"@id":"https:\/\/cacaunews.com\/#organization"},"keywords":["aprova\u00e7\u00e3o","convoca\u00e7\u00e3o","itabuna","S\u00f4nia fontes"],"articleSection":["cidades","Cultura","Politica"],"inLanguage":"pt-BR","potentialAction":[{"@type":"CommentAction","name":"Comment","target":["https:\/\/cacaunews.com\/?p=6763#respond"]}]},{"@type":"WebPage","@id":"https:\/\/cacaunews.com\/?p=6763","url":"https:\/\/cacaunews.com\/?p=6763","name":"Itabuna: C\u00e2mara aprova convoca\u00e7\u00e3o da secret\u00e1ria de Infraestrutura. - Cacau News","isPartOf":{"@id":"https:\/\/cacaunews.com\/#website"},"datePublished":"2025-08-27T09:30:21+00:00","dateModified":"2025-08-27T09:30:21+00:00","breadcrumb":{"@id":"https:\/\/cacaunews.com\/?p=6763#breadcrumb"},"inLanguage":"pt-BR","potentialAction":[{"@type":"ReadAction","target":["https:\/\/cacaunews.com\/?p=6763"]}]},{"@type":"BreadcrumbList","@id":"https:\/\/cacaunews.com\/?p=6763#breadcrumb","itemListElement":[{"@type":"ListItem","position":1,"name":"In\u00edcio","item":"https:\/\/cacaunews.com\/"},{"@type":"ListItem","position":2,"name":"Itabuna: C\u00e2mara aprova convoca\u00e7\u00e3o da secret\u00e1ria de Infraestrutura."}]},{"@type":"WebSite","@id":"https:\/\/cacaunews.com\/#website","url":"https:\/\/cacaunews.com\/","name":"Cacau News","description":"A Informa\u00e7\u00e3o que voc\u00ea precisa!","publisher":{"@id":"https:\/\/cacaunews.com\/#organization"},"potentialAction":[{"@type":"SearchAction","target":{"@type":"EntryPoint","urlTemplate":"https:\/\/cacaunews.com\/?s={search_term_string}"},"query-input":"required name=search_term_string"}],"inLanguage":"pt-BR"},{"@type":"Organization","@id":"https:\/\/cacaunews.com\/#organization","name":"Cacau News","url":"https:\/\/cacaunews.com\/","logo":{"@type":"ImageObject","inLanguage":"pt-BR","@id":"https:\/\/cacaunews.com\/#\/schema\/logo\/image\/","url":"https:\/\/cacaunews.com\/wp-content\/uploads\/2025\/01\/cropped-LOGO-NOVA.png","contentUrl":"https:\/\/cacaunews.com\/wp-content\/uploads\/2025\/01\/cropped-LOGO-NOVA.png","width":813,"height":813,"caption":"Cacau News"},"image":{"@id":"https:\/\/cacaunews.com\/#\/schema\/logo\/image\/"},"sameAs":["https:\/\/www.instagram.com\/cacaunews.online\/","https:\/\/youtube.com\/@cacaunews?si=0VXLnjl08SrWbVG9"]},{"@type":"Person","@id":"https:\/\/cacaunews.com\/#\/schema\/person\/ea69703103e606ad347ccd64bd72ef79","name":"Reda\u00e7\u00e3o Cacau News","image":{"@type":"ImageObject","inLanguage":"pt-BR","@id":"https:\/\/cacaunews.com\/#\/schema\/person\/image\/","url":"https:\/\/secure.gravatar.com\/avatar\/d79227a2a7b6cc42e8d7a8f7c284cd3a?s=96&d=mm&r=g","contentUrl":"https:\/\/secure.gravatar.com\/avatar\/d79227a2a7b6cc42e8d7a8f7c284cd3a?s=96&d=mm&r=g","caption":"Reda\u00e7\u00e3o Cacau News"},"sameAs":["https:\/\/cacaunews.com"],"url":"https:\/\/cacaunews.com\/?author=1"}]}},"jetpack_sharing_enabled":true,"jetpack_featured_media_url":"https:\/\/cacaunews.com\/wp-content\/uploads\/2025\/08\/Camara-de-Itabuna-26-08-1536x810-1.jpg","_links":{"self":[{"href":"https:\/\/cacaunews.com\/index.php?rest_route=\/wp\/v2\/posts\/6763"}],"collection":[{"href":"https:\/\/cacaunews.com\/index.php?rest_route=\/wp\/v2\/posts"}],"about":[{"href":"https:\/\/cacaunews.com\/index.php?rest_route=\/wp\/v2\/types\/post"}],"author":[{"embeddable":true,"href":"https:\/\/cacaunews.com\/index.php?rest_route=\/wp\/v2\/users\/1"}],"replies":[{"embeddable":true,"href":"https:\/\/cacaunews.com\/index.php?rest_route=%2Fwp%2Fv2%2Fcomments&post=6763"}],"version-history":[{"count":0,"href":"https:\/\/cacaunews.com\/index.php?rest_route=\/wp\/v2\/posts\/6763\/revisions"}],"wp:featuredmedia":[{"embeddable":true,"href":"https:\/\/cacaunews.com\/index.php?rest_route=\/wp\/v2\/media\/6760"}],"wp:attachment":[{"href":"https:\/\/cacaunews.com\/index.php?rest_route=%2Fwp%2Fv2%2Fmedia&parent=6763"}],"wp:term":[{"taxonomy":"category","embeddable":true,"href":"https:\/\/cacaunews.com\/index.php?rest_route=%2Fwp%2Fv2%2Fcategories&post=6763"},{"taxonomy":"post_tag","embeddable":true,"href":"https:\/\/cacaunews.com\/index.php?rest_route=%2Fwp%2Fv2%2Ftags&post=6763"}],"curies":[{"name":"wp","href":"https:\/\/api.w.org\/{rel}","templated":true}]}}