{"id":6797,"date":"2025-09-05T14:30:57","date_gmt":"2025-09-05T14:30:57","guid":{"rendered":"https:\/\/cacaunews.com\/?p=6797"},"modified":"2025-09-05T14:30:57","modified_gmt":"2025-09-05T14:30:57","slug":"tudo-pronto-para-o-desfile-civico-do-sete-de-setembro-em-itabuna-no-domingo","status":"publish","type":"post","link":"https:\/\/cacaunews.com\/?p=6797","title":{"rendered":"Tudo pronto para o Desfile C\u00edvico do Sete de Setembro em Itabuna no domingo."},"content":{"rendered":"\n<p>Tudo pronto para o Desfile C\u00edvico do Sete de Setembro em Itabuna no domingo, dia 7. A Prefeitura de Itabuna, por interm\u00e9dio das secretarias municipais da Educa\u00e7\u00e3o e de Transportes e Tr\u00e2nsito (SETTRAN), fez os \u00faltimos ajustes, reafirmando a interdi\u00e7\u00e3o tempor\u00e1ria de ruas e avenidas do centro nas imedia\u00e7\u00f5es da Pra\u00e7a Jos\u00e9 de Almeida Alc\u00e2ntara (Jardim do \u00d3) para a concentra\u00e7\u00e3o de organiza\u00e7\u00f5es militares e escolas da rede p\u00fablica e particular que v\u00e3o desfilar.<br><br>O tr\u00e2nsito ser\u00e1 inteiramente modificado no entorno do Jardim do \u00d3. Por isso, condutores de ve\u00edculos automotores e ciclomotores devem ficar atentos porque a interdi\u00e7\u00e3o come\u00e7a \u00e0 zero hora do dia 7 e se estender\u00e1 at\u00e9 o t\u00e9rmino do desfile c\u00edvico pela Avenida do Cinquenten\u00e1rio.<br><br>O fluxo de \u00f4nibus do transporte coletivo e de ve\u00edculos particulares que trafegam pelas ruas centrais da cidade tamb\u00e9m sofrer\u00e1 modifica\u00e7\u00f5es em suas rotas e itiner\u00e1rios e ter\u00e1 agentes da SETTRAN na orienta\u00e7\u00e3o e fiscaliza\u00e7\u00e3o.<br><br>A professora In\u00eas Sobrinho, diretora de Projetos Integrados da Secretaria Municipal da Educa\u00e7\u00e3o e coordenadora do Desfile de 7 de Setembro, informou hoje que ao todo ser\u00e3o oito bandas e fanfarras, sendo tr\u00eas de escolas municipais, quatro de escolas estaduais, uma de escola particular, al\u00e9m da as bandas do Col\u00e9gio da Pol\u00edcia Militar (CPM) e da Guarda Civil Municipal (CGM)<br>\u201cSer\u00e1 um grandioso evento que trar\u00e1 muitas alegrias para Avenida do Cinquenten\u00e1rio com as cores, fantasias e a descontra\u00e7\u00e3o de crian\u00e7as, jovens e pessoas dos grupamentos das for\u00e7as de seguran\u00e7a, escolas municipais, estaduais e particular, al\u00e9m de institui\u00e7\u00f5es que v\u00e3o homenagear a data mais importante do Brasil\u201d, comentou.<br><br>Ela disse que um Posto de Atendimento de Primeiros-Socorros ser\u00e1 montado no Centro de Cultura Adonias Filho, no Jardim do \u00d3, onde ficar\u00e1 uma ambul\u00e2ncia de plant\u00e3o para quaisquer eventualidades. Outra ambul\u00e2ncia do SAMU-192, estar\u00e1 estacionada na Rua Mari\u00e1 Ferreira nas proximidades do Palanque Oficial instalado na Pra\u00e7a Ot\u00e1vio Mangabeira (Camacan).<br><br>Na infraestrutura, haver\u00e1 a coloca\u00e7\u00e3o de cerca de dois mil metros de disciplinadores, entre a Rua Almirante Barroso e um pouco depois da pra\u00e7a, para que os espectadores n\u00e3o invadam a pista do desfile sob a coordena\u00e7\u00e3o da Guarda Civil Municipal. Outra novidade ser\u00e1 a coloca\u00e7\u00e3o de banheiros qu\u00edmicos no Jardim do \u00d3, Pra\u00e7a Ot\u00e1vio Mangabeira e Pra\u00e7a Adami.<\/p>\n\n\n\n<figure class=\"wp-block-image size-large\"><img fetchpriority=\"high\" decoding=\"async\" width=\"1024\" height=\"768\" src=\"https:\/\/cacaunews.com\/wp-content\/uploads\/2025\/09\/whatsapp-image-2025-09-05-at-107628474926451429796-1024x768.jpeg\" alt=\"\" class=\"wp-image-6795\" srcset=\"https:\/\/cacaunews.com\/wp-content\/uploads\/2025\/09\/whatsapp-image-2025-09-05-at-107628474926451429796-1024x768.jpeg 1024w, https:\/\/cacaunews.com\/wp-content\/uploads\/2025\/09\/whatsapp-image-2025-09-05-at-107628474926451429796-300x225.jpeg 300w, https:\/\/cacaunews.com\/wp-content\/uploads\/2025\/09\/whatsapp-image-2025-09-05-at-107628474926451429796-768x576.jpeg 768w, https:\/\/cacaunews.com\/wp-content\/uploads\/2025\/09\/whatsapp-image-2025-09-05-at-107628474926451429796-1536x1152.jpeg 1536w, https:\/\/cacaunews.com\/wp-content\/uploads\/2025\/09\/whatsapp-image-2025-09-05-at-107628474926451429796.jpeg 1600w\" sizes=\"(max-width: 1024px) 100vw, 1024px\" \/><\/figure>\n\n\n\n<p><br><br>O Desfile de Sete de Setembro neste ano vai celebrar o anivers\u00e1rio de emancipa\u00e7\u00e3o e homenagear personagens atuais e hist\u00f3ricos, uma inova\u00e7\u00e3o da gest\u00e3o do prefeito Augusto Castro (PSD). Sob a tem\u00e1tica \u201cItabuna, 115 anos sua gl\u00f3ria, sua hist\u00f3ria\u201d, extra\u00edda de um verso do Hino Oficial, letra e m\u00fasica de Carlos Antonio Correia de Oliveira. A expectativa \u00e9 da participa\u00e7\u00e3o de 3.500 pessoas no desfile cuja programa\u00e7\u00e3o se iniciar\u00e1 \u00e0s 7h40min.<br><br>\u00c0s 7h50min haver\u00e1 a forma\u00e7\u00e3o do Palanque Oficial seguida, \u00e0s 8 horas, da solenidade de hasteamento das bandeiras do Brasil, Bahia e Itabuna e execu\u00e7\u00e3o do Hino Nacional. \u00c0s 8h10min, o prefeito Augusto Castro (PSD) passar\u00e1 em revista \u00e0s tropas na Avenida Fernando Cordier.<br><br>O desfile se inicia, \u00e0s 8h30min, pelo Grupo I \u2013 Marchando \u2013 integrado pelo Tiro de Guerra 06\/007, Col\u00e9gio da Pol\u00edcia Militar (COM), 15\u00ba Batalh\u00e3o da Pol\u00edcia Militar (BPM), Companhia Independente de Policiamento Rodovi\u00e1rio de Itabuna (CPIRV), Companhia Independente de Pol\u00edcia de Guarda \u2013 Itabuna (CIPG), 4\u00ba Batalh\u00e3o de Bombeiros Militares (BBM), Esquadr\u00e3o de Pol\u00edcia Montada \u2013 Itabuna e Equoterapia.<\/p>\n\n\n\n<figure class=\"wp-block-image\"><img decoding=\"async\" width=\"1024\" height=\"598\" src=\"https:\/\/cacaunews.com\/wp-content\/uploads\/2025\/09\/whatsapp-image-2025-09-05-at-102712885024878706953-1024x598.jpeg\" alt=\"\" class=\"wp-image-6796\" srcset=\"https:\/\/cacaunews.com\/wp-content\/uploads\/2025\/09\/whatsapp-image-2025-09-05-at-102712885024878706953-1024x598.jpeg 1024w, https:\/\/cacaunews.com\/wp-content\/uploads\/2025\/09\/whatsapp-image-2025-09-05-at-102712885024878706953-300x175.jpeg 300w, https:\/\/cacaunews.com\/wp-content\/uploads\/2025\/09\/whatsapp-image-2025-09-05-at-102712885024878706953-768x448.jpeg 768w, https:\/\/cacaunews.com\/wp-content\/uploads\/2025\/09\/whatsapp-image-2025-09-05-at-102712885024878706953-1536x897.jpeg 1536w, https:\/\/cacaunews.com\/wp-content\/uploads\/2025\/09\/whatsapp-image-2025-09-05-at-102712885024878706953.jpeg 1600w\" sizes=\"(max-width: 1024px) 100vw, 1024px\" \/><\/figure>\n\n\n\n<p>SECOM\/PMI<\/p>\n","protected":false},"excerpt":{"rendered":"<p>Tudo pronto para o Desfile C\u00edvico do Sete de Setembro em Itabuna no domingo, dia&#8230;<\/p>\n","protected":false},"author":1,"featured_media":6794,"comment_status":"open","ping_status":"open","sticky":false,"template":"","format":"standard","meta":{"footnotes":""},"categories":[18,11],"tags":[2421,2419,2422,27,2420],"yoast_head":"<!-- This site is optimized with the Yoast SEO plugin v21.7 - https:\/\/yoast.com\/wordpress\/plugins\/seo\/ -->\n<title>Tudo pronto para o Desfile C\u00edvico do Sete de Setembro em Itabuna no domingo. - Cacau News<\/title>\n<meta name=\"robots\" content=\"index, follow, max-snippet:-1, max-image-preview:large, max-video-preview:-1\" \/>\n<link rel=\"canonical\" href=\"https:\/\/cacaunews.com\/?p=6797\" \/>\n<meta property=\"og:locale\" content=\"pt_BR\" \/>\n<meta property=\"og:type\" content=\"article\" \/>\n<meta property=\"og:title\" content=\"Tudo pronto para o Desfile C\u00edvico do Sete de Setembro em Itabuna no domingo. - Cacau News\" \/>\n<meta property=\"og:description\" content=\"Tudo pronto para o Desfile C\u00edvico do Sete de Setembro em Itabuna no domingo, dia...\" \/>\n<meta property=\"og:url\" content=\"https:\/\/cacaunews.com\/?p=6797\" \/>\n<meta property=\"og:site_name\" content=\"Cacau News\" \/>\n<meta property=\"article:published_time\" content=\"2025-09-05T14:30:57+00:00\" \/>\n<meta property=\"og:image\" content=\"https:\/\/cacaunews.com\/wp-content\/uploads\/2025\/09\/whatsapp-image-2025-09-05-at-107628474926451429796-1024x768.jpeg\" \/>\n<meta name=\"author\" content=\"Reda\u00e7\u00e3o Cacau News\" \/>\n<meta name=\"twitter:card\" content=\"summary_large_image\" \/>\n<meta name=\"twitter:label1\" content=\"Escrito por\" \/>\n\t<meta name=\"twitter:data1\" content=\"Reda\u00e7\u00e3o Cacau News\" \/>\n\t<meta name=\"twitter:label2\" content=\"Est. tempo de leitura\" \/>\n\t<meta name=\"twitter:data2\" content=\"3 minutos\" \/>\n<script type=\"application\/ld+json\" class=\"yoast-schema-graph\">{\"@context\":\"https:\/\/schema.org\",\"@graph\":[{\"@type\":\"Article\",\"@id\":\"https:\/\/cacaunews.com\/?p=6797#article\",\"isPartOf\":{\"@id\":\"https:\/\/cacaunews.com\/?p=6797\"},\"author\":{\"name\":\"Reda\u00e7\u00e3o Cacau News\",\"@id\":\"https:\/\/cacaunews.com\/#\/schema\/person\/ea69703103e606ad347ccd64bd72ef79\"},\"headline\":\"Tudo pronto para o Desfile C\u00edvico do Sete de Setembro em Itabuna no domingo.\",\"datePublished\":\"2025-09-05T14:30:57+00:00\",\"dateModified\":\"2025-09-05T14:30:57+00:00\",\"mainEntityOfPage\":{\"@id\":\"https:\/\/cacaunews.com\/?p=6797\"},\"wordCount\":627,\"commentCount\":0,\"publisher\":{\"@id\":\"https:\/\/cacaunews.com\/#organization\"},\"keywords\":[\"7 de setembro\",\"desfile c\u00edvico\",\"independ\u00eancia\",\"itabuna\",\"organiza\u00e7\u00e3o\"],\"articleSection\":[\"cidades\",\"Jornalismo\"],\"inLanguage\":\"pt-BR\",\"potentialAction\":[{\"@type\":\"CommentAction\",\"name\":\"Comment\",\"target\":[\"https:\/\/cacaunews.com\/?p=6797#respond\"]}]},{\"@type\":\"WebPage\",\"@id\":\"https:\/\/cacaunews.com\/?p=6797\",\"url\":\"https:\/\/cacaunews.com\/?p=6797\",\"name\":\"Tudo pronto para o Desfile C\u00edvico do Sete de Setembro em Itabuna no domingo. - Cacau News\",\"isPartOf\":{\"@id\":\"https:\/\/cacaunews.com\/#website\"},\"datePublished\":\"2025-09-05T14:30:57+00:00\",\"dateModified\":\"2025-09-05T14:30:57+00:00\",\"breadcrumb\":{\"@id\":\"https:\/\/cacaunews.com\/?p=6797#breadcrumb\"},\"inLanguage\":\"pt-BR\",\"potentialAction\":[{\"@type\":\"ReadAction\",\"target\":[\"https:\/\/cacaunews.com\/?p=6797\"]}]},{\"@type\":\"BreadcrumbList\",\"@id\":\"https:\/\/cacaunews.com\/?p=6797#breadcrumb\",\"itemListElement\":[{\"@type\":\"ListItem\",\"position\":1,\"name\":\"In\u00edcio\",\"item\":\"https:\/\/cacaunews.com\/\"},{\"@type\":\"ListItem\",\"position\":2,\"name\":\"Tudo pronto para o Desfile C\u00edvico do Sete de Setembro em Itabuna no domingo.\"}]},{\"@type\":\"WebSite\",\"@id\":\"https:\/\/cacaunews.com\/#website\",\"url\":\"https:\/\/cacaunews.com\/\",\"name\":\"Cacau News\",\"description\":\"A Informa\u00e7\u00e3o que voc\u00ea precisa!\",\"publisher\":{\"@id\":\"https:\/\/cacaunews.com\/#organization\"},\"potentialAction\":[{\"@type\":\"SearchAction\",\"target\":{\"@type\":\"EntryPoint\",\"urlTemplate\":\"https:\/\/cacaunews.com\/?s={search_term_string}\"},\"query-input\":\"required name=search_term_string\"}],\"inLanguage\":\"pt-BR\"},{\"@type\":\"Organization\",\"@id\":\"https:\/\/cacaunews.com\/#organization\",\"name\":\"Cacau News\",\"url\":\"https:\/\/cacaunews.com\/\",\"logo\":{\"@type\":\"ImageObject\",\"inLanguage\":\"pt-BR\",\"@id\":\"https:\/\/cacaunews.com\/#\/schema\/logo\/image\/\",\"url\":\"https:\/\/cacaunews.com\/wp-content\/uploads\/2025\/01\/cropped-LOGO-NOVA.png\",\"contentUrl\":\"https:\/\/cacaunews.com\/wp-content\/uploads\/2025\/01\/cropped-LOGO-NOVA.png\",\"width\":813,\"height\":813,\"caption\":\"Cacau News\"},\"image\":{\"@id\":\"https:\/\/cacaunews.com\/#\/schema\/logo\/image\/\"},\"sameAs\":[\"https:\/\/www.instagram.com\/cacaunews.online\/\",\"https:\/\/youtube.com\/@cacaunews?si=0VXLnjl08SrWbVG9\"]},{\"@type\":\"Person\",\"@id\":\"https:\/\/cacaunews.com\/#\/schema\/person\/ea69703103e606ad347ccd64bd72ef79\",\"name\":\"Reda\u00e7\u00e3o Cacau News\",\"image\":{\"@type\":\"ImageObject\",\"inLanguage\":\"pt-BR\",\"@id\":\"https:\/\/cacaunews.com\/#\/schema\/person\/image\/\",\"url\":\"https:\/\/secure.gravatar.com\/avatar\/d79227a2a7b6cc42e8d7a8f7c284cd3a?s=96&d=mm&r=g\",\"contentUrl\":\"https:\/\/secure.gravatar.com\/avatar\/d79227a2a7b6cc42e8d7a8f7c284cd3a?s=96&d=mm&r=g\",\"caption\":\"Reda\u00e7\u00e3o Cacau News\"},\"sameAs\":[\"https:\/\/cacaunews.com\"],\"url\":\"https:\/\/cacaunews.com\/?author=1\"}]}<\/script>\n<!-- \/ Yoast SEO plugin. -->","yoast_head_json":{"title":"Tudo pronto para o Desfile C\u00edvico do Sete de Setembro em Itabuna no domingo. - Cacau News","robots":{"index":"index","follow":"follow","max-snippet":"max-snippet:-1","max-image-preview":"max-image-preview:large","max-video-preview":"max-video-preview:-1"},"canonical":"https:\/\/cacaunews.com\/?p=6797","og_locale":"pt_BR","og_type":"article","og_title":"Tudo pronto para o Desfile C\u00edvico do Sete de Setembro em Itabuna no domingo. - Cacau News","og_description":"Tudo pronto para o Desfile C\u00edvico do Sete de Setembro em Itabuna no domingo, dia...","og_url":"https:\/\/cacaunews.com\/?p=6797","og_site_name":"Cacau News","article_published_time":"2025-09-05T14:30:57+00:00","og_image":[{"url":"https:\/\/cacaunews.com\/wp-content\/uploads\/2025\/09\/whatsapp-image-2025-09-05-at-107628474926451429796-1024x768.jpeg"}],"author":"Reda\u00e7\u00e3o Cacau News","twitter_card":"summary_large_image","twitter_misc":{"Escrito por":"Reda\u00e7\u00e3o Cacau News","Est. tempo de leitura":"3 minutos"},"schema":{"@context":"https:\/\/schema.org","@graph":[{"@type":"Article","@id":"https:\/\/cacaunews.com\/?p=6797#article","isPartOf":{"@id":"https:\/\/cacaunews.com\/?p=6797"},"author":{"name":"Reda\u00e7\u00e3o Cacau News","@id":"https:\/\/cacaunews.com\/#\/schema\/person\/ea69703103e606ad347ccd64bd72ef79"},"headline":"Tudo pronto para o Desfile C\u00edvico do Sete de Setembro em Itabuna no domingo.","datePublished":"2025-09-05T14:30:57+00:00","dateModified":"2025-09-05T14:30:57+00:00","mainEntityOfPage":{"@id":"https:\/\/cacaunews.com\/?p=6797"},"wordCount":627,"commentCount":0,"publisher":{"@id":"https:\/\/cacaunews.com\/#organization"},"keywords":["7 de setembro","desfile c\u00edvico","independ\u00eancia","itabuna","organiza\u00e7\u00e3o"],"articleSection":["cidades","Jornalismo"],"inLanguage":"pt-BR","potentialAction":[{"@type":"CommentAction","name":"Comment","target":["https:\/\/cacaunews.com\/?p=6797#respond"]}]},{"@type":"WebPage","@id":"https:\/\/cacaunews.com\/?p=6797","url":"https:\/\/cacaunews.com\/?p=6797","name":"Tudo pronto para o Desfile C\u00edvico do Sete de Setembro em Itabuna no domingo. - Cacau News","isPartOf":{"@id":"https:\/\/cacaunews.com\/#website"},"datePublished":"2025-09-05T14:30:57+00:00","dateModified":"2025-09-05T14:30:57+00:00","breadcrumb":{"@id":"https:\/\/cacaunews.com\/?p=6797#breadcrumb"},"inLanguage":"pt-BR","potentialAction":[{"@type":"ReadAction","target":["https:\/\/cacaunews.com\/?p=6797"]}]},{"@type":"BreadcrumbList","@id":"https:\/\/cacaunews.com\/?p=6797#breadcrumb","itemListElement":[{"@type":"ListItem","position":1,"name":"In\u00edcio","item":"https:\/\/cacaunews.com\/"},{"@type":"ListItem","position":2,"name":"Tudo pronto para o Desfile C\u00edvico do Sete de Setembro em Itabuna no domingo."}]},{"@type":"WebSite","@id":"https:\/\/cacaunews.com\/#website","url":"https:\/\/cacaunews.com\/","name":"Cacau News","description":"A Informa\u00e7\u00e3o que voc\u00ea precisa!","publisher":{"@id":"https:\/\/cacaunews.com\/#organization"},"potentialAction":[{"@type":"SearchAction","target":{"@type":"EntryPoint","urlTemplate":"https:\/\/cacaunews.com\/?s={search_term_string}"},"query-input":"required name=search_term_string"}],"inLanguage":"pt-BR"},{"@type":"Organization","@id":"https:\/\/cacaunews.com\/#organization","name":"Cacau News","url":"https:\/\/cacaunews.com\/","logo":{"@type":"ImageObject","inLanguage":"pt-BR","@id":"https:\/\/cacaunews.com\/#\/schema\/logo\/image\/","url":"https:\/\/cacaunews.com\/wp-content\/uploads\/2025\/01\/cropped-LOGO-NOVA.png","contentUrl":"https:\/\/cacaunews.com\/wp-content\/uploads\/2025\/01\/cropped-LOGO-NOVA.png","width":813,"height":813,"caption":"Cacau News"},"image":{"@id":"https:\/\/cacaunews.com\/#\/schema\/logo\/image\/"},"sameAs":["https:\/\/www.instagram.com\/cacaunews.online\/","https:\/\/youtube.com\/@cacaunews?si=0VXLnjl08SrWbVG9"]},{"@type":"Person","@id":"https:\/\/cacaunews.com\/#\/schema\/person\/ea69703103e606ad347ccd64bd72ef79","name":"Reda\u00e7\u00e3o Cacau News","image":{"@type":"ImageObject","inLanguage":"pt-BR","@id":"https:\/\/cacaunews.com\/#\/schema\/person\/image\/","url":"https:\/\/secure.gravatar.com\/avatar\/d79227a2a7b6cc42e8d7a8f7c284cd3a?s=96&d=mm&r=g","contentUrl":"https:\/\/secure.gravatar.com\/avatar\/d79227a2a7b6cc42e8d7a8f7c284cd3a?s=96&d=mm&r=g","caption":"Reda\u00e7\u00e3o Cacau News"},"sameAs":["https:\/\/cacaunews.com"],"url":"https:\/\/cacaunews.com\/?author=1"}]}},"jetpack_sharing_enabled":true,"jetpack_featured_media_url":"https:\/\/cacaunews.com\/wp-content\/uploads\/2025\/09\/WhatsApp-Image-2025-09-05-at-10.09.56-1-1536x809-1.jpeg","_links":{"self":[{"href":"https:\/\/cacaunews.com\/index.php?rest_route=\/wp\/v2\/posts\/6797"}],"collection":[{"href":"https:\/\/cacaunews.com\/index.php?rest_route=\/wp\/v2\/posts"}],"about":[{"href":"https:\/\/cacaunews.com\/index.php?rest_route=\/wp\/v2\/types\/post"}],"author":[{"embeddable":true,"href":"https:\/\/cacaunews.com\/index.php?rest_route=\/wp\/v2\/users\/1"}],"replies":[{"embeddable":true,"href":"https:\/\/cacaunews.com\/index.php?rest_route=%2Fwp%2Fv2%2Fcomments&post=6797"}],"version-history":[{"count":0,"href":"https:\/\/cacaunews.com\/index.php?rest_route=\/wp\/v2\/posts\/6797\/revisions"}],"wp:featuredmedia":[{"embeddable":true,"href":"https:\/\/cacaunews.com\/index.php?rest_route=\/wp\/v2\/media\/6794"}],"wp:attachment":[{"href":"https:\/\/cacaunews.com\/index.php?rest_route=%2Fwp%2Fv2%2Fmedia&parent=6797"}],"wp:term":[{"taxonomy":"category","embeddable":true,"href":"https:\/\/cacaunews.com\/index.php?rest_route=%2Fwp%2Fv2%2Fcategories&post=6797"},{"taxonomy":"post_tag","embeddable":true,"href":"https:\/\/cacaunews.com\/index.php?rest_route=%2Fwp%2Fv2%2Ftags&post=6797"}],"curies":[{"name":"wp","href":"https:\/\/api.w.org\/{rel}","templated":true}]}}