{"id":6824,"date":"2025-10-04T10:00:55","date_gmt":"2025-10-04T10:00:55","guid":{"rendered":"https:\/\/cacaunews.com\/?p=6824"},"modified":"2025-10-04T10:00:55","modified_gmt":"2025-10-04T10:00:55","slug":"ministerio-da-saude-confirma-intoxicacao-por-metanol-em-salvador-sesab-nega","status":"publish","type":"post","link":"https:\/\/cacaunews.com\/?p=6824","title":{"rendered":"Minist\u00e9rio da Sa\u00fade confirma intoxica\u00e7\u00e3o por metanol em Salvador; Sesab nega."},"content":{"rendered":"\n<p><em>Minist\u00e9rio da Sa\u00fade confirma dois casos na Bahia<\/em>.<\/p>\n\n\n\n<p>Um boletim divulgado pelo Minist\u00e9rio da Sa\u00fade (MS), na noite dessa sexta-feira, 3, indica que mais um caso de intoxica\u00e7\u00e3o por metanol est\u00e1 sob investiga\u00e7\u00e3o na Bahia, dessa vez, em Salvador. Mais cedo, um caso foi confirmado em Feira de Santana pelo \u00f3rg\u00e3o federal.<\/p>\n\n\n\n<p>O registro do novo caso foi confirmado\u00a0 pela pasta.<\/p>\n\n\n\n<figure class=\"wp-block-image size-large\"><img fetchpriority=\"high\" decoding=\"async\" width=\"319\" height=\"333\" src=\"https:\/\/cacaunews.com\/wp-content\/uploads\/2025\/10\/ministerio-da-saude-confirma-intoxicacao-por-metan0136328100202510032119-15529816864493795846.jpg\" alt=\"\" class=\"wp-image-6822\" srcset=\"https:\/\/cacaunews.com\/wp-content\/uploads\/2025\/10\/ministerio-da-saude-confirma-intoxicacao-por-metan0136328100202510032119-15529816864493795846.jpg 319w, https:\/\/cacaunews.com\/wp-content\/uploads\/2025\/10\/ministerio-da-saude-confirma-intoxicacao-por-metan0136328100202510032119-15529816864493795846-287x300.jpg 287w\" sizes=\"(max-width: 319px) 100vw, 319px\" \/><\/figure>\n\n\n\n<p>Esta informa\u00e7\u00e3o, no entanto, ainda n\u00e3o foi confirmada oficialmente pela Secretaria de Sa\u00fade do Estado (Sesab), que mant\u00e9m Feira de Santana como o \u00fanico registro formal no territ\u00f3rio baiano.<br><br><strong>Bahia em estado de aten\u00e7\u00e3o<\/strong><\/p>\n\n\n\n<p>A Bahia entrou em estado de aten\u00e7\u00e3o ap\u00f3s a morte suspeita de Marcos Evandro Santana da Costa, 56 anos, ocorrida na madrugada desta sexta-feira, 3, na cidade que fica a cerca de 115 km de Salvador.<\/p>\n\n\n\n<p>A poss\u00edvel intoxica\u00e7\u00e3o por metanol est\u00e1 sendo investigada pela Secretaria da Sa\u00fade do Estado (Sesab), que notificou o caso ao Minist\u00e9rio da Sa\u00fade, colocando o estado entre os que passaram a figurar nas estat\u00edsticas nacionais de poss\u00edveis contamina\u00e7\u00f5es por bebidas alco\u00f3licas adulteradas.<\/p>\n\n\n\n<p>A v\u00edtima morreu na Unidade de Pronto Atendimento (UPA) do bairro Queimadinha. Amostras foram coletadas para an\u00e1lise laboratorial, com resultado previsto em at\u00e9 sete dias. At\u00e9 o momento, a Sesab confirma apenas este caso sob investiga\u00e7\u00e3o e nenhuma outra confirma\u00e7\u00e3o de intoxica\u00e7\u00e3o por metanol no estado.<\/p>\n\n\n\n<p>Com Informa\u00e7\u00f5es A Tarde.<\/p>\n","protected":false},"excerpt":{"rendered":"<p>Minist\u00e9rio da Sa\u00fade confirma dois casos na Bahia. Um boletim divulgado pelo Minist\u00e9rio da Sa\u00fade&#8230;<\/p>\n","protected":false},"author":1,"featured_media":6823,"comment_status":"open","ping_status":"open","sticky":false,"template":"","format":"standard","meta":{"footnotes":""},"categories":[18,4,11],"tags":[39,35,1141,2431,13],"yoast_head":"<!-- This site is optimized with the Yoast SEO plugin v21.7 - https:\/\/yoast.com\/wordpress\/plugins\/seo\/ -->\n<title>Minist\u00e9rio da Sa\u00fade confirma intoxica\u00e7\u00e3o por metanol em Salvador; Sesab nega. - Cacau News<\/title>\n<meta name=\"robots\" content=\"index, follow, max-snippet:-1, max-image-preview:large, max-video-preview:-1\" \/>\n<link rel=\"canonical\" href=\"https:\/\/cacaunews.com\/?p=6824\" \/>\n<meta property=\"og:locale\" content=\"pt_BR\" \/>\n<meta property=\"og:type\" content=\"article\" \/>\n<meta property=\"og:title\" content=\"Minist\u00e9rio da Sa\u00fade confirma intoxica\u00e7\u00e3o por metanol em Salvador; Sesab nega. - Cacau News\" \/>\n<meta property=\"og:description\" content=\"Minist\u00e9rio da Sa\u00fade confirma dois casos na Bahia. Um boletim divulgado pelo Minist\u00e9rio da Sa\u00fade...\" \/>\n<meta property=\"og:url\" content=\"https:\/\/cacaunews.com\/?p=6824\" \/>\n<meta property=\"og:site_name\" content=\"Cacau News\" \/>\n<meta property=\"article:published_time\" content=\"2025-10-04T10:00:55+00:00\" \/>\n<meta property=\"og:image\" content=\"https:\/\/cacaunews.com\/wp-content\/uploads\/2025\/10\/ministerio-da-saude-confirma-intoxicacao-por-metan0136328100202510032119-15529816864493795846.jpg\" \/>\n<meta name=\"author\" content=\"Reda\u00e7\u00e3o Cacau News\" \/>\n<meta name=\"twitter:card\" content=\"summary_large_image\" \/>\n<meta name=\"twitter:label1\" content=\"Escrito por\" \/>\n\t<meta name=\"twitter:data1\" content=\"Reda\u00e7\u00e3o Cacau News\" \/>\n\t<meta name=\"twitter:label2\" content=\"Est. tempo de leitura\" \/>\n\t<meta name=\"twitter:data2\" content=\"1 minuto\" \/>\n<script type=\"application\/ld+json\" class=\"yoast-schema-graph\">{\"@context\":\"https:\/\/schema.org\",\"@graph\":[{\"@type\":\"Article\",\"@id\":\"https:\/\/cacaunews.com\/?p=6824#article\",\"isPartOf\":{\"@id\":\"https:\/\/cacaunews.com\/?p=6824\"},\"author\":{\"name\":\"Reda\u00e7\u00e3o Cacau News\",\"@id\":\"https:\/\/cacaunews.com\/#\/schema\/person\/ea69703103e606ad347ccd64bd72ef79\"},\"headline\":\"Minist\u00e9rio da Sa\u00fade confirma intoxica\u00e7\u00e3o por metanol em Salvador; Sesab nega.\",\"datePublished\":\"2025-10-04T10:00:55+00:00\",\"dateModified\":\"2025-10-04T10:00:55+00:00\",\"mainEntityOfPage\":{\"@id\":\"https:\/\/cacaunews.com\/?p=6824\"},\"wordCount\":263,\"commentCount\":0,\"publisher\":{\"@id\":\"https:\/\/cacaunews.com\/#organization\"},\"keywords\":[\"bahia\",\"brasil\",\"intoxica\u00e7\u00e3o\",\"metanol\",\"sa\u00fade\"],\"articleSection\":[\"cidades\",\"Internet\",\"Jornalismo\"],\"inLanguage\":\"pt-BR\",\"potentialAction\":[{\"@type\":\"CommentAction\",\"name\":\"Comment\",\"target\":[\"https:\/\/cacaunews.com\/?p=6824#respond\"]}]},{\"@type\":\"WebPage\",\"@id\":\"https:\/\/cacaunews.com\/?p=6824\",\"url\":\"https:\/\/cacaunews.com\/?p=6824\",\"name\":\"Minist\u00e9rio da Sa\u00fade confirma intoxica\u00e7\u00e3o por metanol em Salvador; Sesab nega. - Cacau News\",\"isPartOf\":{\"@id\":\"https:\/\/cacaunews.com\/#website\"},\"datePublished\":\"2025-10-04T10:00:55+00:00\",\"dateModified\":\"2025-10-04T10:00:55+00:00\",\"breadcrumb\":{\"@id\":\"https:\/\/cacaunews.com\/?p=6824#breadcrumb\"},\"inLanguage\":\"pt-BR\",\"potentialAction\":[{\"@type\":\"ReadAction\",\"target\":[\"https:\/\/cacaunews.com\/?p=6824\"]}]},{\"@type\":\"BreadcrumbList\",\"@id\":\"https:\/\/cacaunews.com\/?p=6824#breadcrumb\",\"itemListElement\":[{\"@type\":\"ListItem\",\"position\":1,\"name\":\"In\u00edcio\",\"item\":\"https:\/\/cacaunews.com\/\"},{\"@type\":\"ListItem\",\"position\":2,\"name\":\"Minist\u00e9rio da Sa\u00fade confirma intoxica\u00e7\u00e3o por metanol em Salvador; Sesab nega.\"}]},{\"@type\":\"WebSite\",\"@id\":\"https:\/\/cacaunews.com\/#website\",\"url\":\"https:\/\/cacaunews.com\/\",\"name\":\"Cacau News\",\"description\":\"A Informa\u00e7\u00e3o que voc\u00ea precisa!\",\"publisher\":{\"@id\":\"https:\/\/cacaunews.com\/#organization\"},\"potentialAction\":[{\"@type\":\"SearchAction\",\"target\":{\"@type\":\"EntryPoint\",\"urlTemplate\":\"https:\/\/cacaunews.com\/?s={search_term_string}\"},\"query-input\":\"required name=search_term_string\"}],\"inLanguage\":\"pt-BR\"},{\"@type\":\"Organization\",\"@id\":\"https:\/\/cacaunews.com\/#organization\",\"name\":\"Cacau News\",\"url\":\"https:\/\/cacaunews.com\/\",\"logo\":{\"@type\":\"ImageObject\",\"inLanguage\":\"pt-BR\",\"@id\":\"https:\/\/cacaunews.com\/#\/schema\/logo\/image\/\",\"url\":\"https:\/\/cacaunews.com\/wp-content\/uploads\/2025\/01\/cropped-LOGO-NOVA.png\",\"contentUrl\":\"https:\/\/cacaunews.com\/wp-content\/uploads\/2025\/01\/cropped-LOGO-NOVA.png\",\"width\":813,\"height\":813,\"caption\":\"Cacau News\"},\"image\":{\"@id\":\"https:\/\/cacaunews.com\/#\/schema\/logo\/image\/\"},\"sameAs\":[\"https:\/\/www.instagram.com\/cacaunews.online\/\",\"https:\/\/youtube.com\/@cacaunews?si=0VXLnjl08SrWbVG9\"]},{\"@type\":\"Person\",\"@id\":\"https:\/\/cacaunews.com\/#\/schema\/person\/ea69703103e606ad347ccd64bd72ef79\",\"name\":\"Reda\u00e7\u00e3o Cacau News\",\"image\":{\"@type\":\"ImageObject\",\"inLanguage\":\"pt-BR\",\"@id\":\"https:\/\/cacaunews.com\/#\/schema\/person\/image\/\",\"url\":\"https:\/\/secure.gravatar.com\/avatar\/d79227a2a7b6cc42e8d7a8f7c284cd3a?s=96&d=mm&r=g\",\"contentUrl\":\"https:\/\/secure.gravatar.com\/avatar\/d79227a2a7b6cc42e8d7a8f7c284cd3a?s=96&d=mm&r=g\",\"caption\":\"Reda\u00e7\u00e3o Cacau News\"},\"sameAs\":[\"https:\/\/cacaunews.com\"],\"url\":\"https:\/\/cacaunews.com\/?author=1\"}]}<\/script>\n<!-- \/ Yoast SEO plugin. -->","yoast_head_json":{"title":"Minist\u00e9rio da Sa\u00fade confirma intoxica\u00e7\u00e3o por metanol em Salvador; Sesab nega. - Cacau News","robots":{"index":"index","follow":"follow","max-snippet":"max-snippet:-1","max-image-preview":"max-image-preview:large","max-video-preview":"max-video-preview:-1"},"canonical":"https:\/\/cacaunews.com\/?p=6824","og_locale":"pt_BR","og_type":"article","og_title":"Minist\u00e9rio da Sa\u00fade confirma intoxica\u00e7\u00e3o por metanol em Salvador; Sesab nega. - Cacau News","og_description":"Minist\u00e9rio da Sa\u00fade confirma dois casos na Bahia. Um boletim divulgado pelo Minist\u00e9rio da Sa\u00fade...","og_url":"https:\/\/cacaunews.com\/?p=6824","og_site_name":"Cacau News","article_published_time":"2025-10-04T10:00:55+00:00","og_image":[{"url":"https:\/\/cacaunews.com\/wp-content\/uploads\/2025\/10\/ministerio-da-saude-confirma-intoxicacao-por-metan0136328100202510032119-15529816864493795846.jpg"}],"author":"Reda\u00e7\u00e3o Cacau News","twitter_card":"summary_large_image","twitter_misc":{"Escrito por":"Reda\u00e7\u00e3o Cacau News","Est. tempo de leitura":"1 minuto"},"schema":{"@context":"https:\/\/schema.org","@graph":[{"@type":"Article","@id":"https:\/\/cacaunews.com\/?p=6824#article","isPartOf":{"@id":"https:\/\/cacaunews.com\/?p=6824"},"author":{"name":"Reda\u00e7\u00e3o Cacau News","@id":"https:\/\/cacaunews.com\/#\/schema\/person\/ea69703103e606ad347ccd64bd72ef79"},"headline":"Minist\u00e9rio da Sa\u00fade confirma intoxica\u00e7\u00e3o por metanol em Salvador; Sesab nega.","datePublished":"2025-10-04T10:00:55+00:00","dateModified":"2025-10-04T10:00:55+00:00","mainEntityOfPage":{"@id":"https:\/\/cacaunews.com\/?p=6824"},"wordCount":263,"commentCount":0,"publisher":{"@id":"https:\/\/cacaunews.com\/#organization"},"keywords":["bahia","brasil","intoxica\u00e7\u00e3o","metanol","sa\u00fade"],"articleSection":["cidades","Internet","Jornalismo"],"inLanguage":"pt-BR","potentialAction":[{"@type":"CommentAction","name":"Comment","target":["https:\/\/cacaunews.com\/?p=6824#respond"]}]},{"@type":"WebPage","@id":"https:\/\/cacaunews.com\/?p=6824","url":"https:\/\/cacaunews.com\/?p=6824","name":"Minist\u00e9rio da Sa\u00fade confirma intoxica\u00e7\u00e3o por metanol em Salvador; Sesab nega. - Cacau News","isPartOf":{"@id":"https:\/\/cacaunews.com\/#website"},"datePublished":"2025-10-04T10:00:55+00:00","dateModified":"2025-10-04T10:00:55+00:00","breadcrumb":{"@id":"https:\/\/cacaunews.com\/?p=6824#breadcrumb"},"inLanguage":"pt-BR","potentialAction":[{"@type":"ReadAction","target":["https:\/\/cacaunews.com\/?p=6824"]}]},{"@type":"BreadcrumbList","@id":"https:\/\/cacaunews.com\/?p=6824#breadcrumb","itemListElement":[{"@type":"ListItem","position":1,"name":"In\u00edcio","item":"https:\/\/cacaunews.com\/"},{"@type":"ListItem","position":2,"name":"Minist\u00e9rio da Sa\u00fade confirma intoxica\u00e7\u00e3o por metanol em Salvador; Sesab nega."}]},{"@type":"WebSite","@id":"https:\/\/cacaunews.com\/#website","url":"https:\/\/cacaunews.com\/","name":"Cacau News","description":"A Informa\u00e7\u00e3o que voc\u00ea precisa!","publisher":{"@id":"https:\/\/cacaunews.com\/#organization"},"potentialAction":[{"@type":"SearchAction","target":{"@type":"EntryPoint","urlTemplate":"https:\/\/cacaunews.com\/?s={search_term_string}"},"query-input":"required name=search_term_string"}],"inLanguage":"pt-BR"},{"@type":"Organization","@id":"https:\/\/cacaunews.com\/#organization","name":"Cacau News","url":"https:\/\/cacaunews.com\/","logo":{"@type":"ImageObject","inLanguage":"pt-BR","@id":"https:\/\/cacaunews.com\/#\/schema\/logo\/image\/","url":"https:\/\/cacaunews.com\/wp-content\/uploads\/2025\/01\/cropped-LOGO-NOVA.png","contentUrl":"https:\/\/cacaunews.com\/wp-content\/uploads\/2025\/01\/cropped-LOGO-NOVA.png","width":813,"height":813,"caption":"Cacau News"},"image":{"@id":"https:\/\/cacaunews.com\/#\/schema\/logo\/image\/"},"sameAs":["https:\/\/www.instagram.com\/cacaunews.online\/","https:\/\/youtube.com\/@cacaunews?si=0VXLnjl08SrWbVG9"]},{"@type":"Person","@id":"https:\/\/cacaunews.com\/#\/schema\/person\/ea69703103e606ad347ccd64bd72ef79","name":"Reda\u00e7\u00e3o Cacau News","image":{"@type":"ImageObject","inLanguage":"pt-BR","@id":"https:\/\/cacaunews.com\/#\/schema\/person\/image\/","url":"https:\/\/secure.gravatar.com\/avatar\/d79227a2a7b6cc42e8d7a8f7c284cd3a?s=96&d=mm&r=g","contentUrl":"https:\/\/secure.gravatar.com\/avatar\/d79227a2a7b6cc42e8d7a8f7c284cd3a?s=96&d=mm&r=g","caption":"Reda\u00e7\u00e3o Cacau News"},"sameAs":["https:\/\/cacaunews.com"],"url":"https:\/\/cacaunews.com\/?author=1"}]}},"jetpack_sharing_enabled":true,"jetpack_featured_media_url":"https:\/\/cacaunews.com\/wp-content\/uploads\/2025\/10\/Sesab-nao-confirma-caso-suspeito-de-intoxicacao-po0136328100202510032057-ScaleDownProportional.webp","_links":{"self":[{"href":"https:\/\/cacaunews.com\/index.php?rest_route=\/wp\/v2\/posts\/6824"}],"collection":[{"href":"https:\/\/cacaunews.com\/index.php?rest_route=\/wp\/v2\/posts"}],"about":[{"href":"https:\/\/cacaunews.com\/index.php?rest_route=\/wp\/v2\/types\/post"}],"author":[{"embeddable":true,"href":"https:\/\/cacaunews.com\/index.php?rest_route=\/wp\/v2\/users\/1"}],"replies":[{"embeddable":true,"href":"https:\/\/cacaunews.com\/index.php?rest_route=%2Fwp%2Fv2%2Fcomments&post=6824"}],"version-history":[{"count":0,"href":"https:\/\/cacaunews.com\/index.php?rest_route=\/wp\/v2\/posts\/6824\/revisions"}],"wp:featuredmedia":[{"embeddable":true,"href":"https:\/\/cacaunews.com\/index.php?rest_route=\/wp\/v2\/media\/6823"}],"wp:attachment":[{"href":"https:\/\/cacaunews.com\/index.php?rest_route=%2Fwp%2Fv2%2Fmedia&parent=6824"}],"wp:term":[{"taxonomy":"category","embeddable":true,"href":"https:\/\/cacaunews.com\/index.php?rest_route=%2Fwp%2Fv2%2Fcategories&post=6824"},{"taxonomy":"post_tag","embeddable":true,"href":"https:\/\/cacaunews.com\/index.php?rest_route=%2Fwp%2Fv2%2Ftags&post=6824"}],"curies":[{"name":"wp","href":"https:\/\/api.w.org\/{rel}","templated":true}]}}