{"id":6828,"date":"2025-10-04T13:00:54","date_gmt":"2025-10-04T13:00:54","guid":{"rendered":"https:\/\/cacaunews.com\/?p=6828"},"modified":"2025-10-04T13:00:54","modified_gmt":"2025-10-04T13:00:54","slug":"rafael-freire-ferreira-lanca-4-dias-em-coaraci-na-flicare-festa-literaria-de-itacare","status":"publish","type":"post","link":"https:\/\/cacaunews.com\/?p=6828","title":{"rendered":"Rafael Freire Ferreira lan\u00e7a 4 Dias em Coaraci na Flicar\u00e9 \u2013 Festa Liter\u00e1ria de Itacar\u00e9"},"content":{"rendered":"\n<p>O professor, advogado e escritor Rafael Freire Ferreira apresenta, na Flicar\u00e9 \u2013 Festa Liter\u00e1ria de Itacar\u00e9, o lan\u00e7amento do seu primeiro romance: 4 Dias em Coaraci.<br><br>Na obra, a cidade se transforma em palco de uma experi\u00eancia inquietante: a presen\u00e7a de um rob\u00f4 que aprende com os erros humanos e passa a refletir, de forma distorcida, a mem\u00f3ria e as escolhas da comunidade. O resultado \u00e9 uma narrativa que mistura cr\u00edtica social, distopia, regionalismo, humor \u00e1cido e intelig\u00eancia artificial, conduzindo o leitor por quatro dias em que realidade e fic\u00e7\u00e3o se confundem.<br><br>\u201cN\u00e3o se trata apenas de tecnologia, mas de como alimentamos a m\u00e1quina com o que temos de mais falho. O rob\u00f4 \u00e9 um espelho \u2014 e talvez seja isso o que mais assusta\u201d, destaca Rafael (Instagram: @profrafaelfreire).<\/p>\n\n\n\n<p><strong>Sobre o autor<\/strong><\/p>\n\n\n\n<figure class=\"wp-block-image size-large\"><img fetchpriority=\"high\" decoding=\"async\" width=\"856\" height=\"1024\" src=\"https:\/\/cacaunews.com\/wp-content\/uploads\/2025\/10\/img_20251004_1028498164747173107823997-856x1024.jpg\" alt=\"\" class=\"wp-image-6825\" srcset=\"https:\/\/cacaunews.com\/wp-content\/uploads\/2025\/10\/img_20251004_1028498164747173107823997-856x1024.jpg 856w, https:\/\/cacaunews.com\/wp-content\/uploads\/2025\/10\/img_20251004_1028498164747173107823997-251x300.jpg 251w, https:\/\/cacaunews.com\/wp-content\/uploads\/2025\/10\/img_20251004_1028498164747173107823997-768x919.jpg 768w, https:\/\/cacaunews.com\/wp-content\/uploads\/2025\/10\/img_20251004_1028498164747173107823997-1024x1225.jpg 1024w, https:\/\/cacaunews.com\/wp-content\/uploads\/2025\/10\/img_20251004_1028498164747173107823997.jpg 1080w\" sizes=\"(max-width: 856px) 100vw, 856px\" \/><\/figure>\n\n\n\n<p>Rafael Freire Ferreira \u00e9 professor universit\u00e1rio, advogado e escritor. Autor de 19 livros (15 jur\u00eddicos, 2 de contos, 1 infantil e agora seu primeiro romance), coordena projetos acad\u00eamicos e cient\u00edficos na Bahia. Em 4 Dias em Coaraci, inaugura uma fase liter\u00e1ria que une identidade regional e reflex\u00f5es contempor\u00e2neas.<br><br><strong>Sobre o livro<\/strong><br>4 Dias em Coaraci<br>G\u00eanero: Romance \u2013 Fic\u00e7\u00e3o Dist\u00f3pica \u2013 Literatura Brasileira<br>Temas: Cr\u00edtica social, regionalismo, intelig\u00eancia artificial, humor \u00e1cido, mem\u00f3ria coletiva Editora: Rafa Book | 1\u00aa edi\u00e7\u00e3o, 2025<\/p>\n\n\n\n<figure class=\"wp-block-image size-large\"><img decoding=\"async\" width=\"735\" height=\"1024\" src=\"https:\/\/cacaunews.com\/wp-content\/uploads\/2025\/10\/img_20251004_102911516941613444389705-735x1024.jpg\" alt=\"\" class=\"wp-image-6826\" srcset=\"https:\/\/cacaunews.com\/wp-content\/uploads\/2025\/10\/img_20251004_102911516941613444389705-735x1024.jpg 735w, https:\/\/cacaunews.com\/wp-content\/uploads\/2025\/10\/img_20251004_102911516941613444389705-215x300.jpg 215w, https:\/\/cacaunews.com\/wp-content\/uploads\/2025\/10\/img_20251004_102911516941613444389705-768x1070.jpg 768w, https:\/\/cacaunews.com\/wp-content\/uploads\/2025\/10\/img_20251004_102911516941613444389705-1024x1427.jpg 1024w, https:\/\/cacaunews.com\/wp-content\/uploads\/2025\/10\/img_20251004_102911516941613444389705.jpg 1080w\" sizes=\"(max-width: 735px) 100vw, 735px\" \/><\/figure>\n\n\n\n<p><strong>Evento<\/strong>: Flicar\u00e9 \u2013 Festa Liter\u00e1ria de Itacar\u00e9<br>Data: 10\/10 (hor\u00e1rio a confirmar) Local: Itacar\u00e9 \u2013 BA<br>Acesso: gratuito<br>Atividade: Lan\u00e7amento e sess\u00e3o de aut\u00f3grafos de 4 Dias em Coaraci<\/p>\n\n\n\n<p><\/p>\n","protected":false},"excerpt":{"rendered":"<p>O professor, advogado e escritor Rafael Freire Ferreira apresenta, na Flicar\u00e9 \u2013 Festa Liter\u00e1ria de&#8230;<\/p>\n","protected":false},"author":1,"featured_media":6827,"comment_status":"open","ping_status":"open","sticky":false,"template":"","format":"standard","meta":{"footnotes":""},"categories":[18,31,11],"tags":[2434,2432,1281,2433],"yoast_head":"<!-- This site is optimized with the Yoast SEO plugin v21.7 - https:\/\/yoast.com\/wordpress\/plugins\/seo\/ -->\n<title>Rafael Freire Ferreira lan\u00e7a 4 Dias em Coaraci na Flicar\u00e9 \u2013 Festa Liter\u00e1ria de Itacar\u00e9 - Cacau News<\/title>\n<meta name=\"robots\" content=\"index, follow, max-snippet:-1, max-image-preview:large, max-video-preview:-1\" \/>\n<link rel=\"canonical\" href=\"https:\/\/cacaunews.com\/?p=6828\" \/>\n<meta property=\"og:locale\" content=\"pt_BR\" \/>\n<meta property=\"og:type\" content=\"article\" \/>\n<meta property=\"og:title\" content=\"Rafael Freire Ferreira lan\u00e7a 4 Dias em Coaraci na Flicar\u00e9 \u2013 Festa Liter\u00e1ria de Itacar\u00e9 - Cacau News\" \/>\n<meta property=\"og:description\" content=\"O professor, advogado e escritor Rafael Freire Ferreira apresenta, na Flicar\u00e9 \u2013 Festa Liter\u00e1ria de...\" \/>\n<meta property=\"og:url\" content=\"https:\/\/cacaunews.com\/?p=6828\" \/>\n<meta property=\"og:site_name\" content=\"Cacau News\" \/>\n<meta property=\"article:published_time\" content=\"2025-10-04T13:00:54+00:00\" \/>\n<meta property=\"og:image\" content=\"https:\/\/cacaunews.com\/wp-content\/uploads\/2025\/10\/img_20251004_1028498164747173107823997-856x1024.jpg\" \/>\n<meta name=\"author\" content=\"Reda\u00e7\u00e3o Cacau News\" \/>\n<meta name=\"twitter:card\" content=\"summary_large_image\" \/>\n<meta name=\"twitter:label1\" content=\"Escrito por\" \/>\n\t<meta name=\"twitter:data1\" content=\"Reda\u00e7\u00e3o Cacau News\" \/>\n\t<meta name=\"twitter:label2\" content=\"Est. tempo de leitura\" \/>\n\t<meta name=\"twitter:data2\" content=\"1 minuto\" \/>\n<script type=\"application\/ld+json\" class=\"yoast-schema-graph\">{\"@context\":\"https:\/\/schema.org\",\"@graph\":[{\"@type\":\"Article\",\"@id\":\"https:\/\/cacaunews.com\/?p=6828#article\",\"isPartOf\":{\"@id\":\"https:\/\/cacaunews.com\/?p=6828\"},\"author\":{\"name\":\"Reda\u00e7\u00e3o Cacau News\",\"@id\":\"https:\/\/cacaunews.com\/#\/schema\/person\/ea69703103e606ad347ccd64bd72ef79\"},\"headline\":\"Rafael Freire Ferreira lan\u00e7a 4 Dias em Coaraci na Flicar\u00e9 \u2013 Festa Liter\u00e1ria de Itacar\u00e9\",\"datePublished\":\"2025-10-04T13:00:54+00:00\",\"dateModified\":\"2025-10-04T13:00:54+00:00\",\"mainEntityOfPage\":{\"@id\":\"https:\/\/cacaunews.com\/?p=6828\"},\"wordCount\":260,\"commentCount\":0,\"publisher\":{\"@id\":\"https:\/\/cacaunews.com\/#organization\"},\"keywords\":[\"4diasemcoaraci\",\"flicare\",\"livro\",\"Rafael Andrade\"],\"articleSection\":[\"cidades\",\"Cultura\",\"Jornalismo\"],\"inLanguage\":\"pt-BR\",\"potentialAction\":[{\"@type\":\"CommentAction\",\"name\":\"Comment\",\"target\":[\"https:\/\/cacaunews.com\/?p=6828#respond\"]}]},{\"@type\":\"WebPage\",\"@id\":\"https:\/\/cacaunews.com\/?p=6828\",\"url\":\"https:\/\/cacaunews.com\/?p=6828\",\"name\":\"Rafael Freire Ferreira lan\u00e7a 4 Dias em Coaraci na Flicar\u00e9 \u2013 Festa Liter\u00e1ria de Itacar\u00e9 - Cacau News\",\"isPartOf\":{\"@id\":\"https:\/\/cacaunews.com\/#website\"},\"datePublished\":\"2025-10-04T13:00:54+00:00\",\"dateModified\":\"2025-10-04T13:00:54+00:00\",\"breadcrumb\":{\"@id\":\"https:\/\/cacaunews.com\/?p=6828#breadcrumb\"},\"inLanguage\":\"pt-BR\",\"potentialAction\":[{\"@type\":\"ReadAction\",\"target\":[\"https:\/\/cacaunews.com\/?p=6828\"]}]},{\"@type\":\"BreadcrumbList\",\"@id\":\"https:\/\/cacaunews.com\/?p=6828#breadcrumb\",\"itemListElement\":[{\"@type\":\"ListItem\",\"position\":1,\"name\":\"In\u00edcio\",\"item\":\"https:\/\/cacaunews.com\/\"},{\"@type\":\"ListItem\",\"position\":2,\"name\":\"Rafael Freire Ferreira lan\u00e7a 4 Dias em Coaraci na Flicar\u00e9 \u2013 Festa Liter\u00e1ria de Itacar\u00e9\"}]},{\"@type\":\"WebSite\",\"@id\":\"https:\/\/cacaunews.com\/#website\",\"url\":\"https:\/\/cacaunews.com\/\",\"name\":\"Cacau News\",\"description\":\"A Informa\u00e7\u00e3o que voc\u00ea precisa!\",\"publisher\":{\"@id\":\"https:\/\/cacaunews.com\/#organization\"},\"potentialAction\":[{\"@type\":\"SearchAction\",\"target\":{\"@type\":\"EntryPoint\",\"urlTemplate\":\"https:\/\/cacaunews.com\/?s={search_term_string}\"},\"query-input\":\"required name=search_term_string\"}],\"inLanguage\":\"pt-BR\"},{\"@type\":\"Organization\",\"@id\":\"https:\/\/cacaunews.com\/#organization\",\"name\":\"Cacau News\",\"url\":\"https:\/\/cacaunews.com\/\",\"logo\":{\"@type\":\"ImageObject\",\"inLanguage\":\"pt-BR\",\"@id\":\"https:\/\/cacaunews.com\/#\/schema\/logo\/image\/\",\"url\":\"https:\/\/cacaunews.com\/wp-content\/uploads\/2025\/01\/cropped-LOGO-NOVA.png\",\"contentUrl\":\"https:\/\/cacaunews.com\/wp-content\/uploads\/2025\/01\/cropped-LOGO-NOVA.png\",\"width\":813,\"height\":813,\"caption\":\"Cacau News\"},\"image\":{\"@id\":\"https:\/\/cacaunews.com\/#\/schema\/logo\/image\/\"},\"sameAs\":[\"https:\/\/www.instagram.com\/cacaunews.online\/\",\"https:\/\/youtube.com\/@cacaunews?si=0VXLnjl08SrWbVG9\"]},{\"@type\":\"Person\",\"@id\":\"https:\/\/cacaunews.com\/#\/schema\/person\/ea69703103e606ad347ccd64bd72ef79\",\"name\":\"Reda\u00e7\u00e3o Cacau News\",\"image\":{\"@type\":\"ImageObject\",\"inLanguage\":\"pt-BR\",\"@id\":\"https:\/\/cacaunews.com\/#\/schema\/person\/image\/\",\"url\":\"https:\/\/secure.gravatar.com\/avatar\/d79227a2a7b6cc42e8d7a8f7c284cd3a?s=96&d=mm&r=g\",\"contentUrl\":\"https:\/\/secure.gravatar.com\/avatar\/d79227a2a7b6cc42e8d7a8f7c284cd3a?s=96&d=mm&r=g\",\"caption\":\"Reda\u00e7\u00e3o Cacau News\"},\"sameAs\":[\"https:\/\/cacaunews.com\"],\"url\":\"https:\/\/cacaunews.com\/?author=1\"}]}<\/script>\n<!-- \/ Yoast SEO plugin. -->","yoast_head_json":{"title":"Rafael Freire Ferreira lan\u00e7a 4 Dias em Coaraci na Flicar\u00e9 \u2013 Festa Liter\u00e1ria de Itacar\u00e9 - Cacau News","robots":{"index":"index","follow":"follow","max-snippet":"max-snippet:-1","max-image-preview":"max-image-preview:large","max-video-preview":"max-video-preview:-1"},"canonical":"https:\/\/cacaunews.com\/?p=6828","og_locale":"pt_BR","og_type":"article","og_title":"Rafael Freire Ferreira lan\u00e7a 4 Dias em Coaraci na Flicar\u00e9 \u2013 Festa Liter\u00e1ria de Itacar\u00e9 - Cacau News","og_description":"O professor, advogado e escritor Rafael Freire Ferreira apresenta, na Flicar\u00e9 \u2013 Festa Liter\u00e1ria de...","og_url":"https:\/\/cacaunews.com\/?p=6828","og_site_name":"Cacau News","article_published_time":"2025-10-04T13:00:54+00:00","og_image":[{"url":"https:\/\/cacaunews.com\/wp-content\/uploads\/2025\/10\/img_20251004_1028498164747173107823997-856x1024.jpg"}],"author":"Reda\u00e7\u00e3o Cacau News","twitter_card":"summary_large_image","twitter_misc":{"Escrito por":"Reda\u00e7\u00e3o Cacau News","Est. tempo de leitura":"1 minuto"},"schema":{"@context":"https:\/\/schema.org","@graph":[{"@type":"Article","@id":"https:\/\/cacaunews.com\/?p=6828#article","isPartOf":{"@id":"https:\/\/cacaunews.com\/?p=6828"},"author":{"name":"Reda\u00e7\u00e3o Cacau News","@id":"https:\/\/cacaunews.com\/#\/schema\/person\/ea69703103e606ad347ccd64bd72ef79"},"headline":"Rafael Freire Ferreira lan\u00e7a 4 Dias em Coaraci na Flicar\u00e9 \u2013 Festa Liter\u00e1ria de Itacar\u00e9","datePublished":"2025-10-04T13:00:54+00:00","dateModified":"2025-10-04T13:00:54+00:00","mainEntityOfPage":{"@id":"https:\/\/cacaunews.com\/?p=6828"},"wordCount":260,"commentCount":0,"publisher":{"@id":"https:\/\/cacaunews.com\/#organization"},"keywords":["4diasemcoaraci","flicare","livro","Rafael Andrade"],"articleSection":["cidades","Cultura","Jornalismo"],"inLanguage":"pt-BR","potentialAction":[{"@type":"CommentAction","name":"Comment","target":["https:\/\/cacaunews.com\/?p=6828#respond"]}]},{"@type":"WebPage","@id":"https:\/\/cacaunews.com\/?p=6828","url":"https:\/\/cacaunews.com\/?p=6828","name":"Rafael Freire Ferreira lan\u00e7a 4 Dias em Coaraci na Flicar\u00e9 \u2013 Festa Liter\u00e1ria de Itacar\u00e9 - Cacau News","isPartOf":{"@id":"https:\/\/cacaunews.com\/#website"},"datePublished":"2025-10-04T13:00:54+00:00","dateModified":"2025-10-04T13:00:54+00:00","breadcrumb":{"@id":"https:\/\/cacaunews.com\/?p=6828#breadcrumb"},"inLanguage":"pt-BR","potentialAction":[{"@type":"ReadAction","target":["https:\/\/cacaunews.com\/?p=6828"]}]},{"@type":"BreadcrumbList","@id":"https:\/\/cacaunews.com\/?p=6828#breadcrumb","itemListElement":[{"@type":"ListItem","position":1,"name":"In\u00edcio","item":"https:\/\/cacaunews.com\/"},{"@type":"ListItem","position":2,"name":"Rafael Freire Ferreira lan\u00e7a 4 Dias em Coaraci na Flicar\u00e9 \u2013 Festa Liter\u00e1ria de Itacar\u00e9"}]},{"@type":"WebSite","@id":"https:\/\/cacaunews.com\/#website","url":"https:\/\/cacaunews.com\/","name":"Cacau News","description":"A Informa\u00e7\u00e3o que voc\u00ea precisa!","publisher":{"@id":"https:\/\/cacaunews.com\/#organization"},"potentialAction":[{"@type":"SearchAction","target":{"@type":"EntryPoint","urlTemplate":"https:\/\/cacaunews.com\/?s={search_term_string}"},"query-input":"required name=search_term_string"}],"inLanguage":"pt-BR"},{"@type":"Organization","@id":"https:\/\/cacaunews.com\/#organization","name":"Cacau News","url":"https:\/\/cacaunews.com\/","logo":{"@type":"ImageObject","inLanguage":"pt-BR","@id":"https:\/\/cacaunews.com\/#\/schema\/logo\/image\/","url":"https:\/\/cacaunews.com\/wp-content\/uploads\/2025\/01\/cropped-LOGO-NOVA.png","contentUrl":"https:\/\/cacaunews.com\/wp-content\/uploads\/2025\/01\/cropped-LOGO-NOVA.png","width":813,"height":813,"caption":"Cacau News"},"image":{"@id":"https:\/\/cacaunews.com\/#\/schema\/logo\/image\/"},"sameAs":["https:\/\/www.instagram.com\/cacaunews.online\/","https:\/\/youtube.com\/@cacaunews?si=0VXLnjl08SrWbVG9"]},{"@type":"Person","@id":"https:\/\/cacaunews.com\/#\/schema\/person\/ea69703103e606ad347ccd64bd72ef79","name":"Reda\u00e7\u00e3o Cacau News","image":{"@type":"ImageObject","inLanguage":"pt-BR","@id":"https:\/\/cacaunews.com\/#\/schema\/person\/image\/","url":"https:\/\/secure.gravatar.com\/avatar\/d79227a2a7b6cc42e8d7a8f7c284cd3a?s=96&d=mm&r=g","contentUrl":"https:\/\/secure.gravatar.com\/avatar\/d79227a2a7b6cc42e8d7a8f7c284cd3a?s=96&d=mm&r=g","caption":"Reda\u00e7\u00e3o Cacau News"},"sameAs":["https:\/\/cacaunews.com"],"url":"https:\/\/cacaunews.com\/?author=1"}]}},"jetpack_sharing_enabled":true,"jetpack_featured_media_url":"https:\/\/cacaunews.com\/wp-content\/uploads\/2025\/10\/image_editor_output_image-1306148893-1759585748487.jpg","_links":{"self":[{"href":"https:\/\/cacaunews.com\/index.php?rest_route=\/wp\/v2\/posts\/6828"}],"collection":[{"href":"https:\/\/cacaunews.com\/index.php?rest_route=\/wp\/v2\/posts"}],"about":[{"href":"https:\/\/cacaunews.com\/index.php?rest_route=\/wp\/v2\/types\/post"}],"author":[{"embeddable":true,"href":"https:\/\/cacaunews.com\/index.php?rest_route=\/wp\/v2\/users\/1"}],"replies":[{"embeddable":true,"href":"https:\/\/cacaunews.com\/index.php?rest_route=%2Fwp%2Fv2%2Fcomments&post=6828"}],"version-history":[{"count":0,"href":"https:\/\/cacaunews.com\/index.php?rest_route=\/wp\/v2\/posts\/6828\/revisions"}],"wp:featuredmedia":[{"embeddable":true,"href":"https:\/\/cacaunews.com\/index.php?rest_route=\/wp\/v2\/media\/6827"}],"wp:attachment":[{"href":"https:\/\/cacaunews.com\/index.php?rest_route=%2Fwp%2Fv2%2Fmedia&parent=6828"}],"wp:term":[{"taxonomy":"category","embeddable":true,"href":"https:\/\/cacaunews.com\/index.php?rest_route=%2Fwp%2Fv2%2Fcategories&post=6828"},{"taxonomy":"post_tag","embeddable":true,"href":"https:\/\/cacaunews.com\/index.php?rest_route=%2Fwp%2Fv2%2Ftags&post=6828"}],"curies":[{"name":"wp","href":"https:\/\/api.w.org\/{rel}","templated":true}]}}