{"id":6830,"date":"2025-10-06T12:00:16","date_gmt":"2025-10-06T12:00:16","guid":{"rendered":"https:\/\/cacaunews.com\/?p=6830"},"modified":"2025-10-06T12:00:16","modified_gmt":"2025-10-06T12:00:16","slug":"festival-sabores-de-itacare-tera-cozinha-show-vila-do-chocolate-e-pratos-promocionais-confira-programacao","status":"publish","type":"post","link":"https:\/\/cacaunews.com\/?p=6830","title":{"rendered":"Festival Sabores de Itacar\u00e9 ter\u00e1 cozinha show, Vila do Chocolate e pratos promocionais; confira programa\u00e7\u00e3o"},"content":{"rendered":"\n<p>A 11\u00aa edi\u00e7\u00e3o do Festival Sabores de Itacar\u00e9 j\u00e1 tem data para acontecer: de 14 a 26 de outubro. O evento gastron\u00f4mico, que contempla da alta gastronomia ao street food, tornou-se um dos mais esperados do calend\u00e1rio do paradis\u00edaco munic\u00edpio baiano de pouco mais de 27 mil habitantes e deve atrair milhares de turistas para a ocasi\u00e3o.<br><br>\u201cA gera\u00e7\u00e3o de renda direta e indireta \u00e9 a principal linha de crescimento econ\u00f4mico por meio do evento, que se consolida em sua 11\u00aa edi\u00e7\u00e3o. Esperamos um aumento entre 20% e 30% na taxa de ocupa\u00e7\u00e3o hoteleira, al\u00e9m de impulsionar as vendas de produtos, artesanato e insumos nos estabelecimentos participantes\u201d, destacou Marcos Souza, Secret\u00e1rio de Turismo de Itacar\u00e9.<br><br>O evento \u00e9 realizado em duas etapas: 14 a 23 acontece Festival Gastron\u00f4mico e 24 a 26, a Feira Gastron\u00f4mica e Cozinha Show. O festival mant\u00e9m o escopo original do projeto com a perman\u00eancia de a\u00e7\u00f5es como lan\u00e7amentos de pratos promocionais que, neste ano, ter\u00e3o 24 restaurantes participantes e 34 pratos inscritos. Os pratos estar\u00e3o dispon\u00edveis durante todo o evento, entre as op\u00e7\u00f5es est\u00e3o entradas, pratos principais, sobremesas, drinks e lanches inspirados no tema \u201cCacau e Chocolate\u201d. Al\u00e9m de Feira Gastron\u00f4mica e Vila do Chocolate, com exposi\u00e7\u00f5es de produtos e produtores da agricultura familiar, e atra\u00e7\u00f5es musicais e culturais que ainda ser\u00e3o definidas.<br><br>Um dos momentos mais aguardados pelo p\u00fablico, a Cozinha Show contar\u00e1 com grandes chefs como Lucas Corazza, apresentador, palestrante e pesquisador da confeitaria brasileira, eleito duas vezes Melhor Confeiteiro do Ano pela Prazeres da Mesa, Cadu Moura que conquistou os paladares mais exigentes em sua participa\u00e7\u00e3o no reality Mestre do Sabor e Mirian Rocha, Mestre Chocolatier e \u00fanica sommeli\u00e8re de chocolate do Brasil.<br><br>Outros nomes confirmados s\u00e3o Marly Katarina (Caf\u00e9 com Cacau), Dani Fa\u00e7anha (Morro dos Navegantes), Chef Mia Carazoli (Restaurante U\u00e7\u00e1 \u2013 Hotel Aldeia do Mar), Thi\u00e1ra Novas (Mirante Marina), Su\u00e9lio Nascimento (S\u00e3o Jos\u00e9 Beach Club), Nena (Txai Resort), L\u00e9ia Tavares e L\u00e9a Batiston (Coco Pimenta Gastrobar) e Deia Lopes (Restaurante da Fazenda Dengo \u2013 Grupo Origem). O evento ainda ter\u00e1 Cozinha Kids com o palha\u00e7o Shampoo (Sorveteria Show de Bola), Mia Carazoli (@verdeverdinho).<br><br>Ap\u00f3s mais de uma d\u00e9cada de realiza\u00e7\u00e3o do festival, esta edi\u00e7\u00e3o traz novidades, uma delas \u00e9 a mudan\u00e7a do local do evento para a Pra\u00e7a das Mangueiras, a iniciativa visa melhorar a circula\u00e7\u00e3o e o contato com o trade tur\u00edstico. A curadoria retorna \u00e0s m\u00e3os do chef J\u00fanior Fran\u00e7a (Restaurante Mandio \u2013 Hotel Resende Imperial), defensor da culin\u00e1ria regional e contempor\u00e2nea.<br><br>\u201cJ\u00e1 trabalhamos com o tema cacau em outras edi\u00e7\u00f5es. Desta vez, pensamos inicialmente em chocolate, mas por sua complexidade em pratos salgados, optamos por ampliar para \u2018Cacau e Chocolate\u2019, dando mais liberdade criativa aos chefs\u201d, explicou o curador.<br><br>O XI Festival Sabores de Itacar\u00e9 \u00e9 uma realiza\u00e7\u00e3o da Carambola Produ\u00e7\u00f5es e Prefeitura Municipal de Itacar\u00e9, atrav\u00e9s da Secretaria de Turismo de Itacar\u00e9 com apoio do Comtur Itacar\u00e9, C\u00e2mara de Vereadores, SPHA, Sebrae, CAR, SDR, CESOL, SETRE, Secretaria de Turismo da Bahia e Governo do Estado da Bahia.<br><br><strong>SERVI\u00c7O<\/strong><br>11\u00aa edi\u00e7\u00e3o do Festival Sabores de Itacar\u00e9<br>Quando: 14 a 26 de outubro de 2025<br>Onde: Itacar\u00e9\/Bahia<br>Entrada: gratuita<br><br>Confira a programa\u00e7\u00e3o completa:<br><br>De 15 a 26\/10\/2025: Venda dos pratos inscritos nos 24 estabelecimentos participantes do Festival<br><br><strong>COZINHA SHOW<\/strong><br><br><strong>24\/OUTUBRO \u2013 SEXTA-FEIRA<\/strong><br><br>\u25aa 19:00 \u2013 Chef Marly Katarina (Caf\u00e9 com Cacau)<br>Tema: Encantos Caf\u00e9 com Cacau<br><br>\u25aa 20:00 \u2013 Chef Dani Fa\u00e7anha (Morro dos Navegantes)<br>Tema: Mini Burguer de catado de siri com chutney de cacau verde<br><br>\u25aa 21:00 \u2013 Chef Lucas Corazza (Confeiteiro e apresentador GNT)<br>Tema: Sabl\u00e9 Breton (tortinha de chocolate)<br><br>\u25aa 22:00 \u2013 Chef Thi\u00e1ra Novaes (Restaurante Mirante Marina)<br>Tema: Costelinha su\u00edna ao molho de mel de cacau e mostarda em gr\u00e3os com Risoto de gorgonzola.<br><br><strong>25\/OUTUBRO \u2013 S\u00c1BADO<\/strong><br><br>\u25aa 19:00 \u2013 Chef Nena (Txai Resort)<br>Tema: Peixe com Mel de Cacau<br><br>\u25aa 20:00 \u2013 Chef Cadu Moura (Grupo Origem)<br>Apresenta\u00e7\u00e3o do prato: Tagliata do Sol com Roti de Chocolate, pir\u00e3o de queijo coalho e saladinha crocante de coentro.<br><br>\u25aa 21:00 \u2013 Chef Deia Lopes (Toca da Tapioca)<br>Tema: Terra e mar<br><br>\u25aa 22:00 \u2013 Chef Junior Fran\u00e7a (Curador)<br>Tema: Costela Imperial<\/p>\n\n\n\n<p><strong>26\/OUTUBRO \u2013 DOMINGO<\/strong><br><br>\u25aa 19:00 \u2013 Chef L\u00e9a Baptiston \/ Chef L\u00e9ia Tavares (Coco Pimenta Gastrobar)<br>Tema: Do mar ao cacau.<br><br>\u25aa 20:00 \u2013 Chef Mia Pettinati (Aldeia do Mar)<br>Tema: Ceviche de cacau em \u00e1gua<br><br>\u25aa 21:00 \u2013 Chef Mirian Rocha \u2013 Sommeliere de chocolate, chocolatier<br>Tema: Chocolateria moderna \u2013 Cores, texturas e sabores<br><br>\u25aa 22:00 \u2013 Subchef Su\u00e9lio Nascimento (S\u00e3o Jos\u00e9 Beach Club)<br>Tema: Peixe da Bahia<br><br>COZINHA KIDS<br><br><strong>25\/OUTUBRO \u2013 S\u00c1BADO<\/strong><br><br>16:30 \u2013 Chef Mia Carazoli (Verde Verdinho @verdeverdinho)<br>Tema: Comer Bem, Viver Bem<br><br><strong>26\/OUTUBRO \u2013 DOMINGO<\/strong><br><br>16:30 \u2013 Palha\u00e7o Shampoo (Sorveteria Show de Bola)<br><br>Sorteio do pr\u00eamio dia 26\/10\/2025 no palco que ser\u00e1 instalado na Pra\u00e7a da Mangueira, a partir das 23:00 mesmo hor\u00e1rio da abertura do show musical<br><br><strong>FEIRA GASTRON\u00d4MICA (PRA\u00c7A DA MANGUEIRA) \u2013 24 a 26\/10\/25<\/strong><br><br>* Feira Gastron\u00f4mica \u2013 24, 25 e 26\/10 17:00h \u00e0s 23:00h<br>* Apresenta\u00e7\u00e3o Cultural \u2013 24\/10 ap\u00f3s abertura, Vila do chocolate \/ cozinha show<br>* Apresenta\u00e7\u00e3o Cultural \u2013 25\/10 18:00h Arrast\u00e3o Cultural \u2013 saindo do Mar\u00e9 Alta<br>* Apresenta\u00e7\u00e3o Cultural \u2013 26\/10 18:00h Arrast\u00e3o Cultural \u2013 saindo do Mar\u00e9 Alta<br>* Atra\u00e7\u00f5es Musicais \u2013 24\/10 \u00c0 26\/10 \u2013 23:00h \u00e0 1h00<br><br><strong>VILA DO CHOCOLATE<\/strong><br><br>(Av. Pau Brasil \u2013 Estacionamento externo do Hotel Ecoporan)<br><br>24\/10 de 18:00 \u00e0s 23:00<br>25 e 26\/10\/25 de 16:30 \u00e0s 23:00<\/p>\n\n\n\n<p><strong>FESTAS DOS CHEFS<\/strong><br><br>15\/10\/25 (Quarta-Feira) \u00e0s 19h \u2013 Restaurante U\u00e7\u00e1 (Hotel Aldeia do Mar)<br><br>16\/10\/25 (Quinta-Feira) \u00e0s 15h \u2013 Restaurante Mirantes Marina (Praia da Costa)<br><br>18\/10\/25 (S\u00e1bado) \u00e0s 19h Restaurante Alamaim (Pituba)<br><br>19\/10\/25 (Domingo) \u00e0s 19h \u2013 Mar\u00e9 Alta (Orla Mar\u00edtima)<br><br>21\/10\/25 (Ter\u00e7a-feira) \u00e0s 19h \u2013 Blue Ocean Chopp (Praia da Concha)<br><br>22\/10\/25 (Quarta-Feira) \u00e0s 19h \u2013 Restaurante Mandio (Hotel Resende Imperial)<br><br>23\/10\/25 (Quinta-Feira) \u00e0s 19h \u2013 Restaurante Sabores da Terra \u2013 Ecoporan Hotel<br><br><em>*Programa\u00e7\u00e3o sujeita a altera\u00e7\u00e3o<\/em><\/p>\n","protected":false},"excerpt":{"rendered":"<p>A 11\u00aa edi\u00e7\u00e3o do Festival Sabores de Itacar\u00e9 j\u00e1 tem data para acontecer: de 14&#8230;<\/p>\n","protected":false},"author":1,"featured_media":6829,"comment_status":"open","ping_status":"open","sticky":false,"template":"","format":"standard","meta":{"footnotes":""},"categories":[18,31,11],"tags":[353,2435,896,1273,99],"yoast_head":"<!-- This site is optimized with the Yoast SEO plugin v21.7 - https:\/\/yoast.com\/wordpress\/plugins\/seo\/ -->\n<title>Festival Sabores de Itacar\u00e9 ter\u00e1 cozinha show, Vila do Chocolate e pratos promocionais; confira programa\u00e7\u00e3o - Cacau News<\/title>\n<meta name=\"robots\" content=\"index, follow, max-snippet:-1, max-image-preview:large, max-video-preview:-1\" \/>\n<link rel=\"canonical\" href=\"https:\/\/cacaunews.com\/?p=6830\" \/>\n<meta property=\"og:locale\" content=\"pt_BR\" \/>\n<meta property=\"og:type\" content=\"article\" \/>\n<meta property=\"og:title\" content=\"Festival Sabores de Itacar\u00e9 ter\u00e1 cozinha show, Vila do Chocolate e pratos promocionais; confira programa\u00e7\u00e3o - Cacau News\" \/>\n<meta property=\"og:description\" content=\"A 11\u00aa edi\u00e7\u00e3o do Festival Sabores de Itacar\u00e9 j\u00e1 tem data para acontecer: de 14...\" \/>\n<meta property=\"og:url\" content=\"https:\/\/cacaunews.com\/?p=6830\" \/>\n<meta property=\"og:site_name\" content=\"Cacau News\" \/>\n<meta property=\"article:published_time\" content=\"2025-10-06T12:00:16+00:00\" \/>\n<meta name=\"author\" content=\"Reda\u00e7\u00e3o Cacau News\" \/>\n<meta name=\"twitter:card\" content=\"summary_large_image\" \/>\n<meta name=\"twitter:label1\" content=\"Escrito por\" \/>\n\t<meta name=\"twitter:data1\" content=\"Reda\u00e7\u00e3o Cacau News\" \/>\n\t<meta name=\"twitter:label2\" content=\"Est. tempo de leitura\" \/>\n\t<meta name=\"twitter:data2\" content=\"5 minutos\" \/>\n<script type=\"application\/ld+json\" class=\"yoast-schema-graph\">{\"@context\":\"https:\/\/schema.org\",\"@graph\":[{\"@type\":\"Article\",\"@id\":\"https:\/\/cacaunews.com\/?p=6830#article\",\"isPartOf\":{\"@id\":\"https:\/\/cacaunews.com\/?p=6830\"},\"author\":{\"name\":\"Reda\u00e7\u00e3o Cacau News\",\"@id\":\"https:\/\/cacaunews.com\/#\/schema\/person\/ea69703103e606ad347ccd64bd72ef79\"},\"headline\":\"Festival Sabores de Itacar\u00e9 ter\u00e1 cozinha show, Vila do Chocolate e pratos promocionais; confira programa\u00e7\u00e3o\",\"datePublished\":\"2025-10-06T12:00:16+00:00\",\"dateModified\":\"2025-10-06T12:00:16+00:00\",\"mainEntityOfPage\":{\"@id\":\"https:\/\/cacaunews.com\/?p=6830\"},\"wordCount\":963,\"commentCount\":0,\"publisher\":{\"@id\":\"https:\/\/cacaunews.com\/#organization\"},\"keywords\":[\"chocolate\",\"culin\u00e1ria\",\"festival\",\"gastronomia\",\"itacar\u00e9\"],\"articleSection\":[\"cidades\",\"Cultura\",\"Jornalismo\"],\"inLanguage\":\"pt-BR\",\"potentialAction\":[{\"@type\":\"CommentAction\",\"name\":\"Comment\",\"target\":[\"https:\/\/cacaunews.com\/?p=6830#respond\"]}]},{\"@type\":\"WebPage\",\"@id\":\"https:\/\/cacaunews.com\/?p=6830\",\"url\":\"https:\/\/cacaunews.com\/?p=6830\",\"name\":\"Festival Sabores de Itacar\u00e9 ter\u00e1 cozinha show, Vila do Chocolate e pratos promocionais; confira programa\u00e7\u00e3o - Cacau News\",\"isPartOf\":{\"@id\":\"https:\/\/cacaunews.com\/#website\"},\"datePublished\":\"2025-10-06T12:00:16+00:00\",\"dateModified\":\"2025-10-06T12:00:16+00:00\",\"breadcrumb\":{\"@id\":\"https:\/\/cacaunews.com\/?p=6830#breadcrumb\"},\"inLanguage\":\"pt-BR\",\"potentialAction\":[{\"@type\":\"ReadAction\",\"target\":[\"https:\/\/cacaunews.com\/?p=6830\"]}]},{\"@type\":\"BreadcrumbList\",\"@id\":\"https:\/\/cacaunews.com\/?p=6830#breadcrumb\",\"itemListElement\":[{\"@type\":\"ListItem\",\"position\":1,\"name\":\"In\u00edcio\",\"item\":\"https:\/\/cacaunews.com\/\"},{\"@type\":\"ListItem\",\"position\":2,\"name\":\"Festival Sabores de Itacar\u00e9 ter\u00e1 cozinha show, Vila do Chocolate e pratos promocionais; confira programa\u00e7\u00e3o\"}]},{\"@type\":\"WebSite\",\"@id\":\"https:\/\/cacaunews.com\/#website\",\"url\":\"https:\/\/cacaunews.com\/\",\"name\":\"Cacau News\",\"description\":\"A Informa\u00e7\u00e3o que voc\u00ea precisa!\",\"publisher\":{\"@id\":\"https:\/\/cacaunews.com\/#organization\"},\"potentialAction\":[{\"@type\":\"SearchAction\",\"target\":{\"@type\":\"EntryPoint\",\"urlTemplate\":\"https:\/\/cacaunews.com\/?s={search_term_string}\"},\"query-input\":\"required name=search_term_string\"}],\"inLanguage\":\"pt-BR\"},{\"@type\":\"Organization\",\"@id\":\"https:\/\/cacaunews.com\/#organization\",\"name\":\"Cacau News\",\"url\":\"https:\/\/cacaunews.com\/\",\"logo\":{\"@type\":\"ImageObject\",\"inLanguage\":\"pt-BR\",\"@id\":\"https:\/\/cacaunews.com\/#\/schema\/logo\/image\/\",\"url\":\"https:\/\/cacaunews.com\/wp-content\/uploads\/2025\/01\/cropped-LOGO-NOVA.png\",\"contentUrl\":\"https:\/\/cacaunews.com\/wp-content\/uploads\/2025\/01\/cropped-LOGO-NOVA.png\",\"width\":813,\"height\":813,\"caption\":\"Cacau News\"},\"image\":{\"@id\":\"https:\/\/cacaunews.com\/#\/schema\/logo\/image\/\"},\"sameAs\":[\"https:\/\/www.instagram.com\/cacaunews.online\/\",\"https:\/\/youtube.com\/@cacaunews?si=0VXLnjl08SrWbVG9\"]},{\"@type\":\"Person\",\"@id\":\"https:\/\/cacaunews.com\/#\/schema\/person\/ea69703103e606ad347ccd64bd72ef79\",\"name\":\"Reda\u00e7\u00e3o Cacau News\",\"image\":{\"@type\":\"ImageObject\",\"inLanguage\":\"pt-BR\",\"@id\":\"https:\/\/cacaunews.com\/#\/schema\/person\/image\/\",\"url\":\"https:\/\/secure.gravatar.com\/avatar\/d79227a2a7b6cc42e8d7a8f7c284cd3a?s=96&d=mm&r=g\",\"contentUrl\":\"https:\/\/secure.gravatar.com\/avatar\/d79227a2a7b6cc42e8d7a8f7c284cd3a?s=96&d=mm&r=g\",\"caption\":\"Reda\u00e7\u00e3o Cacau News\"},\"sameAs\":[\"https:\/\/cacaunews.com\"],\"url\":\"https:\/\/cacaunews.com\/?author=1\"}]}<\/script>\n<!-- \/ Yoast SEO plugin. -->","yoast_head_json":{"title":"Festival Sabores de Itacar\u00e9 ter\u00e1 cozinha show, Vila do Chocolate e pratos promocionais; confira programa\u00e7\u00e3o - Cacau News","robots":{"index":"index","follow":"follow","max-snippet":"max-snippet:-1","max-image-preview":"max-image-preview:large","max-video-preview":"max-video-preview:-1"},"canonical":"https:\/\/cacaunews.com\/?p=6830","og_locale":"pt_BR","og_type":"article","og_title":"Festival Sabores de Itacar\u00e9 ter\u00e1 cozinha show, Vila do Chocolate e pratos promocionais; confira programa\u00e7\u00e3o - Cacau News","og_description":"A 11\u00aa edi\u00e7\u00e3o do Festival Sabores de Itacar\u00e9 j\u00e1 tem data para acontecer: de 14...","og_url":"https:\/\/cacaunews.com\/?p=6830","og_site_name":"Cacau News","article_published_time":"2025-10-06T12:00:16+00:00","author":"Reda\u00e7\u00e3o Cacau News","twitter_card":"summary_large_image","twitter_misc":{"Escrito por":"Reda\u00e7\u00e3o Cacau News","Est. tempo de leitura":"5 minutos"},"schema":{"@context":"https:\/\/schema.org","@graph":[{"@type":"Article","@id":"https:\/\/cacaunews.com\/?p=6830#article","isPartOf":{"@id":"https:\/\/cacaunews.com\/?p=6830"},"author":{"name":"Reda\u00e7\u00e3o Cacau News","@id":"https:\/\/cacaunews.com\/#\/schema\/person\/ea69703103e606ad347ccd64bd72ef79"},"headline":"Festival Sabores de Itacar\u00e9 ter\u00e1 cozinha show, Vila do Chocolate e pratos promocionais; confira programa\u00e7\u00e3o","datePublished":"2025-10-06T12:00:16+00:00","dateModified":"2025-10-06T12:00:16+00:00","mainEntityOfPage":{"@id":"https:\/\/cacaunews.com\/?p=6830"},"wordCount":963,"commentCount":0,"publisher":{"@id":"https:\/\/cacaunews.com\/#organization"},"keywords":["chocolate","culin\u00e1ria","festival","gastronomia","itacar\u00e9"],"articleSection":["cidades","Cultura","Jornalismo"],"inLanguage":"pt-BR","potentialAction":[{"@type":"CommentAction","name":"Comment","target":["https:\/\/cacaunews.com\/?p=6830#respond"]}]},{"@type":"WebPage","@id":"https:\/\/cacaunews.com\/?p=6830","url":"https:\/\/cacaunews.com\/?p=6830","name":"Festival Sabores de Itacar\u00e9 ter\u00e1 cozinha show, Vila do Chocolate e pratos promocionais; confira programa\u00e7\u00e3o - Cacau News","isPartOf":{"@id":"https:\/\/cacaunews.com\/#website"},"datePublished":"2025-10-06T12:00:16+00:00","dateModified":"2025-10-06T12:00:16+00:00","breadcrumb":{"@id":"https:\/\/cacaunews.com\/?p=6830#breadcrumb"},"inLanguage":"pt-BR","potentialAction":[{"@type":"ReadAction","target":["https:\/\/cacaunews.com\/?p=6830"]}]},{"@type":"BreadcrumbList","@id":"https:\/\/cacaunews.com\/?p=6830#breadcrumb","itemListElement":[{"@type":"ListItem","position":1,"name":"In\u00edcio","item":"https:\/\/cacaunews.com\/"},{"@type":"ListItem","position":2,"name":"Festival Sabores de Itacar\u00e9 ter\u00e1 cozinha show, Vila do Chocolate e pratos promocionais; confira programa\u00e7\u00e3o"}]},{"@type":"WebSite","@id":"https:\/\/cacaunews.com\/#website","url":"https:\/\/cacaunews.com\/","name":"Cacau News","description":"A Informa\u00e7\u00e3o que voc\u00ea precisa!","publisher":{"@id":"https:\/\/cacaunews.com\/#organization"},"potentialAction":[{"@type":"SearchAction","target":{"@type":"EntryPoint","urlTemplate":"https:\/\/cacaunews.com\/?s={search_term_string}"},"query-input":"required name=search_term_string"}],"inLanguage":"pt-BR"},{"@type":"Organization","@id":"https:\/\/cacaunews.com\/#organization","name":"Cacau News","url":"https:\/\/cacaunews.com\/","logo":{"@type":"ImageObject","inLanguage":"pt-BR","@id":"https:\/\/cacaunews.com\/#\/schema\/logo\/image\/","url":"https:\/\/cacaunews.com\/wp-content\/uploads\/2025\/01\/cropped-LOGO-NOVA.png","contentUrl":"https:\/\/cacaunews.com\/wp-content\/uploads\/2025\/01\/cropped-LOGO-NOVA.png","width":813,"height":813,"caption":"Cacau News"},"image":{"@id":"https:\/\/cacaunews.com\/#\/schema\/logo\/image\/"},"sameAs":["https:\/\/www.instagram.com\/cacaunews.online\/","https:\/\/youtube.com\/@cacaunews?si=0VXLnjl08SrWbVG9"]},{"@type":"Person","@id":"https:\/\/cacaunews.com\/#\/schema\/person\/ea69703103e606ad347ccd64bd72ef79","name":"Reda\u00e7\u00e3o Cacau News","image":{"@type":"ImageObject","inLanguage":"pt-BR","@id":"https:\/\/cacaunews.com\/#\/schema\/person\/image\/","url":"https:\/\/secure.gravatar.com\/avatar\/d79227a2a7b6cc42e8d7a8f7c284cd3a?s=96&d=mm&r=g","contentUrl":"https:\/\/secure.gravatar.com\/avatar\/d79227a2a7b6cc42e8d7a8f7c284cd3a?s=96&d=mm&r=g","caption":"Reda\u00e7\u00e3o Cacau News"},"sameAs":["https:\/\/cacaunews.com"],"url":"https:\/\/cacaunews.com\/?author=1"}]}},"jetpack_sharing_enabled":true,"jetpack_featured_media_url":"https:\/\/cacaunews.com\/wp-content\/uploads\/2025\/10\/itacare.jpeg","_links":{"self":[{"href":"https:\/\/cacaunews.com\/index.php?rest_route=\/wp\/v2\/posts\/6830"}],"collection":[{"href":"https:\/\/cacaunews.com\/index.php?rest_route=\/wp\/v2\/posts"}],"about":[{"href":"https:\/\/cacaunews.com\/index.php?rest_route=\/wp\/v2\/types\/post"}],"author":[{"embeddable":true,"href":"https:\/\/cacaunews.com\/index.php?rest_route=\/wp\/v2\/users\/1"}],"replies":[{"embeddable":true,"href":"https:\/\/cacaunews.com\/index.php?rest_route=%2Fwp%2Fv2%2Fcomments&post=6830"}],"version-history":[{"count":0,"href":"https:\/\/cacaunews.com\/index.php?rest_route=\/wp\/v2\/posts\/6830\/revisions"}],"wp:featuredmedia":[{"embeddable":true,"href":"https:\/\/cacaunews.com\/index.php?rest_route=\/wp\/v2\/media\/6829"}],"wp:attachment":[{"href":"https:\/\/cacaunews.com\/index.php?rest_route=%2Fwp%2Fv2%2Fmedia&parent=6830"}],"wp:term":[{"taxonomy":"category","embeddable":true,"href":"https:\/\/cacaunews.com\/index.php?rest_route=%2Fwp%2Fv2%2Fcategories&post=6830"},{"taxonomy":"post_tag","embeddable":true,"href":"https:\/\/cacaunews.com\/index.php?rest_route=%2Fwp%2Fv2%2Ftags&post=6830"}],"curies":[{"name":"wp","href":"https:\/\/api.w.org\/{rel}","templated":true}]}}