{"id":6862,"date":"2025-10-23T18:00:40","date_gmt":"2025-10-23T18:00:40","guid":{"rendered":"https:\/\/cacaunews.com\/?p=6862"},"modified":"2025-10-23T18:00:40","modified_gmt":"2025-10-23T18:00:40","slug":"governador-jeronimo-rodrigues-e-ministro-rui-costa-confirmam-presenca-em-congresso-da-amurc-em-itacare","status":"publish","type":"post","link":"https:\/\/cacaunews.com\/?p=6862","title":{"rendered":"Governador Jer\u00f4nimo Rodrigues e Ministro Rui Costa confirmam presen\u00e7a em Congresso da AMURC, em Itacar\u00e9."},"content":{"rendered":"\n<p>O Municipalismo em Foco, congresso promovido pela AMURC &#8211; Associa\u00e7\u00e3o dos Munic\u00edpios do Sul, Extremo Sul e Sudoeste Baiano), acontecer\u00e1 no pr\u00f3ximo fim de semana, 25 e 26 de outubro, em Itacar\u00e9, e ter\u00e1 a participa\u00e7\u00e3o de importantes l\u00edderes pol\u00edticos. Na programa\u00e7\u00e3o, especialistas v\u00e3o apresentar de forma pr\u00e1tica e t\u00e9cnica, demandas que impactam os munic\u00edpios.<br><br>Est\u00e3o confirmadas as presen\u00e7as do Governador da Bahia, Jer\u00f4nimo Rodrigues, e do Ministro da Casa Civil, Rui Costa, que se juntar\u00e3o a uma expressiva comitiva composta por mais de 50 prefeitos, al\u00e9m de senadores e deputados, para debater a agenda municipalista e o futuro da regi\u00e3o.<br><br>O evento, que \u00e9 um dos principais encontros de l\u00edderes municipais do Estado, visa fortalecer a discuss\u00e3o de pol\u00edticas p\u00fablicas e a articula\u00e7\u00e3o de recursos para o desenvolvimento socioecon\u00f4mico dos munic\u00edpios do Sul e Extremo Sul da Bahia.<br><br>Para o presidente da AMURC e prefeito de Itaju do Col\u00f4nia, Elder Fontes, o Congresso refor\u00e7a um princ\u00edpio vital para a regi\u00e3o: \u201cN\u00f3s vamos debater juntos e vamos precisar nos unir para deliberar sobre assuntos em comuns a nossa regi\u00e3o. Precisamos permanecer unidos para defender as pautas que influenciam diretamente nos nossos munic\u00edpios\u201d.<br><br><strong>Programa\u00e7\u00e3o<\/strong><br><br>A abertura oficial acontece \u00e0s 10 horas, com uma mesa institucional, composta por autoridades. No per\u00edodo da tarde ser\u00e1 realizado o painel institucional com os parceiros: Caixa, Sebrae, IMAP e UESC. <br><br>Em seguida, inicia a mesa t\u00e9cnica com as seguintes palestras: Planejamento financeiro atrav\u00e9s do fluxo de caixa projetado, com o palestrante Terence Lessa; FUNDEB, IDEB e Censo Escolar: Gest\u00e3o Eficiente para Fortalecer a Educa\u00e7\u00e3o B\u00e1sica, com o palestrante Erivaldo Oliveira; PEC 66, os benef\u00edcios aduzidos, com o palestrante Willian Guimar\u00e3es e o Setor de Compras como Setor Estrat\u00e9gico e Ferramenta de Gest\u00e3o com o palestrante Neemias Ferreira.<br><br>No segundo dia do evento, acontece a palestra Parceria P\u00fablico-Privada nos segmentos de Infraestrutura Social com \u00eanfase em educa\u00e7\u00e3o, com o palestrante: Igor Torres; A maximiza\u00e7\u00e3o do Piso de aten\u00e7\u00e3o prim\u00e1ria de forma estrat\u00e9gica, com o palestrante Alysson Ribeiro e o Plano anual de sa\u00fade e presta\u00e7\u00e3o de contas de emendas parlamentares de custeio \u00e0 sa\u00fade, com o palestrante Max Almeida.<\/p>\n\n\n\n<figure class=\"wp-block-image size-large\"><img fetchpriority=\"high\" decoding=\"async\" width=\"819\" height=\"1024\" src=\"https:\/\/cacaunews.com\/wp-content\/uploads\/2025\/10\/img-20251023-wa0046846901192316441658-819x1024.jpg\" alt=\"\" class=\"wp-image-6858\" srcset=\"https:\/\/cacaunews.com\/wp-content\/uploads\/2025\/10\/img-20251023-wa0046846901192316441658-819x1024.jpg 819w, https:\/\/cacaunews.com\/wp-content\/uploads\/2025\/10\/img-20251023-wa0046846901192316441658-240x300.jpg 240w, https:\/\/cacaunews.com\/wp-content\/uploads\/2025\/10\/img-20251023-wa0046846901192316441658-768x960.jpg 768w, https:\/\/cacaunews.com\/wp-content\/uploads\/2025\/10\/img-20251023-wa0046846901192316441658-1024x1280.jpg 1024w, https:\/\/cacaunews.com\/wp-content\/uploads\/2025\/10\/img-20251023-wa0046846901192316441658.jpg 1080w\" sizes=\"(max-width: 819px) 100vw, 819px\" \/><\/figure>\n\n\n\n<figure class=\"wp-block-image\"><img decoding=\"async\" width=\"819\" height=\"1024\" src=\"https:\/\/cacaunews.com\/wp-content\/uploads\/2025\/10\/img-20251023-wa00472576438238134699610-819x1024.jpg\" alt=\"\" class=\"wp-image-6859\" srcset=\"https:\/\/cacaunews.com\/wp-content\/uploads\/2025\/10\/img-20251023-wa00472576438238134699610-819x1024.jpg 819w, https:\/\/cacaunews.com\/wp-content\/uploads\/2025\/10\/img-20251023-wa00472576438238134699610-240x300.jpg 240w, https:\/\/cacaunews.com\/wp-content\/uploads\/2025\/10\/img-20251023-wa00472576438238134699610-768x960.jpg 768w, https:\/\/cacaunews.com\/wp-content\/uploads\/2025\/10\/img-20251023-wa00472576438238134699610-1024x1280.jpg 1024w, https:\/\/cacaunews.com\/wp-content\/uploads\/2025\/10\/img-20251023-wa00472576438238134699610.jpg 1080w\" sizes=\"(max-width: 819px) 100vw, 819px\" \/><\/figure>\n\n\n\n<figure class=\"wp-block-image\"><img decoding=\"async\" width=\"819\" height=\"1024\" src=\"https:\/\/cacaunews.com\/wp-content\/uploads\/2025\/10\/img-20251023-wa00481664904986612973957-819x1024.jpg\" alt=\"\" class=\"wp-image-6860\" srcset=\"https:\/\/cacaunews.com\/wp-content\/uploads\/2025\/10\/img-20251023-wa00481664904986612973957-819x1024.jpg 819w, https:\/\/cacaunews.com\/wp-content\/uploads\/2025\/10\/img-20251023-wa00481664904986612973957-240x300.jpg 240w, https:\/\/cacaunews.com\/wp-content\/uploads\/2025\/10\/img-20251023-wa00481664904986612973957-768x960.jpg 768w, https:\/\/cacaunews.com\/wp-content\/uploads\/2025\/10\/img-20251023-wa00481664904986612973957-1024x1280.jpg 1024w, https:\/\/cacaunews.com\/wp-content\/uploads\/2025\/10\/img-20251023-wa00481664904986612973957.jpg 1080w\" sizes=\"(max-width: 819px) 100vw, 819px\" \/><\/figure>\n","protected":false},"excerpt":{"rendered":"<p>O Municipalismo em Foco, congresso promovido pela AMURC &#8211; Associa\u00e7\u00e3o dos Munic\u00edpios do Sul, Extremo&#8230;<\/p>\n","protected":false},"author":1,"featured_media":6861,"comment_status":"open","ping_status":"open","sticky":false,"template":"","format":"standard","meta":{"footnotes":""},"categories":[18,11,5],"tags":[238,1070,507,2443],"yoast_head":"<!-- This site is optimized with the Yoast SEO plugin v21.7 - https:\/\/yoast.com\/wordpress\/plugins\/seo\/ -->\n<title>Governador Jer\u00f4nimo Rodrigues e Ministro Rui Costa confirmam presen\u00e7a em Congresso da AMURC, em Itacar\u00e9. - Cacau News<\/title>\n<meta name=\"robots\" content=\"index, follow, max-snippet:-1, max-image-preview:large, max-video-preview:-1\" \/>\n<link rel=\"canonical\" href=\"https:\/\/cacaunews.com\/?p=6862\" \/>\n<meta property=\"og:locale\" content=\"pt_BR\" \/>\n<meta property=\"og:type\" content=\"article\" \/>\n<meta property=\"og:title\" content=\"Governador Jer\u00f4nimo Rodrigues e Ministro Rui Costa confirmam presen\u00e7a em Congresso da AMURC, em Itacar\u00e9. - Cacau News\" \/>\n<meta property=\"og:description\" content=\"O Municipalismo em Foco, congresso promovido pela AMURC &#8211; Associa\u00e7\u00e3o dos Munic\u00edpios do Sul, Extremo...\" \/>\n<meta property=\"og:url\" content=\"https:\/\/cacaunews.com\/?p=6862\" \/>\n<meta property=\"og:site_name\" content=\"Cacau News\" \/>\n<meta property=\"article:published_time\" content=\"2025-10-23T18:00:40+00:00\" \/>\n<meta property=\"og:image\" content=\"https:\/\/cacaunews.com\/wp-content\/uploads\/2025\/10\/img-20251023-wa0046846901192316441658-819x1024.jpg\" \/>\n<meta name=\"author\" content=\"Reda\u00e7\u00e3o Cacau News\" \/>\n<meta name=\"twitter:card\" content=\"summary_large_image\" \/>\n<meta name=\"twitter:label1\" content=\"Escrito por\" \/>\n\t<meta name=\"twitter:data1\" content=\"Reda\u00e7\u00e3o Cacau News\" \/>\n\t<meta name=\"twitter:label2\" content=\"Est. tempo de leitura\" \/>\n\t<meta name=\"twitter:data2\" content=\"2 minutos\" \/>\n<script type=\"application\/ld+json\" class=\"yoast-schema-graph\">{\"@context\":\"https:\/\/schema.org\",\"@graph\":[{\"@type\":\"Article\",\"@id\":\"https:\/\/cacaunews.com\/?p=6862#article\",\"isPartOf\":{\"@id\":\"https:\/\/cacaunews.com\/?p=6862\"},\"author\":{\"name\":\"Reda\u00e7\u00e3o Cacau News\",\"@id\":\"https:\/\/cacaunews.com\/#\/schema\/person\/ea69703103e606ad347ccd64bd72ef79\"},\"headline\":\"Governador Jer\u00f4nimo Rodrigues e Ministro Rui Costa confirmam presen\u00e7a em Congresso da AMURC, em Itacar\u00e9.\",\"datePublished\":\"2025-10-23T18:00:40+00:00\",\"dateModified\":\"2025-10-23T18:00:40+00:00\",\"mainEntityOfPage\":{\"@id\":\"https:\/\/cacaunews.com\/?p=6862\"},\"wordCount\":413,\"commentCount\":0,\"publisher\":{\"@id\":\"https:\/\/cacaunews.com\/#organization\"},\"keywords\":[\"AMURC\",\"congresso\",\"encontro regional\",\"foco\"],\"articleSection\":[\"cidades\",\"Jornalismo\",\"Politica\"],\"inLanguage\":\"pt-BR\",\"potentialAction\":[{\"@type\":\"CommentAction\",\"name\":\"Comment\",\"target\":[\"https:\/\/cacaunews.com\/?p=6862#respond\"]}]},{\"@type\":\"WebPage\",\"@id\":\"https:\/\/cacaunews.com\/?p=6862\",\"url\":\"https:\/\/cacaunews.com\/?p=6862\",\"name\":\"Governador Jer\u00f4nimo Rodrigues e Ministro Rui Costa confirmam presen\u00e7a em Congresso da AMURC, em Itacar\u00e9. - Cacau News\",\"isPartOf\":{\"@id\":\"https:\/\/cacaunews.com\/#website\"},\"datePublished\":\"2025-10-23T18:00:40+00:00\",\"dateModified\":\"2025-10-23T18:00:40+00:00\",\"breadcrumb\":{\"@id\":\"https:\/\/cacaunews.com\/?p=6862#breadcrumb\"},\"inLanguage\":\"pt-BR\",\"potentialAction\":[{\"@type\":\"ReadAction\",\"target\":[\"https:\/\/cacaunews.com\/?p=6862\"]}]},{\"@type\":\"BreadcrumbList\",\"@id\":\"https:\/\/cacaunews.com\/?p=6862#breadcrumb\",\"itemListElement\":[{\"@type\":\"ListItem\",\"position\":1,\"name\":\"In\u00edcio\",\"item\":\"https:\/\/cacaunews.com\/\"},{\"@type\":\"ListItem\",\"position\":2,\"name\":\"Governador Jer\u00f4nimo Rodrigues e Ministro Rui Costa confirmam presen\u00e7a em Congresso da AMURC, em Itacar\u00e9.\"}]},{\"@type\":\"WebSite\",\"@id\":\"https:\/\/cacaunews.com\/#website\",\"url\":\"https:\/\/cacaunews.com\/\",\"name\":\"Cacau News\",\"description\":\"A Informa\u00e7\u00e3o que voc\u00ea precisa!\",\"publisher\":{\"@id\":\"https:\/\/cacaunews.com\/#organization\"},\"potentialAction\":[{\"@type\":\"SearchAction\",\"target\":{\"@type\":\"EntryPoint\",\"urlTemplate\":\"https:\/\/cacaunews.com\/?s={search_term_string}\"},\"query-input\":\"required name=search_term_string\"}],\"inLanguage\":\"pt-BR\"},{\"@type\":\"Organization\",\"@id\":\"https:\/\/cacaunews.com\/#organization\",\"name\":\"Cacau News\",\"url\":\"https:\/\/cacaunews.com\/\",\"logo\":{\"@type\":\"ImageObject\",\"inLanguage\":\"pt-BR\",\"@id\":\"https:\/\/cacaunews.com\/#\/schema\/logo\/image\/\",\"url\":\"https:\/\/cacaunews.com\/wp-content\/uploads\/2025\/01\/cropped-LOGO-NOVA.png\",\"contentUrl\":\"https:\/\/cacaunews.com\/wp-content\/uploads\/2025\/01\/cropped-LOGO-NOVA.png\",\"width\":813,\"height\":813,\"caption\":\"Cacau News\"},\"image\":{\"@id\":\"https:\/\/cacaunews.com\/#\/schema\/logo\/image\/\"},\"sameAs\":[\"https:\/\/www.instagram.com\/cacaunews.online\/\",\"https:\/\/youtube.com\/@cacaunews?si=0VXLnjl08SrWbVG9\"]},{\"@type\":\"Person\",\"@id\":\"https:\/\/cacaunews.com\/#\/schema\/person\/ea69703103e606ad347ccd64bd72ef79\",\"name\":\"Reda\u00e7\u00e3o Cacau News\",\"image\":{\"@type\":\"ImageObject\",\"inLanguage\":\"pt-BR\",\"@id\":\"https:\/\/cacaunews.com\/#\/schema\/person\/image\/\",\"url\":\"https:\/\/secure.gravatar.com\/avatar\/d79227a2a7b6cc42e8d7a8f7c284cd3a?s=96&d=mm&r=g\",\"contentUrl\":\"https:\/\/secure.gravatar.com\/avatar\/d79227a2a7b6cc42e8d7a8f7c284cd3a?s=96&d=mm&r=g\",\"caption\":\"Reda\u00e7\u00e3o Cacau News\"},\"sameAs\":[\"https:\/\/cacaunews.com\"],\"url\":\"https:\/\/cacaunews.com\/?author=1\"}]}<\/script>\n<!-- \/ Yoast SEO plugin. -->","yoast_head_json":{"title":"Governador Jer\u00f4nimo Rodrigues e Ministro Rui Costa confirmam presen\u00e7a em Congresso da AMURC, em Itacar\u00e9. - Cacau News","robots":{"index":"index","follow":"follow","max-snippet":"max-snippet:-1","max-image-preview":"max-image-preview:large","max-video-preview":"max-video-preview:-1"},"canonical":"https:\/\/cacaunews.com\/?p=6862","og_locale":"pt_BR","og_type":"article","og_title":"Governador Jer\u00f4nimo Rodrigues e Ministro Rui Costa confirmam presen\u00e7a em Congresso da AMURC, em Itacar\u00e9. - Cacau News","og_description":"O Municipalismo em Foco, congresso promovido pela AMURC &#8211; Associa\u00e7\u00e3o dos Munic\u00edpios do Sul, Extremo...","og_url":"https:\/\/cacaunews.com\/?p=6862","og_site_name":"Cacau News","article_published_time":"2025-10-23T18:00:40+00:00","og_image":[{"url":"https:\/\/cacaunews.com\/wp-content\/uploads\/2025\/10\/img-20251023-wa0046846901192316441658-819x1024.jpg"}],"author":"Reda\u00e7\u00e3o Cacau News","twitter_card":"summary_large_image","twitter_misc":{"Escrito por":"Reda\u00e7\u00e3o Cacau News","Est. tempo de leitura":"2 minutos"},"schema":{"@context":"https:\/\/schema.org","@graph":[{"@type":"Article","@id":"https:\/\/cacaunews.com\/?p=6862#article","isPartOf":{"@id":"https:\/\/cacaunews.com\/?p=6862"},"author":{"name":"Reda\u00e7\u00e3o Cacau News","@id":"https:\/\/cacaunews.com\/#\/schema\/person\/ea69703103e606ad347ccd64bd72ef79"},"headline":"Governador Jer\u00f4nimo Rodrigues e Ministro Rui Costa confirmam presen\u00e7a em Congresso da AMURC, em Itacar\u00e9.","datePublished":"2025-10-23T18:00:40+00:00","dateModified":"2025-10-23T18:00:40+00:00","mainEntityOfPage":{"@id":"https:\/\/cacaunews.com\/?p=6862"},"wordCount":413,"commentCount":0,"publisher":{"@id":"https:\/\/cacaunews.com\/#organization"},"keywords":["AMURC","congresso","encontro regional","foco"],"articleSection":["cidades","Jornalismo","Politica"],"inLanguage":"pt-BR","potentialAction":[{"@type":"CommentAction","name":"Comment","target":["https:\/\/cacaunews.com\/?p=6862#respond"]}]},{"@type":"WebPage","@id":"https:\/\/cacaunews.com\/?p=6862","url":"https:\/\/cacaunews.com\/?p=6862","name":"Governador Jer\u00f4nimo Rodrigues e Ministro Rui Costa confirmam presen\u00e7a em Congresso da AMURC, em Itacar\u00e9. - Cacau News","isPartOf":{"@id":"https:\/\/cacaunews.com\/#website"},"datePublished":"2025-10-23T18:00:40+00:00","dateModified":"2025-10-23T18:00:40+00:00","breadcrumb":{"@id":"https:\/\/cacaunews.com\/?p=6862#breadcrumb"},"inLanguage":"pt-BR","potentialAction":[{"@type":"ReadAction","target":["https:\/\/cacaunews.com\/?p=6862"]}]},{"@type":"BreadcrumbList","@id":"https:\/\/cacaunews.com\/?p=6862#breadcrumb","itemListElement":[{"@type":"ListItem","position":1,"name":"In\u00edcio","item":"https:\/\/cacaunews.com\/"},{"@type":"ListItem","position":2,"name":"Governador Jer\u00f4nimo Rodrigues e Ministro Rui Costa confirmam presen\u00e7a em Congresso da AMURC, em Itacar\u00e9."}]},{"@type":"WebSite","@id":"https:\/\/cacaunews.com\/#website","url":"https:\/\/cacaunews.com\/","name":"Cacau News","description":"A Informa\u00e7\u00e3o que voc\u00ea precisa!","publisher":{"@id":"https:\/\/cacaunews.com\/#organization"},"potentialAction":[{"@type":"SearchAction","target":{"@type":"EntryPoint","urlTemplate":"https:\/\/cacaunews.com\/?s={search_term_string}"},"query-input":"required name=search_term_string"}],"inLanguage":"pt-BR"},{"@type":"Organization","@id":"https:\/\/cacaunews.com\/#organization","name":"Cacau News","url":"https:\/\/cacaunews.com\/","logo":{"@type":"ImageObject","inLanguage":"pt-BR","@id":"https:\/\/cacaunews.com\/#\/schema\/logo\/image\/","url":"https:\/\/cacaunews.com\/wp-content\/uploads\/2025\/01\/cropped-LOGO-NOVA.png","contentUrl":"https:\/\/cacaunews.com\/wp-content\/uploads\/2025\/01\/cropped-LOGO-NOVA.png","width":813,"height":813,"caption":"Cacau News"},"image":{"@id":"https:\/\/cacaunews.com\/#\/schema\/logo\/image\/"},"sameAs":["https:\/\/www.instagram.com\/cacaunews.online\/","https:\/\/youtube.com\/@cacaunews?si=0VXLnjl08SrWbVG9"]},{"@type":"Person","@id":"https:\/\/cacaunews.com\/#\/schema\/person\/ea69703103e606ad347ccd64bd72ef79","name":"Reda\u00e7\u00e3o Cacau News","image":{"@type":"ImageObject","inLanguage":"pt-BR","@id":"https:\/\/cacaunews.com\/#\/schema\/person\/image\/","url":"https:\/\/secure.gravatar.com\/avatar\/d79227a2a7b6cc42e8d7a8f7c284cd3a?s=96&d=mm&r=g","contentUrl":"https:\/\/secure.gravatar.com\/avatar\/d79227a2a7b6cc42e8d7a8f7c284cd3a?s=96&d=mm&r=g","caption":"Reda\u00e7\u00e3o Cacau News"},"sameAs":["https:\/\/cacaunews.com"],"url":"https:\/\/cacaunews.com\/?author=1"}]}},"jetpack_sharing_enabled":true,"jetpack_featured_media_url":"https:\/\/cacaunews.com\/wp-content\/uploads\/2025\/10\/image_editor_output_image1847513706-1761242689254.jpg","_links":{"self":[{"href":"https:\/\/cacaunews.com\/index.php?rest_route=\/wp\/v2\/posts\/6862"}],"collection":[{"href":"https:\/\/cacaunews.com\/index.php?rest_route=\/wp\/v2\/posts"}],"about":[{"href":"https:\/\/cacaunews.com\/index.php?rest_route=\/wp\/v2\/types\/post"}],"author":[{"embeddable":true,"href":"https:\/\/cacaunews.com\/index.php?rest_route=\/wp\/v2\/users\/1"}],"replies":[{"embeddable":true,"href":"https:\/\/cacaunews.com\/index.php?rest_route=%2Fwp%2Fv2%2Fcomments&post=6862"}],"version-history":[{"count":0,"href":"https:\/\/cacaunews.com\/index.php?rest_route=\/wp\/v2\/posts\/6862\/revisions"}],"wp:featuredmedia":[{"embeddable":true,"href":"https:\/\/cacaunews.com\/index.php?rest_route=\/wp\/v2\/media\/6861"}],"wp:attachment":[{"href":"https:\/\/cacaunews.com\/index.php?rest_route=%2Fwp%2Fv2%2Fmedia&parent=6862"}],"wp:term":[{"taxonomy":"category","embeddable":true,"href":"https:\/\/cacaunews.com\/index.php?rest_route=%2Fwp%2Fv2%2Fcategories&post=6862"},{"taxonomy":"post_tag","embeddable":true,"href":"https:\/\/cacaunews.com\/index.php?rest_route=%2Fwp%2Fv2%2Ftags&post=6862"}],"curies":[{"name":"wp","href":"https:\/\/api.w.org\/{rel}","templated":true}]}}