{"id":69,"date":"2022-12-07T00:59:56","date_gmt":"2022-12-07T00:59:56","guid":{"rendered":"https:\/\/cacaunews.com\/?p=69"},"modified":"2022-12-07T01:55:52","modified_gmt":"2022-12-07T01:55:52","slug":"uso-de-mascaras-volta-a-ser-obrigatorio-em-locais-fechados-em-toda-ba","status":"publish","type":"post","link":"https:\/\/cacaunews.com\/?p=69","title":{"rendered":"Uso de M\u00e1scaras volta a ser obrigat\u00f3rio em locais fechados em toda BA."},"content":{"rendered":"<p><img fetchpriority=\"high\" decoding=\"async\" class=\"wp-image-73 aligncenter\" src=\"https:\/\/cacaunews.com\/wp-content\/uploads\/2022\/12\/Uso-de-mascaras-300x122.jpg\" alt=\"\" width=\"605\" height=\"246\" srcset=\"https:\/\/cacaunews.com\/wp-content\/uploads\/2022\/12\/Uso-de-mascaras-300x122.jpg 300w, https:\/\/cacaunews.com\/wp-content\/uploads\/2022\/12\/Uso-de-mascaras-768x313.jpg 768w, https:\/\/cacaunews.com\/wp-content\/uploads\/2022\/12\/Uso-de-mascaras.jpg 860w\" sizes=\"(max-width: 605px) 100vw, 605px\" \/><\/p>\n<p>&nbsp;<\/p>\n<p><strong><span style=\"vertical-align: inherit;\"><span style=\"vertical-align: inherit;\">BAHIA:<\/span><\/span><\/strong><span style=\"vertical-align: inherit;\"><span style=\"vertical-align: inherit;\"> O uso de m\u00e1scaras voltar\u00e1 a ser obrigat\u00f3rio em ambientes fechados na Bahia a partir de ter\u00e7a-feira (29). <\/span><span style=\"vertical-align: inherit;\">A investiga\u00e7\u00e3o vale para todo o territ\u00f3rio baiano e, segundo o governo do estado, tem como objetivo conter a dissemina\u00e7\u00e3o da Covid-19, ap\u00f3s o aumento do n\u00famero de casos da doen\u00e7a.<\/span><\/span><\/p>\n<p><span style=\"vertical-align: inherit;\"><span style=\"vertical-align: inherit;\">A medida j\u00e1 havia sido anunciada pelo governador Rui Costa (PT) pela manh\u00e3 e foi detalhada no final da noite da segunda (28). <\/span><span style=\"vertical-align: inherit;\">Segundo o governo, o decreto com a heran\u00e7a ser\u00e1 publicado no Di\u00e1rio Oficial do Estado (DOE) desta ter\u00e7a.<\/span><\/span><\/p>\n<p><span style=\"vertical-align: inherit;\"><span style=\"vertical-align: inherit;\">Com informa\u00e7\u00f5es do IBahia.<\/span><\/span><\/p>\n<p><span style=\"vertical-align: inherit;\"><span style=\"vertical-align: inherit;\">Not\u00edcias Cacau. <\/span><\/span><br \/>\n<span style=\"vertical-align: inherit;\"><span style=\"vertical-align: inherit;\">A Not\u00edcia em primeiro lugar!<\/span><\/span><\/p>\n","protected":false},"excerpt":{"rendered":"<p>&nbsp; BAHIA: O uso de m\u00e1scaras voltar\u00e1 a ser obrigat\u00f3rio em ambientes fechados na Bahia&#8230;<\/p>\n","protected":false},"author":1,"featured_media":73,"comment_status":"open","ping_status":"open","sticky":false,"template":"","format":"video","meta":{"footnotes":""},"categories":[11],"tags":[6,12,13],"yoast_head":"<!-- This site is optimized with the Yoast SEO plugin v21.7 - https:\/\/yoast.com\/wordpress\/plugins\/seo\/ -->\n<title>Uso de M\u00e1scaras volta a ser obrigat\u00f3rio em locais fechados em toda BA. - Cacau News<\/title>\n<meta name=\"robots\" content=\"index, follow, max-snippet:-1, max-image-preview:large, max-video-preview:-1\" \/>\n<link rel=\"canonical\" href=\"https:\/\/cacaunews.com\/?p=69\" \/>\n<meta property=\"og:locale\" content=\"pt_BR\" \/>\n<meta property=\"og:type\" content=\"article\" \/>\n<meta property=\"og:title\" content=\"Uso de M\u00e1scaras volta a ser obrigat\u00f3rio em locais fechados em toda BA. - Cacau News\" \/>\n<meta property=\"og:description\" content=\"&nbsp; BAHIA: O uso de m\u00e1scaras voltar\u00e1 a ser obrigat\u00f3rio em ambientes fechados na Bahia...\" \/>\n<meta property=\"og:url\" content=\"https:\/\/cacaunews.com\/?p=69\" \/>\n<meta property=\"og:site_name\" content=\"Cacau News\" \/>\n<meta property=\"article:published_time\" content=\"2022-12-07T00:59:56+00:00\" \/>\n<meta property=\"article:modified_time\" content=\"2022-12-07T01:55:52+00:00\" \/>\n<meta property=\"og:image\" content=\"https:\/\/cacaunews.com\/wp-content\/uploads\/2022\/12\/Uso-de-mascaras.jpg\" \/>\n\t<meta property=\"og:image:width\" content=\"860\" \/>\n\t<meta property=\"og:image:height\" content=\"350\" \/>\n\t<meta property=\"og:image:type\" content=\"image\/jpeg\" \/>\n<meta name=\"author\" content=\"Reda\u00e7\u00e3o Cacau News\" \/>\n<meta name=\"twitter:card\" content=\"summary_large_image\" \/>\n<meta name=\"twitter:label1\" content=\"Escrito por\" \/>\n\t<meta name=\"twitter:data1\" content=\"Reda\u00e7\u00e3o Cacau News\" \/>\n\t<meta name=\"twitter:label2\" content=\"Est. tempo de leitura\" \/>\n\t<meta name=\"twitter:data2\" content=\"1 minuto\" \/>\n<script type=\"application\/ld+json\" class=\"yoast-schema-graph\">{\"@context\":\"https:\/\/schema.org\",\"@graph\":[{\"@type\":\"Article\",\"@id\":\"https:\/\/cacaunews.com\/?p=69#article\",\"isPartOf\":{\"@id\":\"https:\/\/cacaunews.com\/?p=69\"},\"author\":{\"name\":\"Reda\u00e7\u00e3o Cacau News\",\"@id\":\"https:\/\/cacaunews.com\/#\/schema\/person\/ea69703103e606ad347ccd64bd72ef79\"},\"headline\":\"Uso de M\u00e1scaras volta a ser obrigat\u00f3rio em locais fechados em toda BA.\",\"datePublished\":\"2022-12-07T00:59:56+00:00\",\"dateModified\":\"2022-12-07T01:55:52+00:00\",\"mainEntityOfPage\":{\"@id\":\"https:\/\/cacaunews.com\/?p=69\"},\"wordCount\":131,\"commentCount\":0,\"publisher\":{\"@id\":\"https:\/\/cacaunews.com\/#organization\"},\"keywords\":[\"#internet\",\"covid-19\",\"sa\u00fade\"],\"articleSection\":[\"Jornalismo\"],\"inLanguage\":\"pt-BR\",\"potentialAction\":[{\"@type\":\"CommentAction\",\"name\":\"Comment\",\"target\":[\"https:\/\/cacaunews.com\/?p=69#respond\"]}]},{\"@type\":\"WebPage\",\"@id\":\"https:\/\/cacaunews.com\/?p=69\",\"url\":\"https:\/\/cacaunews.com\/?p=69\",\"name\":\"Uso de M\u00e1scaras volta a ser obrigat\u00f3rio em locais fechados em toda BA. - Cacau News\",\"isPartOf\":{\"@id\":\"https:\/\/cacaunews.com\/#website\"},\"datePublished\":\"2022-12-07T00:59:56+00:00\",\"dateModified\":\"2022-12-07T01:55:52+00:00\",\"breadcrumb\":{\"@id\":\"https:\/\/cacaunews.com\/?p=69#breadcrumb\"},\"inLanguage\":\"pt-BR\",\"potentialAction\":[{\"@type\":\"ReadAction\",\"target\":[\"https:\/\/cacaunews.com\/?p=69\"]}]},{\"@type\":\"BreadcrumbList\",\"@id\":\"https:\/\/cacaunews.com\/?p=69#breadcrumb\",\"itemListElement\":[{\"@type\":\"ListItem\",\"position\":1,\"name\":\"In\u00edcio\",\"item\":\"https:\/\/cacaunews.com\/\"},{\"@type\":\"ListItem\",\"position\":2,\"name\":\"Uso de M\u00e1scaras volta a ser obrigat\u00f3rio em locais fechados em toda BA.\"}]},{\"@type\":\"WebSite\",\"@id\":\"https:\/\/cacaunews.com\/#website\",\"url\":\"https:\/\/cacaunews.com\/\",\"name\":\"Cacau News\",\"description\":\"A Informa\u00e7\u00e3o que voc\u00ea precisa!\",\"publisher\":{\"@id\":\"https:\/\/cacaunews.com\/#organization\"},\"potentialAction\":[{\"@type\":\"SearchAction\",\"target\":{\"@type\":\"EntryPoint\",\"urlTemplate\":\"https:\/\/cacaunews.com\/?s={search_term_string}\"},\"query-input\":\"required name=search_term_string\"}],\"inLanguage\":\"pt-BR\"},{\"@type\":\"Organization\",\"@id\":\"https:\/\/cacaunews.com\/#organization\",\"name\":\"Cacau News\",\"url\":\"https:\/\/cacaunews.com\/\",\"logo\":{\"@type\":\"ImageObject\",\"inLanguage\":\"pt-BR\",\"@id\":\"https:\/\/cacaunews.com\/#\/schema\/logo\/image\/\",\"url\":\"https:\/\/cacaunews.com\/wp-content\/uploads\/2025\/01\/cropped-LOGO-NOVA.png\",\"contentUrl\":\"https:\/\/cacaunews.com\/wp-content\/uploads\/2025\/01\/cropped-LOGO-NOVA.png\",\"width\":813,\"height\":813,\"caption\":\"Cacau News\"},\"image\":{\"@id\":\"https:\/\/cacaunews.com\/#\/schema\/logo\/image\/\"},\"sameAs\":[\"https:\/\/www.instagram.com\/cacaunews.online\/\",\"https:\/\/youtube.com\/@cacaunews?si=0VXLnjl08SrWbVG9\"]},{\"@type\":\"Person\",\"@id\":\"https:\/\/cacaunews.com\/#\/schema\/person\/ea69703103e606ad347ccd64bd72ef79\",\"name\":\"Reda\u00e7\u00e3o Cacau News\",\"image\":{\"@type\":\"ImageObject\",\"inLanguage\":\"pt-BR\",\"@id\":\"https:\/\/cacaunews.com\/#\/schema\/person\/image\/\",\"url\":\"https:\/\/secure.gravatar.com\/avatar\/d79227a2a7b6cc42e8d7a8f7c284cd3a?s=96&d=mm&r=g\",\"contentUrl\":\"https:\/\/secure.gravatar.com\/avatar\/d79227a2a7b6cc42e8d7a8f7c284cd3a?s=96&d=mm&r=g\",\"caption\":\"Reda\u00e7\u00e3o Cacau News\"},\"sameAs\":[\"https:\/\/cacaunews.com\"],\"url\":\"https:\/\/cacaunews.com\/?author=1\"}]}<\/script>\n<!-- \/ Yoast SEO plugin. -->","yoast_head_json":{"title":"Uso de M\u00e1scaras volta a ser obrigat\u00f3rio em locais fechados em toda BA. - Cacau News","robots":{"index":"index","follow":"follow","max-snippet":"max-snippet:-1","max-image-preview":"max-image-preview:large","max-video-preview":"max-video-preview:-1"},"canonical":"https:\/\/cacaunews.com\/?p=69","og_locale":"pt_BR","og_type":"article","og_title":"Uso de M\u00e1scaras volta a ser obrigat\u00f3rio em locais fechados em toda BA. - Cacau News","og_description":"&nbsp; BAHIA: O uso de m\u00e1scaras voltar\u00e1 a ser obrigat\u00f3rio em ambientes fechados na Bahia...","og_url":"https:\/\/cacaunews.com\/?p=69","og_site_name":"Cacau News","article_published_time":"2022-12-07T00:59:56+00:00","article_modified_time":"2022-12-07T01:55:52+00:00","og_image":[{"width":860,"height":350,"url":"https:\/\/cacaunews.com\/wp-content\/uploads\/2022\/12\/Uso-de-mascaras.jpg","type":"image\/jpeg"}],"author":"Reda\u00e7\u00e3o Cacau News","twitter_card":"summary_large_image","twitter_misc":{"Escrito por":"Reda\u00e7\u00e3o Cacau News","Est. tempo de leitura":"1 minuto"},"schema":{"@context":"https:\/\/schema.org","@graph":[{"@type":"Article","@id":"https:\/\/cacaunews.com\/?p=69#article","isPartOf":{"@id":"https:\/\/cacaunews.com\/?p=69"},"author":{"name":"Reda\u00e7\u00e3o Cacau News","@id":"https:\/\/cacaunews.com\/#\/schema\/person\/ea69703103e606ad347ccd64bd72ef79"},"headline":"Uso de M\u00e1scaras volta a ser obrigat\u00f3rio em locais fechados em toda BA.","datePublished":"2022-12-07T00:59:56+00:00","dateModified":"2022-12-07T01:55:52+00:00","mainEntityOfPage":{"@id":"https:\/\/cacaunews.com\/?p=69"},"wordCount":131,"commentCount":0,"publisher":{"@id":"https:\/\/cacaunews.com\/#organization"},"keywords":["#internet","covid-19","sa\u00fade"],"articleSection":["Jornalismo"],"inLanguage":"pt-BR","potentialAction":[{"@type":"CommentAction","name":"Comment","target":["https:\/\/cacaunews.com\/?p=69#respond"]}]},{"@type":"WebPage","@id":"https:\/\/cacaunews.com\/?p=69","url":"https:\/\/cacaunews.com\/?p=69","name":"Uso de M\u00e1scaras volta a ser obrigat\u00f3rio em locais fechados em toda BA. - Cacau News","isPartOf":{"@id":"https:\/\/cacaunews.com\/#website"},"datePublished":"2022-12-07T00:59:56+00:00","dateModified":"2022-12-07T01:55:52+00:00","breadcrumb":{"@id":"https:\/\/cacaunews.com\/?p=69#breadcrumb"},"inLanguage":"pt-BR","potentialAction":[{"@type":"ReadAction","target":["https:\/\/cacaunews.com\/?p=69"]}]},{"@type":"BreadcrumbList","@id":"https:\/\/cacaunews.com\/?p=69#breadcrumb","itemListElement":[{"@type":"ListItem","position":1,"name":"In\u00edcio","item":"https:\/\/cacaunews.com\/"},{"@type":"ListItem","position":2,"name":"Uso de M\u00e1scaras volta a ser obrigat\u00f3rio em locais fechados em toda BA."}]},{"@type":"WebSite","@id":"https:\/\/cacaunews.com\/#website","url":"https:\/\/cacaunews.com\/","name":"Cacau News","description":"A Informa\u00e7\u00e3o que voc\u00ea precisa!","publisher":{"@id":"https:\/\/cacaunews.com\/#organization"},"potentialAction":[{"@type":"SearchAction","target":{"@type":"EntryPoint","urlTemplate":"https:\/\/cacaunews.com\/?s={search_term_string}"},"query-input":"required name=search_term_string"}],"inLanguage":"pt-BR"},{"@type":"Organization","@id":"https:\/\/cacaunews.com\/#organization","name":"Cacau News","url":"https:\/\/cacaunews.com\/","logo":{"@type":"ImageObject","inLanguage":"pt-BR","@id":"https:\/\/cacaunews.com\/#\/schema\/logo\/image\/","url":"https:\/\/cacaunews.com\/wp-content\/uploads\/2025\/01\/cropped-LOGO-NOVA.png","contentUrl":"https:\/\/cacaunews.com\/wp-content\/uploads\/2025\/01\/cropped-LOGO-NOVA.png","width":813,"height":813,"caption":"Cacau News"},"image":{"@id":"https:\/\/cacaunews.com\/#\/schema\/logo\/image\/"},"sameAs":["https:\/\/www.instagram.com\/cacaunews.online\/","https:\/\/youtube.com\/@cacaunews?si=0VXLnjl08SrWbVG9"]},{"@type":"Person","@id":"https:\/\/cacaunews.com\/#\/schema\/person\/ea69703103e606ad347ccd64bd72ef79","name":"Reda\u00e7\u00e3o Cacau News","image":{"@type":"ImageObject","inLanguage":"pt-BR","@id":"https:\/\/cacaunews.com\/#\/schema\/person\/image\/","url":"https:\/\/secure.gravatar.com\/avatar\/d79227a2a7b6cc42e8d7a8f7c284cd3a?s=96&d=mm&r=g","contentUrl":"https:\/\/secure.gravatar.com\/avatar\/d79227a2a7b6cc42e8d7a8f7c284cd3a?s=96&d=mm&r=g","caption":"Reda\u00e7\u00e3o Cacau News"},"sameAs":["https:\/\/cacaunews.com"],"url":"https:\/\/cacaunews.com\/?author=1"}]}},"jetpack_sharing_enabled":true,"jetpack_featured_media_url":"https:\/\/cacaunews.com\/wp-content\/uploads\/2022\/12\/Uso-de-mascaras.jpg","_links":{"self":[{"href":"https:\/\/cacaunews.com\/index.php?rest_route=\/wp\/v2\/posts\/69"}],"collection":[{"href":"https:\/\/cacaunews.com\/index.php?rest_route=\/wp\/v2\/posts"}],"about":[{"href":"https:\/\/cacaunews.com\/index.php?rest_route=\/wp\/v2\/types\/post"}],"author":[{"embeddable":true,"href":"https:\/\/cacaunews.com\/index.php?rest_route=\/wp\/v2\/users\/1"}],"replies":[{"embeddable":true,"href":"https:\/\/cacaunews.com\/index.php?rest_route=%2Fwp%2Fv2%2Fcomments&post=69"}],"version-history":[{"count":4,"href":"https:\/\/cacaunews.com\/index.php?rest_route=\/wp\/v2\/posts\/69\/revisions"}],"predecessor-version":[{"id":98,"href":"https:\/\/cacaunews.com\/index.php?rest_route=\/wp\/v2\/posts\/69\/revisions\/98"}],"wp:featuredmedia":[{"embeddable":true,"href":"https:\/\/cacaunews.com\/index.php?rest_route=\/wp\/v2\/media\/73"}],"wp:attachment":[{"href":"https:\/\/cacaunews.com\/index.php?rest_route=%2Fwp%2Fv2%2Fmedia&parent=69"}],"wp:term":[{"taxonomy":"category","embeddable":true,"href":"https:\/\/cacaunews.com\/index.php?rest_route=%2Fwp%2Fv2%2Fcategories&post=69"},{"taxonomy":"post_tag","embeddable":true,"href":"https:\/\/cacaunews.com\/index.php?rest_route=%2Fwp%2Fv2%2Ftags&post=69"}],"curies":[{"name":"wp","href":"https:\/\/api.w.org\/{rel}","templated":true}]}}