{"id":733,"date":"2023-01-30T19:13:19","date_gmt":"2023-01-30T19:13:19","guid":{"rendered":"https:\/\/cacaunews.com\/?p=733"},"modified":"2023-01-30T19:14:41","modified_gmt":"2023-01-30T19:14:41","slug":"jadson-albano-e-augusto-castro-sao-empossados-presidente-e-vice-presidente-respectivamente-da-amurc","status":"publish","type":"post","link":"https:\/\/cacaunews.com\/?p=733","title":{"rendered":"Jadson Albano e Augusto Castro s\u00e3o empossados presidente e vice-presidente da AMURC."},"content":{"rendered":"\n<p>Foram empossados hoje na sede da Associa\u00e7\u00e3o dos Munic\u00edpios da Regi\u00e3o do Cacau &#8211; AMURC o prefeito de Coaraci Jadson Albano (PP) e o prefeito de Itabuna Augusto Castro (PSD) como presidente e vice-presidente, respectivamente, do citado agrupamento pelo bi\u00eanio 2023\/2024.<\/p>\n\n\n\n<figure class=\"wp-block-image size-large\"><img fetchpriority=\"high\" decoding=\"async\" width=\"1024\" height=\"133\" src=\"https:\/\/cacaunews.com\/wp-content\/uploads\/2022\/12\/Divulgue-conosco-1024x133.png\" alt=\"\" class=\"wp-image-178\" srcset=\"https:\/\/cacaunews.com\/wp-content\/uploads\/2022\/12\/Divulgue-conosco-1024x133.png 1024w, https:\/\/cacaunews.com\/wp-content\/uploads\/2022\/12\/Divulgue-conosco-300x39.png 300w, https:\/\/cacaunews.com\/wp-content\/uploads\/2022\/12\/Divulgue-conosco-768x100.png 768w, https:\/\/cacaunews.com\/wp-content\/uploads\/2022\/12\/Divulgue-conosco-1536x200.png 1536w, https:\/\/cacaunews.com\/wp-content\/uploads\/2022\/12\/Divulgue-conosco.png 1920w\" sizes=\"(max-width: 1024px) 100vw, 1024px\" \/><\/figure>\n\n\n\n<p>O prefeito Coaraciense ter\u00e1 diversos desafios pela frente, entre eles o de fazer a interlocu\u00e7\u00e3o dos munic\u00edpios associados ao governo do Estado em busca de investimentos.<\/p>\n\n\n\n<p>O Cacau deseja boa sorte para os alcaides.<\/p>\n\n\n\n<p><\/p>\n","protected":false},"excerpt":{"rendered":"<p>Foram empossados hoje na sede da Associa\u00e7\u00e3o dos Munic\u00edpios da Regi\u00e3o do Cacau &#8211; AMURC&#8230;<\/p>\n","protected":false},"author":1,"featured_media":732,"comment_status":"open","ping_status":"open","sticky":false,"template":"","format":"standard","meta":{"footnotes":""},"categories":[18,11],"tags":[238,240,237,239],"yoast_head":"<!-- This site is optimized with the Yoast SEO plugin v21.7 - https:\/\/yoast.com\/wordpress\/plugins\/seo\/ -->\n<title>Jadson Albano e Augusto Castro s\u00e3o empossados presidente e vice-presidente da AMURC. - Cacau News<\/title>\n<meta name=\"robots\" content=\"index, follow, max-snippet:-1, max-image-preview:large, max-video-preview:-1\" \/>\n<link rel=\"canonical\" href=\"https:\/\/cacaunews.com\/?p=733\" \/>\n<meta property=\"og:locale\" content=\"pt_BR\" \/>\n<meta property=\"og:type\" content=\"article\" \/>\n<meta property=\"og:title\" content=\"Jadson Albano e Augusto Castro s\u00e3o empossados presidente e vice-presidente da AMURC. - Cacau News\" \/>\n<meta property=\"og:description\" content=\"Foram empossados hoje na sede da Associa\u00e7\u00e3o dos Munic\u00edpios da Regi\u00e3o do Cacau &#8211; AMURC...\" \/>\n<meta property=\"og:url\" content=\"https:\/\/cacaunews.com\/?p=733\" \/>\n<meta property=\"og:site_name\" content=\"Cacau News\" \/>\n<meta property=\"article:published_time\" content=\"2023-01-30T19:13:19+00:00\" \/>\n<meta property=\"article:modified_time\" content=\"2023-01-30T19:14:41+00:00\" \/>\n<meta property=\"og:image\" content=\"https:\/\/cacaunews.com\/wp-content\/uploads\/2023\/01\/IMG_20230130_154039.jpg\" \/>\n\t<meta property=\"og:image:width\" content=\"1080\" \/>\n\t<meta property=\"og:image:height\" content=\"1233\" \/>\n\t<meta property=\"og:image:type\" content=\"image\/jpeg\" \/>\n<meta name=\"author\" content=\"Reda\u00e7\u00e3o Cacau News\" \/>\n<meta name=\"twitter:card\" content=\"summary_large_image\" \/>\n<meta name=\"twitter:label1\" content=\"Escrito por\" \/>\n\t<meta name=\"twitter:data1\" content=\"Reda\u00e7\u00e3o Cacau News\" \/>\n<script type=\"application\/ld+json\" class=\"yoast-schema-graph\">{\"@context\":\"https:\/\/schema.org\",\"@graph\":[{\"@type\":\"Article\",\"@id\":\"https:\/\/cacaunews.com\/?p=733#article\",\"isPartOf\":{\"@id\":\"https:\/\/cacaunews.com\/?p=733\"},\"author\":{\"name\":\"Reda\u00e7\u00e3o Cacau News\",\"@id\":\"https:\/\/cacaunews.com\/#\/schema\/person\/ea69703103e606ad347ccd64bd72ef79\"},\"headline\":\"Jadson Albano e Augusto Castro s\u00e3o empossados presidente e vice-presidente da AMURC.\",\"datePublished\":\"2023-01-30T19:13:19+00:00\",\"dateModified\":\"2023-01-30T19:14:41+00:00\",\"mainEntityOfPage\":{\"@id\":\"https:\/\/cacaunews.com\/?p=733\"},\"wordCount\":93,\"commentCount\":0,\"publisher\":{\"@id\":\"https:\/\/cacaunews.com\/#organization\"},\"keywords\":[\"AMURC\",\"Augusto\",\"empossados\",\"Jadson\"],\"articleSection\":[\"cidades\",\"Jornalismo\"],\"inLanguage\":\"pt-BR\",\"potentialAction\":[{\"@type\":\"CommentAction\",\"name\":\"Comment\",\"target\":[\"https:\/\/cacaunews.com\/?p=733#respond\"]}]},{\"@type\":\"WebPage\",\"@id\":\"https:\/\/cacaunews.com\/?p=733\",\"url\":\"https:\/\/cacaunews.com\/?p=733\",\"name\":\"Jadson Albano e Augusto Castro s\u00e3o empossados presidente e vice-presidente da AMURC. - Cacau News\",\"isPartOf\":{\"@id\":\"https:\/\/cacaunews.com\/#website\"},\"datePublished\":\"2023-01-30T19:13:19+00:00\",\"dateModified\":\"2023-01-30T19:14:41+00:00\",\"breadcrumb\":{\"@id\":\"https:\/\/cacaunews.com\/?p=733#breadcrumb\"},\"inLanguage\":\"pt-BR\",\"potentialAction\":[{\"@type\":\"ReadAction\",\"target\":[\"https:\/\/cacaunews.com\/?p=733\"]}]},{\"@type\":\"BreadcrumbList\",\"@id\":\"https:\/\/cacaunews.com\/?p=733#breadcrumb\",\"itemListElement\":[{\"@type\":\"ListItem\",\"position\":1,\"name\":\"In\u00edcio\",\"item\":\"https:\/\/cacaunews.com\/\"},{\"@type\":\"ListItem\",\"position\":2,\"name\":\"Jadson Albano e Augusto Castro s\u00e3o empossados presidente e vice-presidente da AMURC.\"}]},{\"@type\":\"WebSite\",\"@id\":\"https:\/\/cacaunews.com\/#website\",\"url\":\"https:\/\/cacaunews.com\/\",\"name\":\"Cacau News\",\"description\":\"A Informa\u00e7\u00e3o que voc\u00ea precisa!\",\"publisher\":{\"@id\":\"https:\/\/cacaunews.com\/#organization\"},\"potentialAction\":[{\"@type\":\"SearchAction\",\"target\":{\"@type\":\"EntryPoint\",\"urlTemplate\":\"https:\/\/cacaunews.com\/?s={search_term_string}\"},\"query-input\":\"required name=search_term_string\"}],\"inLanguage\":\"pt-BR\"},{\"@type\":\"Organization\",\"@id\":\"https:\/\/cacaunews.com\/#organization\",\"name\":\"Cacau News\",\"url\":\"https:\/\/cacaunews.com\/\",\"logo\":{\"@type\":\"ImageObject\",\"inLanguage\":\"pt-BR\",\"@id\":\"https:\/\/cacaunews.com\/#\/schema\/logo\/image\/\",\"url\":\"https:\/\/cacaunews.com\/wp-content\/uploads\/2025\/01\/cropped-LOGO-NOVA.png\",\"contentUrl\":\"https:\/\/cacaunews.com\/wp-content\/uploads\/2025\/01\/cropped-LOGO-NOVA.png\",\"width\":813,\"height\":813,\"caption\":\"Cacau News\"},\"image\":{\"@id\":\"https:\/\/cacaunews.com\/#\/schema\/logo\/image\/\"},\"sameAs\":[\"https:\/\/www.instagram.com\/cacaunews.online\/\",\"https:\/\/youtube.com\/@cacaunews?si=0VXLnjl08SrWbVG9\"]},{\"@type\":\"Person\",\"@id\":\"https:\/\/cacaunews.com\/#\/schema\/person\/ea69703103e606ad347ccd64bd72ef79\",\"name\":\"Reda\u00e7\u00e3o Cacau News\",\"image\":{\"@type\":\"ImageObject\",\"inLanguage\":\"pt-BR\",\"@id\":\"https:\/\/cacaunews.com\/#\/schema\/person\/image\/\",\"url\":\"https:\/\/secure.gravatar.com\/avatar\/d79227a2a7b6cc42e8d7a8f7c284cd3a?s=96&d=mm&r=g\",\"contentUrl\":\"https:\/\/secure.gravatar.com\/avatar\/d79227a2a7b6cc42e8d7a8f7c284cd3a?s=96&d=mm&r=g\",\"caption\":\"Reda\u00e7\u00e3o Cacau News\"},\"sameAs\":[\"https:\/\/cacaunews.com\"],\"url\":\"https:\/\/cacaunews.com\/?author=1\"}]}<\/script>\n<!-- \/ Yoast SEO plugin. -->","yoast_head_json":{"title":"Jadson Albano e Augusto Castro s\u00e3o empossados presidente e vice-presidente da AMURC. - Cacau News","robots":{"index":"index","follow":"follow","max-snippet":"max-snippet:-1","max-image-preview":"max-image-preview:large","max-video-preview":"max-video-preview:-1"},"canonical":"https:\/\/cacaunews.com\/?p=733","og_locale":"pt_BR","og_type":"article","og_title":"Jadson Albano e Augusto Castro s\u00e3o empossados presidente e vice-presidente da AMURC. - Cacau News","og_description":"Foram empossados hoje na sede da Associa\u00e7\u00e3o dos Munic\u00edpios da Regi\u00e3o do Cacau &#8211; AMURC...","og_url":"https:\/\/cacaunews.com\/?p=733","og_site_name":"Cacau News","article_published_time":"2023-01-30T19:13:19+00:00","article_modified_time":"2023-01-30T19:14:41+00:00","og_image":[{"width":1080,"height":1233,"url":"https:\/\/cacaunews.com\/wp-content\/uploads\/2023\/01\/IMG_20230130_154039.jpg","type":"image\/jpeg"}],"author":"Reda\u00e7\u00e3o Cacau News","twitter_card":"summary_large_image","twitter_misc":{"Escrito por":"Reda\u00e7\u00e3o Cacau News"},"schema":{"@context":"https:\/\/schema.org","@graph":[{"@type":"Article","@id":"https:\/\/cacaunews.com\/?p=733#article","isPartOf":{"@id":"https:\/\/cacaunews.com\/?p=733"},"author":{"name":"Reda\u00e7\u00e3o Cacau News","@id":"https:\/\/cacaunews.com\/#\/schema\/person\/ea69703103e606ad347ccd64bd72ef79"},"headline":"Jadson Albano e Augusto Castro s\u00e3o empossados presidente e vice-presidente da AMURC.","datePublished":"2023-01-30T19:13:19+00:00","dateModified":"2023-01-30T19:14:41+00:00","mainEntityOfPage":{"@id":"https:\/\/cacaunews.com\/?p=733"},"wordCount":93,"commentCount":0,"publisher":{"@id":"https:\/\/cacaunews.com\/#organization"},"keywords":["AMURC","Augusto","empossados","Jadson"],"articleSection":["cidades","Jornalismo"],"inLanguage":"pt-BR","potentialAction":[{"@type":"CommentAction","name":"Comment","target":["https:\/\/cacaunews.com\/?p=733#respond"]}]},{"@type":"WebPage","@id":"https:\/\/cacaunews.com\/?p=733","url":"https:\/\/cacaunews.com\/?p=733","name":"Jadson Albano e Augusto Castro s\u00e3o empossados presidente e vice-presidente da AMURC. - Cacau News","isPartOf":{"@id":"https:\/\/cacaunews.com\/#website"},"datePublished":"2023-01-30T19:13:19+00:00","dateModified":"2023-01-30T19:14:41+00:00","breadcrumb":{"@id":"https:\/\/cacaunews.com\/?p=733#breadcrumb"},"inLanguage":"pt-BR","potentialAction":[{"@type":"ReadAction","target":["https:\/\/cacaunews.com\/?p=733"]}]},{"@type":"BreadcrumbList","@id":"https:\/\/cacaunews.com\/?p=733#breadcrumb","itemListElement":[{"@type":"ListItem","position":1,"name":"In\u00edcio","item":"https:\/\/cacaunews.com\/"},{"@type":"ListItem","position":2,"name":"Jadson Albano e Augusto Castro s\u00e3o empossados presidente e vice-presidente da AMURC."}]},{"@type":"WebSite","@id":"https:\/\/cacaunews.com\/#website","url":"https:\/\/cacaunews.com\/","name":"Cacau News","description":"A Informa\u00e7\u00e3o que voc\u00ea precisa!","publisher":{"@id":"https:\/\/cacaunews.com\/#organization"},"potentialAction":[{"@type":"SearchAction","target":{"@type":"EntryPoint","urlTemplate":"https:\/\/cacaunews.com\/?s={search_term_string}"},"query-input":"required name=search_term_string"}],"inLanguage":"pt-BR"},{"@type":"Organization","@id":"https:\/\/cacaunews.com\/#organization","name":"Cacau News","url":"https:\/\/cacaunews.com\/","logo":{"@type":"ImageObject","inLanguage":"pt-BR","@id":"https:\/\/cacaunews.com\/#\/schema\/logo\/image\/","url":"https:\/\/cacaunews.com\/wp-content\/uploads\/2025\/01\/cropped-LOGO-NOVA.png","contentUrl":"https:\/\/cacaunews.com\/wp-content\/uploads\/2025\/01\/cropped-LOGO-NOVA.png","width":813,"height":813,"caption":"Cacau News"},"image":{"@id":"https:\/\/cacaunews.com\/#\/schema\/logo\/image\/"},"sameAs":["https:\/\/www.instagram.com\/cacaunews.online\/","https:\/\/youtube.com\/@cacaunews?si=0VXLnjl08SrWbVG9"]},{"@type":"Person","@id":"https:\/\/cacaunews.com\/#\/schema\/person\/ea69703103e606ad347ccd64bd72ef79","name":"Reda\u00e7\u00e3o Cacau News","image":{"@type":"ImageObject","inLanguage":"pt-BR","@id":"https:\/\/cacaunews.com\/#\/schema\/person\/image\/","url":"https:\/\/secure.gravatar.com\/avatar\/d79227a2a7b6cc42e8d7a8f7c284cd3a?s=96&d=mm&r=g","contentUrl":"https:\/\/secure.gravatar.com\/avatar\/d79227a2a7b6cc42e8d7a8f7c284cd3a?s=96&d=mm&r=g","caption":"Reda\u00e7\u00e3o Cacau News"},"sameAs":["https:\/\/cacaunews.com"],"url":"https:\/\/cacaunews.com\/?author=1"}]}},"jetpack_sharing_enabled":true,"jetpack_featured_media_url":"https:\/\/cacaunews.com\/wp-content\/uploads\/2023\/01\/IMG_20230130_154039.jpg","_links":{"self":[{"href":"https:\/\/cacaunews.com\/index.php?rest_route=\/wp\/v2\/posts\/733"}],"collection":[{"href":"https:\/\/cacaunews.com\/index.php?rest_route=\/wp\/v2\/posts"}],"about":[{"href":"https:\/\/cacaunews.com\/index.php?rest_route=\/wp\/v2\/types\/post"}],"author":[{"embeddable":true,"href":"https:\/\/cacaunews.com\/index.php?rest_route=\/wp\/v2\/users\/1"}],"replies":[{"embeddable":true,"href":"https:\/\/cacaunews.com\/index.php?rest_route=%2Fwp%2Fv2%2Fcomments&post=733"}],"version-history":[{"count":3,"href":"https:\/\/cacaunews.com\/index.php?rest_route=\/wp\/v2\/posts\/733\/revisions"}],"predecessor-version":[{"id":736,"href":"https:\/\/cacaunews.com\/index.php?rest_route=\/wp\/v2\/posts\/733\/revisions\/736"}],"wp:featuredmedia":[{"embeddable":true,"href":"https:\/\/cacaunews.com\/index.php?rest_route=\/wp\/v2\/media\/732"}],"wp:attachment":[{"href":"https:\/\/cacaunews.com\/index.php?rest_route=%2Fwp%2Fv2%2Fmedia&parent=733"}],"wp:term":[{"taxonomy":"category","embeddable":true,"href":"https:\/\/cacaunews.com\/index.php?rest_route=%2Fwp%2Fv2%2Fcategories&post=733"},{"taxonomy":"post_tag","embeddable":true,"href":"https:\/\/cacaunews.com\/index.php?rest_route=%2Fwp%2Fv2%2Ftags&post=733"}],"curies":[{"name":"wp","href":"https:\/\/api.w.org\/{rel}","templated":true}]}}