{"id":804,"date":"2023-02-07T19:34:42","date_gmt":"2023-02-07T19:34:42","guid":{"rendered":"https:\/\/cacaunews.com\/?p=804"},"modified":"2023-02-07T19:34:46","modified_gmt":"2023-02-07T19:34:46","slug":"itabuna-prefeitura-comemora-primeiro-ano-da-central-de-triagem-da-coleta-seletiva","status":"publish","type":"post","link":"https:\/\/cacaunews.com\/?p=804","title":{"rendered":"Itabuna: Prefeitura comemora primeiro ano da Central de Triagem da Coleta Seletiva."},"content":{"rendered":"\n<p>Um encontro realizado na manh\u00e3 desta ter\u00e7a-feira, dia 7, no audit\u00f3rio do SEST\/SENAT marcou a comemora\u00e7\u00e3o do 1\u00ba ano do funcionamento da Central de Triagem da Coleta Seletiva, sob o comando da Associa\u00e7\u00e3o dos Catadores de Materiais Recicl\u00e1veis de Itabuna (AACRI).<br><br>Sob a responsabilidade da Prefeitura, por meio da Secretaria de Planejamento (SEPLAN), o projeto inovador \u00e9 executado com o apoio de secretarias municipais de Infraestrutura e Urbanismo (SIURB), Promo\u00e7\u00e3o Social e Combate \u00e0 Pobreza (SEMPS) e da Educa\u00e7\u00e3o e de Sa\u00fade, Defensoria P\u00fabica do Estado da Bahia (DPE-BA) e Minist\u00e9rio P\u00fablico do Trabalho (MPT).<\/p>\n\n\n\n<figure class=\"wp-block-image size-large\"><img fetchpriority=\"high\" decoding=\"async\" width=\"1024\" height=\"133\" src=\"https:\/\/cacaunews.com\/wp-content\/uploads\/2022\/12\/Divulgue-conosco-1024x133.png\" alt=\"\" class=\"wp-image-178\" srcset=\"https:\/\/cacaunews.com\/wp-content\/uploads\/2022\/12\/Divulgue-conosco-1024x133.png 1024w, https:\/\/cacaunews.com\/wp-content\/uploads\/2022\/12\/Divulgue-conosco-300x39.png 300w, https:\/\/cacaunews.com\/wp-content\/uploads\/2022\/12\/Divulgue-conosco-768x100.png 768w, https:\/\/cacaunews.com\/wp-content\/uploads\/2022\/12\/Divulgue-conosco-1536x200.png 1536w, https:\/\/cacaunews.com\/wp-content\/uploads\/2022\/12\/Divulgue-conosco.png 1920w\" sizes=\"(max-width: 1024px) 100vw, 1024px\" \/><\/figure>\n\n\n\n<p><br><br>A titular da SEPLAN, S\u00f4nia Fontes, ressalta que o in\u00edcio do processo come\u00e7ou com o cumprimento integral da Pol\u00edtica Nacional de Res\u00edduos S\u00f3lidos, por meio do fechamento do antigo lix\u00e3o, em 2021, e o lan\u00e7amento do Programa Recicla Itabuna. A Central de Reciclagem chegou ano passado.<br><br>\u201cHoje \u00e9 dia de festa, mas tamb\u00e9m \u00e9 um momento de reflex\u00e3o e planejamento do futuro da associa\u00e7\u00e3o e dos agentes ambientais, porque ainda precisamos dar um apoio muito grande aos membros da AACRI\u201d, afirmou.<br><br>O reconhecimento da administra\u00e7\u00e3o do prefeito Augusto Castro (PSD), como grande parceiro dos agentes ambientais, \u00e9 ressaltado pela secret\u00e1ria S\u00f4nia Fontes. \u201cEles sempre deixam claro que a ess\u00eancia n\u00e3o foi apenas ter melhorado e ampliado o sistema de limpeza p\u00fablica de res\u00edduos s\u00f3lidos de Itabuna, mas descobrir a voca\u00e7\u00e3o e dar oportunidades a cada um que vivia de forma subumana e atualmente tem qualidade de vida e sonhos futuros\u201d, refor\u00e7ou.<br><br>\u201cAgente v\u00ea nas atitudes dos agentes ambientais que a Prefeitura \u00e9 n\u00e3o s\u00f3 uma grande parceira, mas tamb\u00e9m h\u00e1 \u00f3rg\u00e3os de controle como a Defensoria P\u00fablica da Bahia, Minist\u00e9rio P\u00fablico do Trabalho, Conselho do Meio Ambiente, empresas como a Biosanear e CVR Costa do Cacau. Essa composi\u00e7\u00e3o e esses quase dois anos de luta e trabalho conjunto nos fez conquistar essa confian\u00e7a\u201d, afirmou.<br><br>A secret\u00e1ria relatou desafios e metas para os pr\u00f3ximos meses: ampliar a coleta seletiva \u00e9 um deles.<br>\u201cDesafios sempre existir\u00e3o, principalmente porque se trata de uma \u00e1rea que ainda tem muito o que ampliar. Atualmente a coleta especial seletiva, por exemplo, \u00e9 feita em 30{d198c3dc95c114d29e6edcd8e5c7a06443a0378d575a71ac9e4690242a1c641b} da cidade\u201d, constatou.<br><br>\u201cOu seja, temos muito o que aproveitar do lixo ainda. Sendo assim, o nosso grande desafio \u00e9 fazer com que as pessoas separem o lixo dom\u00e9stico e saibam que aquele lixo, al\u00e9m de ajudar a natureza, tamb\u00e9m vai contribuir para a sobreviv\u00eancia de muitas pessoas\u201d, ensinou.<\/p>\n\n\n\n<p>Decom\/Itabuna.<\/p>\n\n\n\n<p><\/p>\n","protected":false},"excerpt":{"rendered":"<p>Um encontro realizado na manh\u00e3 desta ter\u00e7a-feira, dia 7, no audit\u00f3rio do SEST\/SENAT marcou a&#8230;<\/p>\n","protected":false},"author":1,"featured_media":803,"comment_status":"open","ping_status":"open","sticky":false,"template":"","format":"standard","meta":{"footnotes":""},"categories":[18,11],"tags":[269,271,27,270],"yoast_head":"<!-- This site is optimized with the Yoast SEO plugin v21.7 - https:\/\/yoast.com\/wordpress\/plugins\/seo\/ -->\n<title>Itabuna: Prefeitura comemora primeiro ano da Central de Triagem da Coleta Seletiva. - Cacau News<\/title>\n<meta name=\"robots\" content=\"index, follow, max-snippet:-1, max-image-preview:large, max-video-preview:-1\" \/>\n<link rel=\"canonical\" href=\"https:\/\/cacaunews.com\/?p=804\" \/>\n<meta property=\"og:locale\" content=\"pt_BR\" \/>\n<meta property=\"og:type\" content=\"article\" \/>\n<meta property=\"og:title\" content=\"Itabuna: Prefeitura comemora primeiro ano da Central de Triagem da Coleta Seletiva. - Cacau News\" \/>\n<meta property=\"og:description\" content=\"Um encontro realizado na manh\u00e3 desta ter\u00e7a-feira, dia 7, no audit\u00f3rio do SEST\/SENAT marcou a...\" \/>\n<meta property=\"og:url\" content=\"https:\/\/cacaunews.com\/?p=804\" \/>\n<meta property=\"og:site_name\" content=\"Cacau News\" \/>\n<meta property=\"article:published_time\" content=\"2023-02-07T19:34:42+00:00\" \/>\n<meta property=\"article:modified_time\" content=\"2023-02-07T19:34:46+00:00\" \/>\n<meta property=\"og:image\" content=\"https:\/\/cacaunews.com\/wp-content\/uploads\/2023\/02\/C1C240B2-360A-4382-92CE-D888BFA7AEB4.jpeg\" \/>\n\t<meta property=\"og:image:width\" content=\"1600\" \/>\n\t<meta property=\"og:image:height\" content=\"800\" \/>\n\t<meta property=\"og:image:type\" content=\"image\/jpeg\" \/>\n<meta name=\"author\" content=\"Reda\u00e7\u00e3o Cacau News\" \/>\n<meta name=\"twitter:card\" content=\"summary_large_image\" \/>\n<meta name=\"twitter:label1\" content=\"Escrito por\" \/>\n\t<meta name=\"twitter:data1\" content=\"Reda\u00e7\u00e3o Cacau News\" \/>\n\t<meta name=\"twitter:label2\" content=\"Est. tempo de leitura\" \/>\n\t<meta name=\"twitter:data2\" content=\"2 minutos\" \/>\n<script type=\"application\/ld+json\" class=\"yoast-schema-graph\">{\"@context\":\"https:\/\/schema.org\",\"@graph\":[{\"@type\":\"Article\",\"@id\":\"https:\/\/cacaunews.com\/?p=804#article\",\"isPartOf\":{\"@id\":\"https:\/\/cacaunews.com\/?p=804\"},\"author\":{\"name\":\"Reda\u00e7\u00e3o Cacau News\",\"@id\":\"https:\/\/cacaunews.com\/#\/schema\/person\/ea69703103e606ad347ccd64bd72ef79\"},\"headline\":\"Itabuna: Prefeitura comemora primeiro ano da Central de Triagem da Coleta Seletiva.\",\"datePublished\":\"2023-02-07T19:34:42+00:00\",\"dateModified\":\"2023-02-07T19:34:46+00:00\",\"mainEntityOfPage\":{\"@id\":\"https:\/\/cacaunews.com\/?p=804\"},\"wordCount\":470,\"commentCount\":0,\"publisher\":{\"@id\":\"https:\/\/cacaunews.com\/#organization\"},\"keywords\":[\"coleta\",\"cooperativa\",\"itabuna\",\"res\u00edduos\"],\"articleSection\":[\"cidades\",\"Jornalismo\"],\"inLanguage\":\"pt-BR\",\"potentialAction\":[{\"@type\":\"CommentAction\",\"name\":\"Comment\",\"target\":[\"https:\/\/cacaunews.com\/?p=804#respond\"]}]},{\"@type\":\"WebPage\",\"@id\":\"https:\/\/cacaunews.com\/?p=804\",\"url\":\"https:\/\/cacaunews.com\/?p=804\",\"name\":\"Itabuna: Prefeitura comemora primeiro ano da Central de Triagem da Coleta Seletiva. - Cacau News\",\"isPartOf\":{\"@id\":\"https:\/\/cacaunews.com\/#website\"},\"datePublished\":\"2023-02-07T19:34:42+00:00\",\"dateModified\":\"2023-02-07T19:34:46+00:00\",\"breadcrumb\":{\"@id\":\"https:\/\/cacaunews.com\/?p=804#breadcrumb\"},\"inLanguage\":\"pt-BR\",\"potentialAction\":[{\"@type\":\"ReadAction\",\"target\":[\"https:\/\/cacaunews.com\/?p=804\"]}]},{\"@type\":\"BreadcrumbList\",\"@id\":\"https:\/\/cacaunews.com\/?p=804#breadcrumb\",\"itemListElement\":[{\"@type\":\"ListItem\",\"position\":1,\"name\":\"In\u00edcio\",\"item\":\"https:\/\/cacaunews.com\/\"},{\"@type\":\"ListItem\",\"position\":2,\"name\":\"Itabuna: Prefeitura comemora primeiro ano da Central de Triagem da Coleta Seletiva.\"}]},{\"@type\":\"WebSite\",\"@id\":\"https:\/\/cacaunews.com\/#website\",\"url\":\"https:\/\/cacaunews.com\/\",\"name\":\"Cacau News\",\"description\":\"A Informa\u00e7\u00e3o que voc\u00ea precisa!\",\"publisher\":{\"@id\":\"https:\/\/cacaunews.com\/#organization\"},\"potentialAction\":[{\"@type\":\"SearchAction\",\"target\":{\"@type\":\"EntryPoint\",\"urlTemplate\":\"https:\/\/cacaunews.com\/?s={search_term_string}\"},\"query-input\":\"required name=search_term_string\"}],\"inLanguage\":\"pt-BR\"},{\"@type\":\"Organization\",\"@id\":\"https:\/\/cacaunews.com\/#organization\",\"name\":\"Cacau News\",\"url\":\"https:\/\/cacaunews.com\/\",\"logo\":{\"@type\":\"ImageObject\",\"inLanguage\":\"pt-BR\",\"@id\":\"https:\/\/cacaunews.com\/#\/schema\/logo\/image\/\",\"url\":\"https:\/\/cacaunews.com\/wp-content\/uploads\/2025\/01\/cropped-LOGO-NOVA.png\",\"contentUrl\":\"https:\/\/cacaunews.com\/wp-content\/uploads\/2025\/01\/cropped-LOGO-NOVA.png\",\"width\":813,\"height\":813,\"caption\":\"Cacau News\"},\"image\":{\"@id\":\"https:\/\/cacaunews.com\/#\/schema\/logo\/image\/\"},\"sameAs\":[\"https:\/\/www.instagram.com\/cacaunews.online\/\",\"https:\/\/youtube.com\/@cacaunews?si=0VXLnjl08SrWbVG9\"]},{\"@type\":\"Person\",\"@id\":\"https:\/\/cacaunews.com\/#\/schema\/person\/ea69703103e606ad347ccd64bd72ef79\",\"name\":\"Reda\u00e7\u00e3o Cacau News\",\"image\":{\"@type\":\"ImageObject\",\"inLanguage\":\"pt-BR\",\"@id\":\"https:\/\/cacaunews.com\/#\/schema\/person\/image\/\",\"url\":\"https:\/\/secure.gravatar.com\/avatar\/d79227a2a7b6cc42e8d7a8f7c284cd3a?s=96&d=mm&r=g\",\"contentUrl\":\"https:\/\/secure.gravatar.com\/avatar\/d79227a2a7b6cc42e8d7a8f7c284cd3a?s=96&d=mm&r=g\",\"caption\":\"Reda\u00e7\u00e3o Cacau News\"},\"sameAs\":[\"https:\/\/cacaunews.com\"],\"url\":\"https:\/\/cacaunews.com\/?author=1\"}]}<\/script>\n<!-- \/ Yoast SEO plugin. -->","yoast_head_json":{"title":"Itabuna: Prefeitura comemora primeiro ano da Central de Triagem da Coleta Seletiva. - Cacau News","robots":{"index":"index","follow":"follow","max-snippet":"max-snippet:-1","max-image-preview":"max-image-preview:large","max-video-preview":"max-video-preview:-1"},"canonical":"https:\/\/cacaunews.com\/?p=804","og_locale":"pt_BR","og_type":"article","og_title":"Itabuna: Prefeitura comemora primeiro ano da Central de Triagem da Coleta Seletiva. - Cacau News","og_description":"Um encontro realizado na manh\u00e3 desta ter\u00e7a-feira, dia 7, no audit\u00f3rio do SEST\/SENAT marcou a...","og_url":"https:\/\/cacaunews.com\/?p=804","og_site_name":"Cacau News","article_published_time":"2023-02-07T19:34:42+00:00","article_modified_time":"2023-02-07T19:34:46+00:00","og_image":[{"width":1600,"height":800,"url":"https:\/\/cacaunews.com\/wp-content\/uploads\/2023\/02\/C1C240B2-360A-4382-92CE-D888BFA7AEB4.jpeg","type":"image\/jpeg"}],"author":"Reda\u00e7\u00e3o Cacau News","twitter_card":"summary_large_image","twitter_misc":{"Escrito por":"Reda\u00e7\u00e3o Cacau News","Est. tempo de leitura":"2 minutos"},"schema":{"@context":"https:\/\/schema.org","@graph":[{"@type":"Article","@id":"https:\/\/cacaunews.com\/?p=804#article","isPartOf":{"@id":"https:\/\/cacaunews.com\/?p=804"},"author":{"name":"Reda\u00e7\u00e3o Cacau News","@id":"https:\/\/cacaunews.com\/#\/schema\/person\/ea69703103e606ad347ccd64bd72ef79"},"headline":"Itabuna: Prefeitura comemora primeiro ano da Central de Triagem da Coleta Seletiva.","datePublished":"2023-02-07T19:34:42+00:00","dateModified":"2023-02-07T19:34:46+00:00","mainEntityOfPage":{"@id":"https:\/\/cacaunews.com\/?p=804"},"wordCount":470,"commentCount":0,"publisher":{"@id":"https:\/\/cacaunews.com\/#organization"},"keywords":["coleta","cooperativa","itabuna","res\u00edduos"],"articleSection":["cidades","Jornalismo"],"inLanguage":"pt-BR","potentialAction":[{"@type":"CommentAction","name":"Comment","target":["https:\/\/cacaunews.com\/?p=804#respond"]}]},{"@type":"WebPage","@id":"https:\/\/cacaunews.com\/?p=804","url":"https:\/\/cacaunews.com\/?p=804","name":"Itabuna: Prefeitura comemora primeiro ano da Central de Triagem da Coleta Seletiva. - Cacau News","isPartOf":{"@id":"https:\/\/cacaunews.com\/#website"},"datePublished":"2023-02-07T19:34:42+00:00","dateModified":"2023-02-07T19:34:46+00:00","breadcrumb":{"@id":"https:\/\/cacaunews.com\/?p=804#breadcrumb"},"inLanguage":"pt-BR","potentialAction":[{"@type":"ReadAction","target":["https:\/\/cacaunews.com\/?p=804"]}]},{"@type":"BreadcrumbList","@id":"https:\/\/cacaunews.com\/?p=804#breadcrumb","itemListElement":[{"@type":"ListItem","position":1,"name":"In\u00edcio","item":"https:\/\/cacaunews.com\/"},{"@type":"ListItem","position":2,"name":"Itabuna: Prefeitura comemora primeiro ano da Central de Triagem da Coleta Seletiva."}]},{"@type":"WebSite","@id":"https:\/\/cacaunews.com\/#website","url":"https:\/\/cacaunews.com\/","name":"Cacau News","description":"A Informa\u00e7\u00e3o que voc\u00ea precisa!","publisher":{"@id":"https:\/\/cacaunews.com\/#organization"},"potentialAction":[{"@type":"SearchAction","target":{"@type":"EntryPoint","urlTemplate":"https:\/\/cacaunews.com\/?s={search_term_string}"},"query-input":"required name=search_term_string"}],"inLanguage":"pt-BR"},{"@type":"Organization","@id":"https:\/\/cacaunews.com\/#organization","name":"Cacau News","url":"https:\/\/cacaunews.com\/","logo":{"@type":"ImageObject","inLanguage":"pt-BR","@id":"https:\/\/cacaunews.com\/#\/schema\/logo\/image\/","url":"https:\/\/cacaunews.com\/wp-content\/uploads\/2025\/01\/cropped-LOGO-NOVA.png","contentUrl":"https:\/\/cacaunews.com\/wp-content\/uploads\/2025\/01\/cropped-LOGO-NOVA.png","width":813,"height":813,"caption":"Cacau News"},"image":{"@id":"https:\/\/cacaunews.com\/#\/schema\/logo\/image\/"},"sameAs":["https:\/\/www.instagram.com\/cacaunews.online\/","https:\/\/youtube.com\/@cacaunews?si=0VXLnjl08SrWbVG9"]},{"@type":"Person","@id":"https:\/\/cacaunews.com\/#\/schema\/person\/ea69703103e606ad347ccd64bd72ef79","name":"Reda\u00e7\u00e3o Cacau News","image":{"@type":"ImageObject","inLanguage":"pt-BR","@id":"https:\/\/cacaunews.com\/#\/schema\/person\/image\/","url":"https:\/\/secure.gravatar.com\/avatar\/d79227a2a7b6cc42e8d7a8f7c284cd3a?s=96&d=mm&r=g","contentUrl":"https:\/\/secure.gravatar.com\/avatar\/d79227a2a7b6cc42e8d7a8f7c284cd3a?s=96&d=mm&r=g","caption":"Reda\u00e7\u00e3o Cacau News"},"sameAs":["https:\/\/cacaunews.com"],"url":"https:\/\/cacaunews.com\/?author=1"}]}},"jetpack_sharing_enabled":true,"jetpack_featured_media_url":"https:\/\/cacaunews.com\/wp-content\/uploads\/2023\/02\/C1C240B2-360A-4382-92CE-D888BFA7AEB4.jpeg","_links":{"self":[{"href":"https:\/\/cacaunews.com\/index.php?rest_route=\/wp\/v2\/posts\/804"}],"collection":[{"href":"https:\/\/cacaunews.com\/index.php?rest_route=\/wp\/v2\/posts"}],"about":[{"href":"https:\/\/cacaunews.com\/index.php?rest_route=\/wp\/v2\/types\/post"}],"author":[{"embeddable":true,"href":"https:\/\/cacaunews.com\/index.php?rest_route=\/wp\/v2\/users\/1"}],"replies":[{"embeddable":true,"href":"https:\/\/cacaunews.com\/index.php?rest_route=%2Fwp%2Fv2%2Fcomments&post=804"}],"version-history":[{"count":1,"href":"https:\/\/cacaunews.com\/index.php?rest_route=\/wp\/v2\/posts\/804\/revisions"}],"predecessor-version":[{"id":805,"href":"https:\/\/cacaunews.com\/index.php?rest_route=\/wp\/v2\/posts\/804\/revisions\/805"}],"wp:featuredmedia":[{"embeddable":true,"href":"https:\/\/cacaunews.com\/index.php?rest_route=\/wp\/v2\/media\/803"}],"wp:attachment":[{"href":"https:\/\/cacaunews.com\/index.php?rest_route=%2Fwp%2Fv2%2Fmedia&parent=804"}],"wp:term":[{"taxonomy":"category","embeddable":true,"href":"https:\/\/cacaunews.com\/index.php?rest_route=%2Fwp%2Fv2%2Fcategories&post=804"},{"taxonomy":"post_tag","embeddable":true,"href":"https:\/\/cacaunews.com\/index.php?rest_route=%2Fwp%2Fv2%2Ftags&post=804"}],"curies":[{"name":"wp","href":"https:\/\/api.w.org\/{rel}","templated":true}]}}