{"id":836,"date":"2023-02-13T14:17:42","date_gmt":"2023-02-13T14:17:42","guid":{"rendered":"https:\/\/cacaunews.com\/?p=836"},"modified":"2023-02-13T14:17:51","modified_gmt":"2023-02-13T14:17:51","slug":"itabuna-pessoas-com-deficiencia-tiveram-espaco-exclusivo-na-lavagem-do-beco-e-receberam-carinho-dos-artistas","status":"publish","type":"post","link":"https:\/\/cacaunews.com\/?p=836","title":{"rendered":"Itabuna: Pessoas com defici\u00eancia tiveram espa\u00e7o exclusivo na Lavagem do Beco, e receberam carinho dos artistas."},"content":{"rendered":"\n<p>A Prefeitura e a Funda\u00e7\u00e3o Itabunense de Cultura e Cidadania (FICC) tiveram preocupa\u00e7\u00e3o em n\u00e3o deixar ningu\u00e9m de fora de um momento de pura alegria e anima\u00e7\u00e3o. Por isso, montou um espa\u00e7o exclusivo para pessoas com necessidades especiais (PNE).<br><br>O Frontstage foi instalado em frente ao palco, para permitir aos foli\u00f5es com dificuldade de mobilidade vissem ver de perto as atra\u00e7\u00f5es art\u00edsticas que animaram as noites de folia.Com seguran\u00e7a e o privil\u00e9gio de estar num espa\u00e7o exclusivo, Matiele Santos Silva acompanhou cada ritmo musical com tranquilidade.<br><br>Da sua cadeira de rodas n\u00e3o perdeu o gingado de nenhum dos artistas e bandas que causaram euforia na multid\u00e3o. \u201cOs organizadores foram muito felizes em reservar esse espa\u00e7o para n\u00f3s. A Prefeitura e a FICC est\u00e3o de parab\u00e9ns\u201d, disse Matiele, que lembrou<br>ter partido do Ita Pedro num lugar seguro e tranquilo.<br><br>\u201cEsse cuidado e aten\u00e7\u00e3o com as pessoas com defici\u00eancia, nos fez sentir acolhidos e em seguran\u00e7a ao participar de uma festa t\u00e3o grandiosa, bonita e bem organizada\u201d, concluiu Matiele que se encantou com os shows de Pierre Onassis, da banda Afrodis\u00edacos, com que fez selfie, e Tony Salles, da banda Parangol\u00e9.<\/p>\n\n\n\n<p>Decom-Itabuna.<\/p>\n","protected":false},"excerpt":{"rendered":"<p>A Prefeitura e a Funda\u00e7\u00e3o Itabunense de Cultura e Cidadania (FICC) tiveram preocupa\u00e7\u00e3o em n\u00e3o&#8230;<\/p>\n","protected":false},"author":1,"featured_media":835,"comment_status":"open","ping_status":"open","sticky":false,"template":"","format":"standard","meta":{"footnotes":""},"categories":[18,31],"tags":[287,289,27,223,288],"yoast_head":"<!-- This site is optimized with the Yoast SEO plugin v21.7 - https:\/\/yoast.com\/wordpress\/plugins\/seo\/ -->\n<title>Itabuna: Pessoas com defici\u00eancia tiveram espa\u00e7o exclusivo na Lavagem do Beco, e receberam carinho dos artistas. - Cacau News<\/title>\n<meta name=\"robots\" content=\"index, follow, max-snippet:-1, max-image-preview:large, max-video-preview:-1\" \/>\n<link rel=\"canonical\" href=\"https:\/\/cacaunews.com\/?p=836\" \/>\n<meta property=\"og:locale\" content=\"pt_BR\" \/>\n<meta property=\"og:type\" content=\"article\" \/>\n<meta property=\"og:title\" content=\"Itabuna: Pessoas com defici\u00eancia tiveram espa\u00e7o exclusivo na Lavagem do Beco, e receberam carinho dos artistas. - Cacau News\" \/>\n<meta property=\"og:description\" content=\"A Prefeitura e a Funda\u00e7\u00e3o Itabunense de Cultura e Cidadania (FICC) tiveram preocupa\u00e7\u00e3o em n\u00e3o...\" \/>\n<meta property=\"og:url\" content=\"https:\/\/cacaunews.com\/?p=836\" \/>\n<meta property=\"og:site_name\" content=\"Cacau News\" \/>\n<meta property=\"article:published_time\" content=\"2023-02-13T14:17:42+00:00\" \/>\n<meta property=\"article:modified_time\" content=\"2023-02-13T14:17:51+00:00\" \/>\n<meta property=\"og:image\" content=\"https:\/\/cacaunews.com\/wp-content\/uploads\/2023\/02\/WhatsApp-Image-2023-02-11-at-14.33.48-1.jpeg\" \/>\n\t<meta property=\"og:image:width\" content=\"1600\" \/>\n\t<meta property=\"og:image:height\" content=\"1200\" \/>\n\t<meta property=\"og:image:type\" content=\"image\/jpeg\" \/>\n<meta name=\"author\" content=\"Reda\u00e7\u00e3o Cacau News\" \/>\n<meta name=\"twitter:card\" content=\"summary_large_image\" \/>\n<meta name=\"twitter:label1\" content=\"Escrito por\" \/>\n\t<meta name=\"twitter:data1\" content=\"Reda\u00e7\u00e3o Cacau News\" \/>\n\t<meta name=\"twitter:label2\" content=\"Est. tempo de leitura\" \/>\n\t<meta name=\"twitter:data2\" content=\"1 minuto\" \/>\n<script type=\"application\/ld+json\" class=\"yoast-schema-graph\">{\"@context\":\"https:\/\/schema.org\",\"@graph\":[{\"@type\":\"Article\",\"@id\":\"https:\/\/cacaunews.com\/?p=836#article\",\"isPartOf\":{\"@id\":\"https:\/\/cacaunews.com\/?p=836\"},\"author\":{\"name\":\"Reda\u00e7\u00e3o Cacau News\",\"@id\":\"https:\/\/cacaunews.com\/#\/schema\/person\/ea69703103e606ad347ccd64bd72ef79\"},\"headline\":\"Itabuna: Pessoas com defici\u00eancia tiveram espa\u00e7o exclusivo na Lavagem do Beco, e receberam carinho dos artistas.\",\"datePublished\":\"2023-02-13T14:17:42+00:00\",\"dateModified\":\"2023-02-13T14:17:51+00:00\",\"mainEntityOfPage\":{\"@id\":\"https:\/\/cacaunews.com\/?p=836\"},\"wordCount\":232,\"commentCount\":0,\"publisher\":{\"@id\":\"https:\/\/cacaunews.com\/#organization\"},\"keywords\":[\"acessibilidade\",\"inclus\u00e3o\",\"itabuna\",\"lavagemdobeco\",\"pne\"],\"articleSection\":[\"cidades\",\"Cultura\"],\"inLanguage\":\"pt-BR\",\"potentialAction\":[{\"@type\":\"CommentAction\",\"name\":\"Comment\",\"target\":[\"https:\/\/cacaunews.com\/?p=836#respond\"]}]},{\"@type\":\"WebPage\",\"@id\":\"https:\/\/cacaunews.com\/?p=836\",\"url\":\"https:\/\/cacaunews.com\/?p=836\",\"name\":\"Itabuna: Pessoas com defici\u00eancia tiveram espa\u00e7o exclusivo na Lavagem do Beco, e receberam carinho dos artistas. - Cacau News\",\"isPartOf\":{\"@id\":\"https:\/\/cacaunews.com\/#website\"},\"datePublished\":\"2023-02-13T14:17:42+00:00\",\"dateModified\":\"2023-02-13T14:17:51+00:00\",\"breadcrumb\":{\"@id\":\"https:\/\/cacaunews.com\/?p=836#breadcrumb\"},\"inLanguage\":\"pt-BR\",\"potentialAction\":[{\"@type\":\"ReadAction\",\"target\":[\"https:\/\/cacaunews.com\/?p=836\"]}]},{\"@type\":\"BreadcrumbList\",\"@id\":\"https:\/\/cacaunews.com\/?p=836#breadcrumb\",\"itemListElement\":[{\"@type\":\"ListItem\",\"position\":1,\"name\":\"In\u00edcio\",\"item\":\"https:\/\/cacaunews.com\/\"},{\"@type\":\"ListItem\",\"position\":2,\"name\":\"Itabuna: Pessoas com defici\u00eancia tiveram espa\u00e7o exclusivo na Lavagem do Beco, e receberam carinho dos artistas.\"}]},{\"@type\":\"WebSite\",\"@id\":\"https:\/\/cacaunews.com\/#website\",\"url\":\"https:\/\/cacaunews.com\/\",\"name\":\"Cacau News\",\"description\":\"A Informa\u00e7\u00e3o que voc\u00ea precisa!\",\"publisher\":{\"@id\":\"https:\/\/cacaunews.com\/#organization\"},\"potentialAction\":[{\"@type\":\"SearchAction\",\"target\":{\"@type\":\"EntryPoint\",\"urlTemplate\":\"https:\/\/cacaunews.com\/?s={search_term_string}\"},\"query-input\":\"required name=search_term_string\"}],\"inLanguage\":\"pt-BR\"},{\"@type\":\"Organization\",\"@id\":\"https:\/\/cacaunews.com\/#organization\",\"name\":\"Cacau News\",\"url\":\"https:\/\/cacaunews.com\/\",\"logo\":{\"@type\":\"ImageObject\",\"inLanguage\":\"pt-BR\",\"@id\":\"https:\/\/cacaunews.com\/#\/schema\/logo\/image\/\",\"url\":\"https:\/\/cacaunews.com\/wp-content\/uploads\/2025\/01\/cropped-LOGO-NOVA.png\",\"contentUrl\":\"https:\/\/cacaunews.com\/wp-content\/uploads\/2025\/01\/cropped-LOGO-NOVA.png\",\"width\":813,\"height\":813,\"caption\":\"Cacau News\"},\"image\":{\"@id\":\"https:\/\/cacaunews.com\/#\/schema\/logo\/image\/\"},\"sameAs\":[\"https:\/\/www.instagram.com\/cacaunews.online\/\",\"https:\/\/youtube.com\/@cacaunews?si=0VXLnjl08SrWbVG9\"]},{\"@type\":\"Person\",\"@id\":\"https:\/\/cacaunews.com\/#\/schema\/person\/ea69703103e606ad347ccd64bd72ef79\",\"name\":\"Reda\u00e7\u00e3o Cacau News\",\"image\":{\"@type\":\"ImageObject\",\"inLanguage\":\"pt-BR\",\"@id\":\"https:\/\/cacaunews.com\/#\/schema\/person\/image\/\",\"url\":\"https:\/\/secure.gravatar.com\/avatar\/d79227a2a7b6cc42e8d7a8f7c284cd3a?s=96&d=mm&r=g\",\"contentUrl\":\"https:\/\/secure.gravatar.com\/avatar\/d79227a2a7b6cc42e8d7a8f7c284cd3a?s=96&d=mm&r=g\",\"caption\":\"Reda\u00e7\u00e3o Cacau News\"},\"sameAs\":[\"https:\/\/cacaunews.com\"],\"url\":\"https:\/\/cacaunews.com\/?author=1\"}]}<\/script>\n<!-- \/ Yoast SEO plugin. -->","yoast_head_json":{"title":"Itabuna: Pessoas com defici\u00eancia tiveram espa\u00e7o exclusivo na Lavagem do Beco, e receberam carinho dos artistas. - Cacau News","robots":{"index":"index","follow":"follow","max-snippet":"max-snippet:-1","max-image-preview":"max-image-preview:large","max-video-preview":"max-video-preview:-1"},"canonical":"https:\/\/cacaunews.com\/?p=836","og_locale":"pt_BR","og_type":"article","og_title":"Itabuna: Pessoas com defici\u00eancia tiveram espa\u00e7o exclusivo na Lavagem do Beco, e receberam carinho dos artistas. - Cacau News","og_description":"A Prefeitura e a Funda\u00e7\u00e3o Itabunense de Cultura e Cidadania (FICC) tiveram preocupa\u00e7\u00e3o em n\u00e3o...","og_url":"https:\/\/cacaunews.com\/?p=836","og_site_name":"Cacau News","article_published_time":"2023-02-13T14:17:42+00:00","article_modified_time":"2023-02-13T14:17:51+00:00","og_image":[{"width":1600,"height":1200,"url":"https:\/\/cacaunews.com\/wp-content\/uploads\/2023\/02\/WhatsApp-Image-2023-02-11-at-14.33.48-1.jpeg","type":"image\/jpeg"}],"author":"Reda\u00e7\u00e3o Cacau News","twitter_card":"summary_large_image","twitter_misc":{"Escrito por":"Reda\u00e7\u00e3o Cacau News","Est. tempo de leitura":"1 minuto"},"schema":{"@context":"https:\/\/schema.org","@graph":[{"@type":"Article","@id":"https:\/\/cacaunews.com\/?p=836#article","isPartOf":{"@id":"https:\/\/cacaunews.com\/?p=836"},"author":{"name":"Reda\u00e7\u00e3o Cacau News","@id":"https:\/\/cacaunews.com\/#\/schema\/person\/ea69703103e606ad347ccd64bd72ef79"},"headline":"Itabuna: Pessoas com defici\u00eancia tiveram espa\u00e7o exclusivo na Lavagem do Beco, e receberam carinho dos artistas.","datePublished":"2023-02-13T14:17:42+00:00","dateModified":"2023-02-13T14:17:51+00:00","mainEntityOfPage":{"@id":"https:\/\/cacaunews.com\/?p=836"},"wordCount":232,"commentCount":0,"publisher":{"@id":"https:\/\/cacaunews.com\/#organization"},"keywords":["acessibilidade","inclus\u00e3o","itabuna","lavagemdobeco","pne"],"articleSection":["cidades","Cultura"],"inLanguage":"pt-BR","potentialAction":[{"@type":"CommentAction","name":"Comment","target":["https:\/\/cacaunews.com\/?p=836#respond"]}]},{"@type":"WebPage","@id":"https:\/\/cacaunews.com\/?p=836","url":"https:\/\/cacaunews.com\/?p=836","name":"Itabuna: Pessoas com defici\u00eancia tiveram espa\u00e7o exclusivo na Lavagem do Beco, e receberam carinho dos artistas. - Cacau News","isPartOf":{"@id":"https:\/\/cacaunews.com\/#website"},"datePublished":"2023-02-13T14:17:42+00:00","dateModified":"2023-02-13T14:17:51+00:00","breadcrumb":{"@id":"https:\/\/cacaunews.com\/?p=836#breadcrumb"},"inLanguage":"pt-BR","potentialAction":[{"@type":"ReadAction","target":["https:\/\/cacaunews.com\/?p=836"]}]},{"@type":"BreadcrumbList","@id":"https:\/\/cacaunews.com\/?p=836#breadcrumb","itemListElement":[{"@type":"ListItem","position":1,"name":"In\u00edcio","item":"https:\/\/cacaunews.com\/"},{"@type":"ListItem","position":2,"name":"Itabuna: Pessoas com defici\u00eancia tiveram espa\u00e7o exclusivo na Lavagem do Beco, e receberam carinho dos artistas."}]},{"@type":"WebSite","@id":"https:\/\/cacaunews.com\/#website","url":"https:\/\/cacaunews.com\/","name":"Cacau News","description":"A Informa\u00e7\u00e3o que voc\u00ea precisa!","publisher":{"@id":"https:\/\/cacaunews.com\/#organization"},"potentialAction":[{"@type":"SearchAction","target":{"@type":"EntryPoint","urlTemplate":"https:\/\/cacaunews.com\/?s={search_term_string}"},"query-input":"required name=search_term_string"}],"inLanguage":"pt-BR"},{"@type":"Organization","@id":"https:\/\/cacaunews.com\/#organization","name":"Cacau News","url":"https:\/\/cacaunews.com\/","logo":{"@type":"ImageObject","inLanguage":"pt-BR","@id":"https:\/\/cacaunews.com\/#\/schema\/logo\/image\/","url":"https:\/\/cacaunews.com\/wp-content\/uploads\/2025\/01\/cropped-LOGO-NOVA.png","contentUrl":"https:\/\/cacaunews.com\/wp-content\/uploads\/2025\/01\/cropped-LOGO-NOVA.png","width":813,"height":813,"caption":"Cacau News"},"image":{"@id":"https:\/\/cacaunews.com\/#\/schema\/logo\/image\/"},"sameAs":["https:\/\/www.instagram.com\/cacaunews.online\/","https:\/\/youtube.com\/@cacaunews?si=0VXLnjl08SrWbVG9"]},{"@type":"Person","@id":"https:\/\/cacaunews.com\/#\/schema\/person\/ea69703103e606ad347ccd64bd72ef79","name":"Reda\u00e7\u00e3o Cacau News","image":{"@type":"ImageObject","inLanguage":"pt-BR","@id":"https:\/\/cacaunews.com\/#\/schema\/person\/image\/","url":"https:\/\/secure.gravatar.com\/avatar\/d79227a2a7b6cc42e8d7a8f7c284cd3a?s=96&d=mm&r=g","contentUrl":"https:\/\/secure.gravatar.com\/avatar\/d79227a2a7b6cc42e8d7a8f7c284cd3a?s=96&d=mm&r=g","caption":"Reda\u00e7\u00e3o Cacau News"},"sameAs":["https:\/\/cacaunews.com"],"url":"https:\/\/cacaunews.com\/?author=1"}]}},"jetpack_sharing_enabled":true,"jetpack_featured_media_url":"https:\/\/cacaunews.com\/wp-content\/uploads\/2023\/02\/WhatsApp-Image-2023-02-11-at-14.33.48-1.jpeg","_links":{"self":[{"href":"https:\/\/cacaunews.com\/index.php?rest_route=\/wp\/v2\/posts\/836"}],"collection":[{"href":"https:\/\/cacaunews.com\/index.php?rest_route=\/wp\/v2\/posts"}],"about":[{"href":"https:\/\/cacaunews.com\/index.php?rest_route=\/wp\/v2\/types\/post"}],"author":[{"embeddable":true,"href":"https:\/\/cacaunews.com\/index.php?rest_route=\/wp\/v2\/users\/1"}],"replies":[{"embeddable":true,"href":"https:\/\/cacaunews.com\/index.php?rest_route=%2Fwp%2Fv2%2Fcomments&post=836"}],"version-history":[{"count":1,"href":"https:\/\/cacaunews.com\/index.php?rest_route=\/wp\/v2\/posts\/836\/revisions"}],"predecessor-version":[{"id":839,"href":"https:\/\/cacaunews.com\/index.php?rest_route=\/wp\/v2\/posts\/836\/revisions\/839"}],"wp:featuredmedia":[{"embeddable":true,"href":"https:\/\/cacaunews.com\/index.php?rest_route=\/wp\/v2\/media\/835"}],"wp:attachment":[{"href":"https:\/\/cacaunews.com\/index.php?rest_route=%2Fwp%2Fv2%2Fmedia&parent=836"}],"wp:term":[{"taxonomy":"category","embeddable":true,"href":"https:\/\/cacaunews.com\/index.php?rest_route=%2Fwp%2Fv2%2Fcategories&post=836"},{"taxonomy":"post_tag","embeddable":true,"href":"https:\/\/cacaunews.com\/index.php?rest_route=%2Fwp%2Fv2%2Ftags&post=836"}],"curies":[{"name":"wp","href":"https:\/\/api.w.org\/{rel}","templated":true}]}}