{"id":842,"date":"2023-02-14T23:09:54","date_gmt":"2023-02-14T23:09:54","guid":{"rendered":"https:\/\/cacaunews.com\/?p=842"},"modified":"2023-02-14T23:09:59","modified_gmt":"2023-02-14T23:09:59","slug":"deputado-do-pl-sera-vice-lider-do-governo-do-pt-na-assembleia-legislativa-da-bahia","status":"publish","type":"post","link":"https:\/\/cacaunews.com\/?p=842","title":{"rendered":"Deputado do PL ser\u00e1 vice-l\u00edder do governo do PT na Assembleia Legislativa da Bahia."},"content":{"rendered":"\n<p>O deputado estadual do PL Raimundinho da JR foi nomeado, na \u00faltima semana, vice-l\u00edder do bloco da maioria, na Assembleia Legislativa da Bahia.<br><br>Com isso, o deputado do partido do ex-presidente Jair Bolsonaro \u00e9 um dos substitutos do l\u00edder da bloco do governo, o deputado Rosemberg Pinto, do PT, mesmo partido do governador Jer\u00f4nimo Rodrigues. Nas redes sociais, Raimundinho comemorou a indica\u00e7\u00e3o.<br><br>&#8220;\u00c9 com imenso prazer que compartilho com voc\u00eas minha recente conquista na @legislativoalba . Sou o novo vice-l\u00edder do governo Jer\u00f4nimo, e isso \u00e9 fruto de muito trabalho e dedica\u00e7\u00e3o. Sempre busquei estar ao lado da popula\u00e7\u00e3o, lutando pelos seus interesses e buscando o seu bem-estar&#8221;, escreveu.<br><br>Al\u00e9m do deputado do PL, os deputados Eures Ribeiro (PSD), Caf\u00fa Barreto (PSD) e Cl\u00e1udia Oliveira (PSD) tamb\u00e9m s\u00e3o vice-l\u00edderes da maioria.<br><br>Na Alba, o PL conta com 4 deputados estaduais na Alba. Nas elei\u00e7\u00f5es de 2022, o partido teve como candidato ao governo do estado o ex-deputado federal e ex-ministro do governo Bolsonaro Jo\u00e3o Roma e contou com forte discurso pr\u00f3-Bolsonaro.<br><br>O deputado Raimundinho da JR. teve como parceiro de &#8220;dobradinha&#8221; no pedido de votos, o deputado federal bolsonarista Capit\u00e3o Alden. No entanto, ap\u00f3s a elei\u00e7\u00e3o, Raimundinho registrou nas suas redes sociais diversos encontros com o governador Jer\u00f4nimo Rodrigues, e o vice Geraldo J\u00fanior. Antes do PL, ele j\u00e1 passou por PDT e Republicanos.<\/p>\n\n\n\n<p>Com informa\u00e7\u00f5es G1.<\/p>\n","protected":false},"excerpt":{"rendered":"<p>O deputado estadual do PL Raimundinho da JR foi nomeado, na \u00faltima semana, vice-l\u00edder do&#8230;<\/p>\n","protected":false},"author":1,"featured_media":841,"comment_status":"open","ping_status":"open","sticky":false,"template":"","format":"standard","meta":{"footnotes":""},"categories":[5],"tags":[54,294,295,292,293],"yoast_head":"<!-- This site is optimized with the Yoast SEO plugin v21.7 - https:\/\/yoast.com\/wordpress\/plugins\/seo\/ -->\n<title>Deputado do PL ser\u00e1 vice-l\u00edder do governo do PT na Assembleia Legislativa da Bahia. - Cacau News<\/title>\n<meta name=\"robots\" content=\"index, follow, max-snippet:-1, max-image-preview:large, max-video-preview:-1\" \/>\n<link rel=\"canonical\" href=\"https:\/\/cacaunews.com\/?p=842\" \/>\n<meta property=\"og:locale\" content=\"pt_BR\" \/>\n<meta property=\"og:type\" content=\"article\" \/>\n<meta property=\"og:title\" content=\"Deputado do PL ser\u00e1 vice-l\u00edder do governo do PT na Assembleia Legislativa da Bahia. - Cacau News\" \/>\n<meta property=\"og:description\" content=\"O deputado estadual do PL Raimundinho da JR foi nomeado, na \u00faltima semana, vice-l\u00edder do...\" \/>\n<meta property=\"og:url\" content=\"https:\/\/cacaunews.com\/?p=842\" \/>\n<meta property=\"og:site_name\" content=\"Cacau News\" \/>\n<meta property=\"article:published_time\" content=\"2023-02-14T23:09:54+00:00\" \/>\n<meta property=\"article:modified_time\" content=\"2023-02-14T23:09:59+00:00\" \/>\n<meta property=\"og:image\" content=\"https:\/\/cacaunews.com\/wp-content\/uploads\/2023\/02\/rai.jpg\" \/>\n\t<meta property=\"og:image:width\" content=\"1000\" \/>\n\t<meta property=\"og:image:height\" content=\"632\" \/>\n\t<meta property=\"og:image:type\" content=\"image\/jpeg\" \/>\n<meta name=\"author\" content=\"Reda\u00e7\u00e3o Cacau News\" \/>\n<meta name=\"twitter:card\" content=\"summary_large_image\" \/>\n<meta name=\"twitter:label1\" content=\"Escrito por\" \/>\n\t<meta name=\"twitter:data1\" content=\"Reda\u00e7\u00e3o Cacau News\" \/>\n\t<meta name=\"twitter:label2\" content=\"Est. tempo de leitura\" \/>\n\t<meta name=\"twitter:data2\" content=\"1 minuto\" \/>\n<script type=\"application\/ld+json\" class=\"yoast-schema-graph\">{\"@context\":\"https:\/\/schema.org\",\"@graph\":[{\"@type\":\"Article\",\"@id\":\"https:\/\/cacaunews.com\/?p=842#article\",\"isPartOf\":{\"@id\":\"https:\/\/cacaunews.com\/?p=842\"},\"author\":{\"name\":\"Reda\u00e7\u00e3o Cacau News\",\"@id\":\"https:\/\/cacaunews.com\/#\/schema\/person\/ea69703103e606ad347ccd64bd72ef79\"},\"headline\":\"Deputado do PL ser\u00e1 vice-l\u00edder do governo do PT na Assembleia Legislativa da Bahia.\",\"datePublished\":\"2023-02-14T23:09:54+00:00\",\"dateModified\":\"2023-02-14T23:09:59+00:00\",\"mainEntityOfPage\":{\"@id\":\"https:\/\/cacaunews.com\/?p=842\"},\"wordCount\":259,\"commentCount\":0,\"publisher\":{\"@id\":\"https:\/\/cacaunews.com\/#organization\"},\"keywords\":[\"ALBA\",\"PL\",\"PT\",\"Raimundinho da JR\",\"vice l\u00edder\"],\"articleSection\":[\"Politica\"],\"inLanguage\":\"pt-BR\",\"potentialAction\":[{\"@type\":\"CommentAction\",\"name\":\"Comment\",\"target\":[\"https:\/\/cacaunews.com\/?p=842#respond\"]}]},{\"@type\":\"WebPage\",\"@id\":\"https:\/\/cacaunews.com\/?p=842\",\"url\":\"https:\/\/cacaunews.com\/?p=842\",\"name\":\"Deputado do PL ser\u00e1 vice-l\u00edder do governo do PT na Assembleia Legislativa da Bahia. - Cacau News\",\"isPartOf\":{\"@id\":\"https:\/\/cacaunews.com\/#website\"},\"datePublished\":\"2023-02-14T23:09:54+00:00\",\"dateModified\":\"2023-02-14T23:09:59+00:00\",\"breadcrumb\":{\"@id\":\"https:\/\/cacaunews.com\/?p=842#breadcrumb\"},\"inLanguage\":\"pt-BR\",\"potentialAction\":[{\"@type\":\"ReadAction\",\"target\":[\"https:\/\/cacaunews.com\/?p=842\"]}]},{\"@type\":\"BreadcrumbList\",\"@id\":\"https:\/\/cacaunews.com\/?p=842#breadcrumb\",\"itemListElement\":[{\"@type\":\"ListItem\",\"position\":1,\"name\":\"In\u00edcio\",\"item\":\"https:\/\/cacaunews.com\/\"},{\"@type\":\"ListItem\",\"position\":2,\"name\":\"Deputado do PL ser\u00e1 vice-l\u00edder do governo do PT na Assembleia Legislativa da Bahia.\"}]},{\"@type\":\"WebSite\",\"@id\":\"https:\/\/cacaunews.com\/#website\",\"url\":\"https:\/\/cacaunews.com\/\",\"name\":\"Cacau News\",\"description\":\"A Informa\u00e7\u00e3o que voc\u00ea precisa!\",\"publisher\":{\"@id\":\"https:\/\/cacaunews.com\/#organization\"},\"potentialAction\":[{\"@type\":\"SearchAction\",\"target\":{\"@type\":\"EntryPoint\",\"urlTemplate\":\"https:\/\/cacaunews.com\/?s={search_term_string}\"},\"query-input\":\"required name=search_term_string\"}],\"inLanguage\":\"pt-BR\"},{\"@type\":\"Organization\",\"@id\":\"https:\/\/cacaunews.com\/#organization\",\"name\":\"Cacau News\",\"url\":\"https:\/\/cacaunews.com\/\",\"logo\":{\"@type\":\"ImageObject\",\"inLanguage\":\"pt-BR\",\"@id\":\"https:\/\/cacaunews.com\/#\/schema\/logo\/image\/\",\"url\":\"https:\/\/cacaunews.com\/wp-content\/uploads\/2025\/01\/cropped-LOGO-NOVA.png\",\"contentUrl\":\"https:\/\/cacaunews.com\/wp-content\/uploads\/2025\/01\/cropped-LOGO-NOVA.png\",\"width\":813,\"height\":813,\"caption\":\"Cacau News\"},\"image\":{\"@id\":\"https:\/\/cacaunews.com\/#\/schema\/logo\/image\/\"},\"sameAs\":[\"https:\/\/www.instagram.com\/cacaunews.online\/\",\"https:\/\/youtube.com\/@cacaunews?si=0VXLnjl08SrWbVG9\"]},{\"@type\":\"Person\",\"@id\":\"https:\/\/cacaunews.com\/#\/schema\/person\/ea69703103e606ad347ccd64bd72ef79\",\"name\":\"Reda\u00e7\u00e3o Cacau News\",\"image\":{\"@type\":\"ImageObject\",\"inLanguage\":\"pt-BR\",\"@id\":\"https:\/\/cacaunews.com\/#\/schema\/person\/image\/\",\"url\":\"https:\/\/secure.gravatar.com\/avatar\/d79227a2a7b6cc42e8d7a8f7c284cd3a?s=96&d=mm&r=g\",\"contentUrl\":\"https:\/\/secure.gravatar.com\/avatar\/d79227a2a7b6cc42e8d7a8f7c284cd3a?s=96&d=mm&r=g\",\"caption\":\"Reda\u00e7\u00e3o Cacau News\"},\"sameAs\":[\"https:\/\/cacaunews.com\"],\"url\":\"https:\/\/cacaunews.com\/?author=1\"}]}<\/script>\n<!-- \/ Yoast SEO plugin. -->","yoast_head_json":{"title":"Deputado do PL ser\u00e1 vice-l\u00edder do governo do PT na Assembleia Legislativa da Bahia. - Cacau News","robots":{"index":"index","follow":"follow","max-snippet":"max-snippet:-1","max-image-preview":"max-image-preview:large","max-video-preview":"max-video-preview:-1"},"canonical":"https:\/\/cacaunews.com\/?p=842","og_locale":"pt_BR","og_type":"article","og_title":"Deputado do PL ser\u00e1 vice-l\u00edder do governo do PT na Assembleia Legislativa da Bahia. - Cacau News","og_description":"O deputado estadual do PL Raimundinho da JR foi nomeado, na \u00faltima semana, vice-l\u00edder do...","og_url":"https:\/\/cacaunews.com\/?p=842","og_site_name":"Cacau News","article_published_time":"2023-02-14T23:09:54+00:00","article_modified_time":"2023-02-14T23:09:59+00:00","og_image":[{"width":1000,"height":632,"url":"https:\/\/cacaunews.com\/wp-content\/uploads\/2023\/02\/rai.jpg","type":"image\/jpeg"}],"author":"Reda\u00e7\u00e3o Cacau News","twitter_card":"summary_large_image","twitter_misc":{"Escrito por":"Reda\u00e7\u00e3o Cacau News","Est. tempo de leitura":"1 minuto"},"schema":{"@context":"https:\/\/schema.org","@graph":[{"@type":"Article","@id":"https:\/\/cacaunews.com\/?p=842#article","isPartOf":{"@id":"https:\/\/cacaunews.com\/?p=842"},"author":{"name":"Reda\u00e7\u00e3o Cacau News","@id":"https:\/\/cacaunews.com\/#\/schema\/person\/ea69703103e606ad347ccd64bd72ef79"},"headline":"Deputado do PL ser\u00e1 vice-l\u00edder do governo do PT na Assembleia Legislativa da Bahia.","datePublished":"2023-02-14T23:09:54+00:00","dateModified":"2023-02-14T23:09:59+00:00","mainEntityOfPage":{"@id":"https:\/\/cacaunews.com\/?p=842"},"wordCount":259,"commentCount":0,"publisher":{"@id":"https:\/\/cacaunews.com\/#organization"},"keywords":["ALBA","PL","PT","Raimundinho da JR","vice l\u00edder"],"articleSection":["Politica"],"inLanguage":"pt-BR","potentialAction":[{"@type":"CommentAction","name":"Comment","target":["https:\/\/cacaunews.com\/?p=842#respond"]}]},{"@type":"WebPage","@id":"https:\/\/cacaunews.com\/?p=842","url":"https:\/\/cacaunews.com\/?p=842","name":"Deputado do PL ser\u00e1 vice-l\u00edder do governo do PT na Assembleia Legislativa da Bahia. - Cacau News","isPartOf":{"@id":"https:\/\/cacaunews.com\/#website"},"datePublished":"2023-02-14T23:09:54+00:00","dateModified":"2023-02-14T23:09:59+00:00","breadcrumb":{"@id":"https:\/\/cacaunews.com\/?p=842#breadcrumb"},"inLanguage":"pt-BR","potentialAction":[{"@type":"ReadAction","target":["https:\/\/cacaunews.com\/?p=842"]}]},{"@type":"BreadcrumbList","@id":"https:\/\/cacaunews.com\/?p=842#breadcrumb","itemListElement":[{"@type":"ListItem","position":1,"name":"In\u00edcio","item":"https:\/\/cacaunews.com\/"},{"@type":"ListItem","position":2,"name":"Deputado do PL ser\u00e1 vice-l\u00edder do governo do PT na Assembleia Legislativa da Bahia."}]},{"@type":"WebSite","@id":"https:\/\/cacaunews.com\/#website","url":"https:\/\/cacaunews.com\/","name":"Cacau News","description":"A Informa\u00e7\u00e3o que voc\u00ea precisa!","publisher":{"@id":"https:\/\/cacaunews.com\/#organization"},"potentialAction":[{"@type":"SearchAction","target":{"@type":"EntryPoint","urlTemplate":"https:\/\/cacaunews.com\/?s={search_term_string}"},"query-input":"required name=search_term_string"}],"inLanguage":"pt-BR"},{"@type":"Organization","@id":"https:\/\/cacaunews.com\/#organization","name":"Cacau News","url":"https:\/\/cacaunews.com\/","logo":{"@type":"ImageObject","inLanguage":"pt-BR","@id":"https:\/\/cacaunews.com\/#\/schema\/logo\/image\/","url":"https:\/\/cacaunews.com\/wp-content\/uploads\/2025\/01\/cropped-LOGO-NOVA.png","contentUrl":"https:\/\/cacaunews.com\/wp-content\/uploads\/2025\/01\/cropped-LOGO-NOVA.png","width":813,"height":813,"caption":"Cacau News"},"image":{"@id":"https:\/\/cacaunews.com\/#\/schema\/logo\/image\/"},"sameAs":["https:\/\/www.instagram.com\/cacaunews.online\/","https:\/\/youtube.com\/@cacaunews?si=0VXLnjl08SrWbVG9"]},{"@type":"Person","@id":"https:\/\/cacaunews.com\/#\/schema\/person\/ea69703103e606ad347ccd64bd72ef79","name":"Reda\u00e7\u00e3o Cacau News","image":{"@type":"ImageObject","inLanguage":"pt-BR","@id":"https:\/\/cacaunews.com\/#\/schema\/person\/image\/","url":"https:\/\/secure.gravatar.com\/avatar\/d79227a2a7b6cc42e8d7a8f7c284cd3a?s=96&d=mm&r=g","contentUrl":"https:\/\/secure.gravatar.com\/avatar\/d79227a2a7b6cc42e8d7a8f7c284cd3a?s=96&d=mm&r=g","caption":"Reda\u00e7\u00e3o Cacau News"},"sameAs":["https:\/\/cacaunews.com"],"url":"https:\/\/cacaunews.com\/?author=1"}]}},"jetpack_sharing_enabled":true,"jetpack_featured_media_url":"https:\/\/cacaunews.com\/wp-content\/uploads\/2023\/02\/rai.jpg","_links":{"self":[{"href":"https:\/\/cacaunews.com\/index.php?rest_route=\/wp\/v2\/posts\/842"}],"collection":[{"href":"https:\/\/cacaunews.com\/index.php?rest_route=\/wp\/v2\/posts"}],"about":[{"href":"https:\/\/cacaunews.com\/index.php?rest_route=\/wp\/v2\/types\/post"}],"author":[{"embeddable":true,"href":"https:\/\/cacaunews.com\/index.php?rest_route=\/wp\/v2\/users\/1"}],"replies":[{"embeddable":true,"href":"https:\/\/cacaunews.com\/index.php?rest_route=%2Fwp%2Fv2%2Fcomments&post=842"}],"version-history":[{"count":1,"href":"https:\/\/cacaunews.com\/index.php?rest_route=\/wp\/v2\/posts\/842\/revisions"}],"predecessor-version":[{"id":852,"href":"https:\/\/cacaunews.com\/index.php?rest_route=\/wp\/v2\/posts\/842\/revisions\/852"}],"wp:featuredmedia":[{"embeddable":true,"href":"https:\/\/cacaunews.com\/index.php?rest_route=\/wp\/v2\/media\/841"}],"wp:attachment":[{"href":"https:\/\/cacaunews.com\/index.php?rest_route=%2Fwp%2Fv2%2Fmedia&parent=842"}],"wp:term":[{"taxonomy":"category","embeddable":true,"href":"https:\/\/cacaunews.com\/index.php?rest_route=%2Fwp%2Fv2%2Fcategories&post=842"},{"taxonomy":"post_tag","embeddable":true,"href":"https:\/\/cacaunews.com\/index.php?rest_route=%2Fwp%2Fv2%2Ftags&post=842"}],"curies":[{"name":"wp","href":"https:\/\/api.w.org\/{rel}","templated":true}]}}