{"id":867,"date":"2023-02-16T14:58:55","date_gmt":"2023-02-16T14:58:55","guid":{"rendered":"https:\/\/cacaunews.com\/?p=867"},"modified":"2023-02-16T14:59:03","modified_gmt":"2023-02-16T14:59:03","slug":"sala-de-imprensa-do-carnaval-de-salvador-homenageia-a-jornalista-itabunense-andrea-silva","status":"publish","type":"post","link":"https:\/\/cacaunews.com\/?p=867","title":{"rendered":"Sala de imprensa do Carnaval de Salvador homenageia a jornalista, Itabunense, Andr\u00e9a Silva."},"content":{"rendered":"\n<p>A sala de imprensa oficial do Carnaval de Salvador esse ano vai receber o nome da jornalista Andr\u00e9a Silva, da TV Bahia. O espa\u00e7o fica na Pra\u00e7a Dois de Julho, no Campo Grande (Circuito Osmar), oferecendo suporte aos profissionais de imprensa que trabalham na cobertura da festa. A inaugura\u00e7\u00e3o da sala de imprensa ser\u00e1 a partir das 11h desta quinta, pelo prefeito Bruno Reis.<\/p>\n\n\n\n<p>Andr\u00e9a Silva nasceu em Itabuna, onde come\u00e7ou sua carreira, e se mudou para Salvador em 1995, trabalhando na TV Itapoan. No ano seguinte, ela come\u00e7ou a trabalhar na TV Bahia, onde continua at\u00e9 hoje.<\/p>\n\n\n\n<p>Veterana com muita experi\u00eancia com entradas ao vivo, a rep\u00f3rter tamb\u00e9m trabalha cobrindo o Carnaval. Sua primeira entrada ao vivo da carreira foi justamente em uma folia, no ano de 1995, quando cobriu o cortejo do Olodum, na Pra\u00e7a Castro Alves.<br><br>\u201cFicou marcado para mim e nunca vou esquecer. Viver o Carnaval apenas quatro meses depois de chegar a Salvador foi incr\u00edvel. Eu, mesmo sendo baiana, nunca tinha passado o Carnaval na capital\u201d, lembra a jornalista, que em todas suas coberturas carnavalescas trabalha no Circuito Osmar.<\/p>\n\n\n\n<p>\u201cEu adoro o Carnaval do Centro. \u00c9 o circuito com a ess\u00eancia verdadeira do Carnaval. Com aquele foli\u00e3o pipoca que sobe e desce a Avenida Sete o tempo todo, vai \u00e0 Pra\u00e7a Castro Alves e volta fazendo v\u00e1rios trios no mesmo dia. \u00c9 o Carnaval que eu amo, porque \u00e9 o p\u00fablico ali, no ch\u00e3o, de gra\u00e7a\u201d, acrescenta. \u201cNunca fui foli\u00e3, mas pode ter certeza que eu curto demais o Carnaval. Cobrir, para mim \u00e9, ao mesmo tempo, brincar o Carnaval. Por isso que eu gosto da rua&#8221;.<\/p>\n\n\n\n<p>A jornalista de 50 anos \u00e9 casada com o rep\u00f3rter cinematogr\u00e1fico Ricardo Artner, m\u00e3e de dois filhos, torcedora do Bahia e admiradora de Santa Dulce dos Pobres.<br><br><strong>Como funciona?<\/strong><\/p>\n\n\n\n<p><br>A Sala de Imprensa Oficial do Carnaval de Salvador Andr\u00e9a Silva vai funcionar at\u00e9 a ter\u00e7a-feira (21), das 9h \u00e0s 21h. A estrutura climatizada possui computadores e acesso \u00e0 internet, al\u00e9m de sala de coletivas, para atendimento aos profissionais de imprensa que fazem a cobertura da folia. <\/p>\n\n\n\n<p>Com Informa\u00e7\u00e3o Correio.<\/p>\n","protected":false},"excerpt":{"rendered":"<p>A sala de imprensa oficial do Carnaval de Salvador esse ano vai receber o nome&#8230;<\/p>\n","protected":false},"author":1,"featured_media":866,"comment_status":"open","ping_status":"open","sticky":false,"template":"","format":"standard","meta":{"footnotes":""},"categories":[18,31],"tags":[313,314,315,266],"yoast_head":"<!-- This site is optimized with the Yoast SEO plugin v21.7 - https:\/\/yoast.com\/wordpress\/plugins\/seo\/ -->\n<title>Sala de imprensa do Carnaval de Salvador homenageia a jornalista, Itabunense, Andr\u00e9a Silva. - Cacau News<\/title>\n<meta name=\"robots\" content=\"index, follow, max-snippet:-1, max-image-preview:large, max-video-preview:-1\" \/>\n<link rel=\"canonical\" href=\"https:\/\/cacaunews.com\/?p=867\" \/>\n<meta property=\"og:locale\" content=\"pt_BR\" \/>\n<meta property=\"og:type\" content=\"article\" \/>\n<meta property=\"og:title\" content=\"Sala de imprensa do Carnaval de Salvador homenageia a jornalista, Itabunense, Andr\u00e9a Silva. - Cacau News\" \/>\n<meta property=\"og:description\" content=\"A sala de imprensa oficial do Carnaval de Salvador esse ano vai receber o nome...\" \/>\n<meta property=\"og:url\" content=\"https:\/\/cacaunews.com\/?p=867\" \/>\n<meta property=\"og:site_name\" content=\"Cacau News\" \/>\n<meta property=\"article:published_time\" content=\"2023-02-16T14:58:55+00:00\" \/>\n<meta property=\"article:modified_time\" content=\"2023-02-16T14:59:03+00:00\" \/>\n<meta property=\"og:image\" content=\"https:\/\/cacaunews.com\/wp-content\/uploads\/2023\/02\/csm_Collage_Maker-15-Feb-2023-01.23-PM_0eefd4d6ce.jpg\" \/>\n\t<meta property=\"og:image:width\" content=\"420\" \/>\n\t<meta property=\"og:image:height\" content=\"281\" \/>\n\t<meta property=\"og:image:type\" content=\"image\/jpeg\" \/>\n<meta name=\"author\" content=\"Reda\u00e7\u00e3o Cacau News\" \/>\n<meta name=\"twitter:card\" content=\"summary_large_image\" \/>\n<meta name=\"twitter:label1\" content=\"Escrito por\" \/>\n\t<meta name=\"twitter:data1\" content=\"Reda\u00e7\u00e3o Cacau News\" \/>\n\t<meta name=\"twitter:label2\" content=\"Est. tempo de leitura\" \/>\n\t<meta name=\"twitter:data2\" content=\"2 minutos\" \/>\n<script type=\"application\/ld+json\" class=\"yoast-schema-graph\">{\"@context\":\"https:\/\/schema.org\",\"@graph\":[{\"@type\":\"Article\",\"@id\":\"https:\/\/cacaunews.com\/?p=867#article\",\"isPartOf\":{\"@id\":\"https:\/\/cacaunews.com\/?p=867\"},\"author\":{\"name\":\"Reda\u00e7\u00e3o Cacau News\",\"@id\":\"https:\/\/cacaunews.com\/#\/schema\/person\/ea69703103e606ad347ccd64bd72ef79\"},\"headline\":\"Sala de imprensa do Carnaval de Salvador homenageia a jornalista, Itabunense, Andr\u00e9a Silva.\",\"datePublished\":\"2023-02-16T14:58:55+00:00\",\"dateModified\":\"2023-02-16T14:59:03+00:00\",\"mainEntityOfPage\":{\"@id\":\"https:\/\/cacaunews.com\/?p=867\"},\"wordCount\":380,\"commentCount\":0,\"publisher\":{\"@id\":\"https:\/\/cacaunews.com\/#organization\"},\"keywords\":[\"andreasilva\",\"carnaval\",\"imprensa\",\"Salvador\"],\"articleSection\":[\"cidades\",\"Cultura\"],\"inLanguage\":\"pt-BR\",\"potentialAction\":[{\"@type\":\"CommentAction\",\"name\":\"Comment\",\"target\":[\"https:\/\/cacaunews.com\/?p=867#respond\"]}]},{\"@type\":\"WebPage\",\"@id\":\"https:\/\/cacaunews.com\/?p=867\",\"url\":\"https:\/\/cacaunews.com\/?p=867\",\"name\":\"Sala de imprensa do Carnaval de Salvador homenageia a jornalista, Itabunense, Andr\u00e9a Silva. - Cacau News\",\"isPartOf\":{\"@id\":\"https:\/\/cacaunews.com\/#website\"},\"datePublished\":\"2023-02-16T14:58:55+00:00\",\"dateModified\":\"2023-02-16T14:59:03+00:00\",\"breadcrumb\":{\"@id\":\"https:\/\/cacaunews.com\/?p=867#breadcrumb\"},\"inLanguage\":\"pt-BR\",\"potentialAction\":[{\"@type\":\"ReadAction\",\"target\":[\"https:\/\/cacaunews.com\/?p=867\"]}]},{\"@type\":\"BreadcrumbList\",\"@id\":\"https:\/\/cacaunews.com\/?p=867#breadcrumb\",\"itemListElement\":[{\"@type\":\"ListItem\",\"position\":1,\"name\":\"In\u00edcio\",\"item\":\"https:\/\/cacaunews.com\/\"},{\"@type\":\"ListItem\",\"position\":2,\"name\":\"Sala de imprensa do Carnaval de Salvador homenageia a jornalista, Itabunense, Andr\u00e9a Silva.\"}]},{\"@type\":\"WebSite\",\"@id\":\"https:\/\/cacaunews.com\/#website\",\"url\":\"https:\/\/cacaunews.com\/\",\"name\":\"Cacau News\",\"description\":\"A Informa\u00e7\u00e3o que voc\u00ea precisa!\",\"publisher\":{\"@id\":\"https:\/\/cacaunews.com\/#organization\"},\"potentialAction\":[{\"@type\":\"SearchAction\",\"target\":{\"@type\":\"EntryPoint\",\"urlTemplate\":\"https:\/\/cacaunews.com\/?s={search_term_string}\"},\"query-input\":\"required name=search_term_string\"}],\"inLanguage\":\"pt-BR\"},{\"@type\":\"Organization\",\"@id\":\"https:\/\/cacaunews.com\/#organization\",\"name\":\"Cacau News\",\"url\":\"https:\/\/cacaunews.com\/\",\"logo\":{\"@type\":\"ImageObject\",\"inLanguage\":\"pt-BR\",\"@id\":\"https:\/\/cacaunews.com\/#\/schema\/logo\/image\/\",\"url\":\"https:\/\/cacaunews.com\/wp-content\/uploads\/2025\/01\/cropped-LOGO-NOVA.png\",\"contentUrl\":\"https:\/\/cacaunews.com\/wp-content\/uploads\/2025\/01\/cropped-LOGO-NOVA.png\",\"width\":813,\"height\":813,\"caption\":\"Cacau News\"},\"image\":{\"@id\":\"https:\/\/cacaunews.com\/#\/schema\/logo\/image\/\"},\"sameAs\":[\"https:\/\/www.instagram.com\/cacaunews.online\/\",\"https:\/\/youtube.com\/@cacaunews?si=0VXLnjl08SrWbVG9\"]},{\"@type\":\"Person\",\"@id\":\"https:\/\/cacaunews.com\/#\/schema\/person\/ea69703103e606ad347ccd64bd72ef79\",\"name\":\"Reda\u00e7\u00e3o Cacau News\",\"image\":{\"@type\":\"ImageObject\",\"inLanguage\":\"pt-BR\",\"@id\":\"https:\/\/cacaunews.com\/#\/schema\/person\/image\/\",\"url\":\"https:\/\/secure.gravatar.com\/avatar\/d79227a2a7b6cc42e8d7a8f7c284cd3a?s=96&d=mm&r=g\",\"contentUrl\":\"https:\/\/secure.gravatar.com\/avatar\/d79227a2a7b6cc42e8d7a8f7c284cd3a?s=96&d=mm&r=g\",\"caption\":\"Reda\u00e7\u00e3o Cacau News\"},\"sameAs\":[\"https:\/\/cacaunews.com\"],\"url\":\"https:\/\/cacaunews.com\/?author=1\"}]}<\/script>\n<!-- \/ Yoast SEO plugin. -->","yoast_head_json":{"title":"Sala de imprensa do Carnaval de Salvador homenageia a jornalista, Itabunense, Andr\u00e9a Silva. - Cacau News","robots":{"index":"index","follow":"follow","max-snippet":"max-snippet:-1","max-image-preview":"max-image-preview:large","max-video-preview":"max-video-preview:-1"},"canonical":"https:\/\/cacaunews.com\/?p=867","og_locale":"pt_BR","og_type":"article","og_title":"Sala de imprensa do Carnaval de Salvador homenageia a jornalista, Itabunense, Andr\u00e9a Silva. - Cacau News","og_description":"A sala de imprensa oficial do Carnaval de Salvador esse ano vai receber o nome...","og_url":"https:\/\/cacaunews.com\/?p=867","og_site_name":"Cacau News","article_published_time":"2023-02-16T14:58:55+00:00","article_modified_time":"2023-02-16T14:59:03+00:00","og_image":[{"width":420,"height":281,"url":"https:\/\/cacaunews.com\/wp-content\/uploads\/2023\/02\/csm_Collage_Maker-15-Feb-2023-01.23-PM_0eefd4d6ce.jpg","type":"image\/jpeg"}],"author":"Reda\u00e7\u00e3o Cacau News","twitter_card":"summary_large_image","twitter_misc":{"Escrito por":"Reda\u00e7\u00e3o Cacau News","Est. tempo de leitura":"2 minutos"},"schema":{"@context":"https:\/\/schema.org","@graph":[{"@type":"Article","@id":"https:\/\/cacaunews.com\/?p=867#article","isPartOf":{"@id":"https:\/\/cacaunews.com\/?p=867"},"author":{"name":"Reda\u00e7\u00e3o Cacau News","@id":"https:\/\/cacaunews.com\/#\/schema\/person\/ea69703103e606ad347ccd64bd72ef79"},"headline":"Sala de imprensa do Carnaval de Salvador homenageia a jornalista, Itabunense, Andr\u00e9a Silva.","datePublished":"2023-02-16T14:58:55+00:00","dateModified":"2023-02-16T14:59:03+00:00","mainEntityOfPage":{"@id":"https:\/\/cacaunews.com\/?p=867"},"wordCount":380,"commentCount":0,"publisher":{"@id":"https:\/\/cacaunews.com\/#organization"},"keywords":["andreasilva","carnaval","imprensa","Salvador"],"articleSection":["cidades","Cultura"],"inLanguage":"pt-BR","potentialAction":[{"@type":"CommentAction","name":"Comment","target":["https:\/\/cacaunews.com\/?p=867#respond"]}]},{"@type":"WebPage","@id":"https:\/\/cacaunews.com\/?p=867","url":"https:\/\/cacaunews.com\/?p=867","name":"Sala de imprensa do Carnaval de Salvador homenageia a jornalista, Itabunense, Andr\u00e9a Silva. - Cacau News","isPartOf":{"@id":"https:\/\/cacaunews.com\/#website"},"datePublished":"2023-02-16T14:58:55+00:00","dateModified":"2023-02-16T14:59:03+00:00","breadcrumb":{"@id":"https:\/\/cacaunews.com\/?p=867#breadcrumb"},"inLanguage":"pt-BR","potentialAction":[{"@type":"ReadAction","target":["https:\/\/cacaunews.com\/?p=867"]}]},{"@type":"BreadcrumbList","@id":"https:\/\/cacaunews.com\/?p=867#breadcrumb","itemListElement":[{"@type":"ListItem","position":1,"name":"In\u00edcio","item":"https:\/\/cacaunews.com\/"},{"@type":"ListItem","position":2,"name":"Sala de imprensa do Carnaval de Salvador homenageia a jornalista, Itabunense, Andr\u00e9a Silva."}]},{"@type":"WebSite","@id":"https:\/\/cacaunews.com\/#website","url":"https:\/\/cacaunews.com\/","name":"Cacau News","description":"A Informa\u00e7\u00e3o que voc\u00ea precisa!","publisher":{"@id":"https:\/\/cacaunews.com\/#organization"},"potentialAction":[{"@type":"SearchAction","target":{"@type":"EntryPoint","urlTemplate":"https:\/\/cacaunews.com\/?s={search_term_string}"},"query-input":"required name=search_term_string"}],"inLanguage":"pt-BR"},{"@type":"Organization","@id":"https:\/\/cacaunews.com\/#organization","name":"Cacau News","url":"https:\/\/cacaunews.com\/","logo":{"@type":"ImageObject","inLanguage":"pt-BR","@id":"https:\/\/cacaunews.com\/#\/schema\/logo\/image\/","url":"https:\/\/cacaunews.com\/wp-content\/uploads\/2025\/01\/cropped-LOGO-NOVA.png","contentUrl":"https:\/\/cacaunews.com\/wp-content\/uploads\/2025\/01\/cropped-LOGO-NOVA.png","width":813,"height":813,"caption":"Cacau News"},"image":{"@id":"https:\/\/cacaunews.com\/#\/schema\/logo\/image\/"},"sameAs":["https:\/\/www.instagram.com\/cacaunews.online\/","https:\/\/youtube.com\/@cacaunews?si=0VXLnjl08SrWbVG9"]},{"@type":"Person","@id":"https:\/\/cacaunews.com\/#\/schema\/person\/ea69703103e606ad347ccd64bd72ef79","name":"Reda\u00e7\u00e3o Cacau News","image":{"@type":"ImageObject","inLanguage":"pt-BR","@id":"https:\/\/cacaunews.com\/#\/schema\/person\/image\/","url":"https:\/\/secure.gravatar.com\/avatar\/d79227a2a7b6cc42e8d7a8f7c284cd3a?s=96&d=mm&r=g","contentUrl":"https:\/\/secure.gravatar.com\/avatar\/d79227a2a7b6cc42e8d7a8f7c284cd3a?s=96&d=mm&r=g","caption":"Reda\u00e7\u00e3o Cacau News"},"sameAs":["https:\/\/cacaunews.com"],"url":"https:\/\/cacaunews.com\/?author=1"}]}},"jetpack_sharing_enabled":true,"jetpack_featured_media_url":"https:\/\/cacaunews.com\/wp-content\/uploads\/2023\/02\/csm_Collage_Maker-15-Feb-2023-01.23-PM_0eefd4d6ce.jpg","_links":{"self":[{"href":"https:\/\/cacaunews.com\/index.php?rest_route=\/wp\/v2\/posts\/867"}],"collection":[{"href":"https:\/\/cacaunews.com\/index.php?rest_route=\/wp\/v2\/posts"}],"about":[{"href":"https:\/\/cacaunews.com\/index.php?rest_route=\/wp\/v2\/types\/post"}],"author":[{"embeddable":true,"href":"https:\/\/cacaunews.com\/index.php?rest_route=\/wp\/v2\/users\/1"}],"replies":[{"embeddable":true,"href":"https:\/\/cacaunews.com\/index.php?rest_route=%2Fwp%2Fv2%2Fcomments&post=867"}],"version-history":[{"count":1,"href":"https:\/\/cacaunews.com\/index.php?rest_route=\/wp\/v2\/posts\/867\/revisions"}],"predecessor-version":[{"id":868,"href":"https:\/\/cacaunews.com\/index.php?rest_route=\/wp\/v2\/posts\/867\/revisions\/868"}],"wp:featuredmedia":[{"embeddable":true,"href":"https:\/\/cacaunews.com\/index.php?rest_route=\/wp\/v2\/media\/866"}],"wp:attachment":[{"href":"https:\/\/cacaunews.com\/index.php?rest_route=%2Fwp%2Fv2%2Fmedia&parent=867"}],"wp:term":[{"taxonomy":"category","embeddable":true,"href":"https:\/\/cacaunews.com\/index.php?rest_route=%2Fwp%2Fv2%2Fcategories&post=867"},{"taxonomy":"post_tag","embeddable":true,"href":"https:\/\/cacaunews.com\/index.php?rest_route=%2Fwp%2Fv2%2Ftags&post=867"}],"curies":[{"name":"wp","href":"https:\/\/api.w.org\/{rel}","templated":true}]}}