{"id":922,"date":"2023-02-24T17:58:03","date_gmt":"2023-02-24T17:58:03","guid":{"rendered":"https:\/\/cacaunews.com\/?p=922"},"modified":"2023-02-24T17:58:07","modified_gmt":"2023-02-24T17:58:07","slug":"itabuna-jornada-pedagogica-comeca-segunda-feira-dia-27","status":"publish","type":"post","link":"https:\/\/cacaunews.com\/?p=922","title":{"rendered":"Itabuna: Jornada Pedag\u00f3gica come\u00e7a segunda-feira, dia 27."},"content":{"rendered":"\n<p>A XXXV Jornada Pedag\u00f3gica 2023, promovida pela Prefeitura de Itabuna, por meio da Secretaria Municipal da Educa\u00e7\u00e3o (SEDUC), come\u00e7a na segunda-feira, dia 27, \u00e0s 8 horas, no Teatro Municipal Candinha D\u00f3ria, com a participa\u00e7\u00e3o dos professores da Rede Municipal de ensino. At\u00e9 quarta-feira, dia 1\u00ba de mar\u00e7o, diversos temas ao ensino-aprendizagem estar\u00e3o em debate.<\/p>\n\n\n\n<figure class=\"wp-block-image size-large\"><a href=\"https:\/\/www.youtube.com\/@camarailheus4494\"><img fetchpriority=\"high\" decoding=\"async\" width=\"900\" height=\"120\" src=\"https:\/\/cacaunews.com\/wp-content\/uploads\/2023\/02\/cropped-cropped-image_editor_output_image-81641267-1676857453196-1.gif\" alt=\"\" class=\"wp-image-893\"\/><\/a><\/figure>\n\n\n\n<p><br><br>Hoje, dia 24, se encerra no final da tarde, a Pr\u00e9-Jornada Pedag\u00f3gica, no Teatro, com a participa\u00e7\u00e3o dos gestores escolares (coordenadores pedag\u00f3gicos, diretores e vice-diretores) da Rede Municipal de Ensino. O evento foi uma prepara\u00e7\u00e3o para a Jornada Pedag\u00f3gica.<br><br>A professora Shirlene Alves, t\u00e9cnica pedag\u00f3gica da Coordena\u00e7\u00e3o do Ensino Fundamental Anos Iniciais (1\u00ba ao 5\u00ba Ano) da SEDUC, salienta que tais eventos preparam a Rede Municipal de Ensino para o in\u00edcio das aulas. \u201cEste foi um momento de planejamento, de transmiss\u00e3o de orienta\u00e7\u00f5es pedag\u00f3gicas para as equipes gestoras sobre o trabalho que ser\u00e1 realizado nas unidades escolares neste ano letivo 2023\u201d, explicou<br><br>A Pr\u00e9-Jornada Pedag\u00f3gica foi realizada durante dois dias se encerrando nesta sexta-feira, 24, no Teatro Candinha D\u00f3ria, onde reuniu gestores escolares do Ensino Fundamental Anos Iniciais (1\u00ba ao 5\u00ba Ano), enquanto no Instituto de Educa\u00e7\u00e3o Infantil L\u00facia Oliveira contou com os gestores escolares da Educa\u00e7\u00e3o Infantil, Ensino Fundamental Anos Finais (6\u00ba ao 9\u00ba Ano) e segmento do Ensino de Jovens e Adultos (EJA).<br><br>Nesta sexta-feira, a professora Shirlene Alves fez uma explana\u00e7\u00e3o sobre: \u201cOs princ\u00edpios pedag\u00f3gicos da proposta pol\u00edtico-pedag\u00f3gica da Rede Municipal de Ensino\u201d. Ela aproveitou para refor\u00e7ar que a Pr\u00e9-Jornada e a Jornada Pedag\u00f3gica fazem um chamamento para o in\u00edcio do Ano Letivo 2023 que ter\u00e1 in\u00edcio na pr\u00f3xima quinta-feira,  dia 2, em todas as unidades escolares.<br><br>\u201cNa Pr\u00e9-Jornada, planejamos com os gestores escolares enquanto na Jornada ser\u00e1 o momento de planejar com os professores, a metodologia e conte\u00fados que ser\u00e3o utilizados para que a aprendizagem dos alunos aconte\u00e7a em sala de aula\u201d, refor\u00e7ou.<\/p>\n\n\n\n<p>Decom-Itabuna.<\/p>\n","protected":false},"excerpt":{"rendered":"<p>A XXXV Jornada Pedag\u00f3gica 2023, promovida pela Prefeitura de Itabuna, por meio da Secretaria Municipal&#8230;<\/p>\n","protected":false},"author":1,"featured_media":921,"comment_status":"open","ping_status":"open","sticky":false,"template":"","format":"standard","meta":{"footnotes":""},"categories":[18,11],"tags":[33,27,326],"yoast_head":"<!-- This site is optimized with the Yoast SEO plugin v21.7 - https:\/\/yoast.com\/wordpress\/plugins\/seo\/ -->\n<title>Itabuna: Jornada Pedag\u00f3gica come\u00e7a segunda-feira, dia 27. - Cacau News<\/title>\n<meta name=\"robots\" content=\"index, follow, max-snippet:-1, max-image-preview:large, max-video-preview:-1\" \/>\n<link rel=\"canonical\" href=\"https:\/\/cacaunews.com\/?p=922\" \/>\n<meta property=\"og:locale\" content=\"pt_BR\" \/>\n<meta property=\"og:type\" content=\"article\" \/>\n<meta property=\"og:title\" content=\"Itabuna: Jornada Pedag\u00f3gica come\u00e7a segunda-feira, dia 27. - Cacau News\" \/>\n<meta property=\"og:description\" content=\"A XXXV Jornada Pedag\u00f3gica 2023, promovida pela Prefeitura de Itabuna, por meio da Secretaria Municipal...\" \/>\n<meta property=\"og:url\" content=\"https:\/\/cacaunews.com\/?p=922\" \/>\n<meta property=\"og:site_name\" content=\"Cacau News\" \/>\n<meta property=\"article:published_time\" content=\"2023-02-24T17:58:03+00:00\" \/>\n<meta property=\"article:modified_time\" content=\"2023-02-24T17:58:07+00:00\" \/>\n<meta property=\"og:image\" content=\"https:\/\/cacaunews.com\/wp-content\/uploads\/2023\/02\/images282929.jpeg\" \/>\n\t<meta property=\"og:image:width\" content=\"640\" \/>\n\t<meta property=\"og:image:height\" content=\"480\" \/>\n\t<meta property=\"og:image:type\" content=\"image\/jpeg\" \/>\n<meta name=\"author\" content=\"Reda\u00e7\u00e3o Cacau News\" \/>\n<meta name=\"twitter:card\" content=\"summary_large_image\" \/>\n<meta name=\"twitter:label1\" content=\"Escrito por\" \/>\n\t<meta name=\"twitter:data1\" content=\"Reda\u00e7\u00e3o Cacau News\" \/>\n\t<meta name=\"twitter:label2\" content=\"Est. tempo de leitura\" \/>\n\t<meta name=\"twitter:data2\" content=\"2 minutos\" \/>\n<script type=\"application\/ld+json\" class=\"yoast-schema-graph\">{\"@context\":\"https:\/\/schema.org\",\"@graph\":[{\"@type\":\"Article\",\"@id\":\"https:\/\/cacaunews.com\/?p=922#article\",\"isPartOf\":{\"@id\":\"https:\/\/cacaunews.com\/?p=922\"},\"author\":{\"name\":\"Reda\u00e7\u00e3o Cacau News\",\"@id\":\"https:\/\/cacaunews.com\/#\/schema\/person\/ea69703103e606ad347ccd64bd72ef79\"},\"headline\":\"Itabuna: Jornada Pedag\u00f3gica come\u00e7a segunda-feira, dia 27.\",\"datePublished\":\"2023-02-24T17:58:03+00:00\",\"dateModified\":\"2023-02-24T17:58:07+00:00\",\"mainEntityOfPage\":{\"@id\":\"https:\/\/cacaunews.com\/?p=922\"},\"wordCount\":347,\"commentCount\":0,\"publisher\":{\"@id\":\"https:\/\/cacaunews.com\/#organization\"},\"keywords\":[\"educa\u00e7\u00e3o\",\"itabuna\",\"jornada pedag\u00f3gica\"],\"articleSection\":[\"cidades\",\"Jornalismo\"],\"inLanguage\":\"pt-BR\",\"potentialAction\":[{\"@type\":\"CommentAction\",\"name\":\"Comment\",\"target\":[\"https:\/\/cacaunews.com\/?p=922#respond\"]}]},{\"@type\":\"WebPage\",\"@id\":\"https:\/\/cacaunews.com\/?p=922\",\"url\":\"https:\/\/cacaunews.com\/?p=922\",\"name\":\"Itabuna: Jornada Pedag\u00f3gica come\u00e7a segunda-feira, dia 27. - Cacau News\",\"isPartOf\":{\"@id\":\"https:\/\/cacaunews.com\/#website\"},\"datePublished\":\"2023-02-24T17:58:03+00:00\",\"dateModified\":\"2023-02-24T17:58:07+00:00\",\"breadcrumb\":{\"@id\":\"https:\/\/cacaunews.com\/?p=922#breadcrumb\"},\"inLanguage\":\"pt-BR\",\"potentialAction\":[{\"@type\":\"ReadAction\",\"target\":[\"https:\/\/cacaunews.com\/?p=922\"]}]},{\"@type\":\"BreadcrumbList\",\"@id\":\"https:\/\/cacaunews.com\/?p=922#breadcrumb\",\"itemListElement\":[{\"@type\":\"ListItem\",\"position\":1,\"name\":\"In\u00edcio\",\"item\":\"https:\/\/cacaunews.com\/\"},{\"@type\":\"ListItem\",\"position\":2,\"name\":\"Itabuna: Jornada Pedag\u00f3gica come\u00e7a segunda-feira, dia 27.\"}]},{\"@type\":\"WebSite\",\"@id\":\"https:\/\/cacaunews.com\/#website\",\"url\":\"https:\/\/cacaunews.com\/\",\"name\":\"Cacau News\",\"description\":\"A Informa\u00e7\u00e3o que voc\u00ea precisa!\",\"publisher\":{\"@id\":\"https:\/\/cacaunews.com\/#organization\"},\"potentialAction\":[{\"@type\":\"SearchAction\",\"target\":{\"@type\":\"EntryPoint\",\"urlTemplate\":\"https:\/\/cacaunews.com\/?s={search_term_string}\"},\"query-input\":\"required name=search_term_string\"}],\"inLanguage\":\"pt-BR\"},{\"@type\":\"Organization\",\"@id\":\"https:\/\/cacaunews.com\/#organization\",\"name\":\"Cacau News\",\"url\":\"https:\/\/cacaunews.com\/\",\"logo\":{\"@type\":\"ImageObject\",\"inLanguage\":\"pt-BR\",\"@id\":\"https:\/\/cacaunews.com\/#\/schema\/logo\/image\/\",\"url\":\"https:\/\/cacaunews.com\/wp-content\/uploads\/2025\/01\/cropped-LOGO-NOVA.png\",\"contentUrl\":\"https:\/\/cacaunews.com\/wp-content\/uploads\/2025\/01\/cropped-LOGO-NOVA.png\",\"width\":813,\"height\":813,\"caption\":\"Cacau News\"},\"image\":{\"@id\":\"https:\/\/cacaunews.com\/#\/schema\/logo\/image\/\"},\"sameAs\":[\"https:\/\/www.instagram.com\/cacaunews.online\/\",\"https:\/\/youtube.com\/@cacaunews?si=0VXLnjl08SrWbVG9\"]},{\"@type\":\"Person\",\"@id\":\"https:\/\/cacaunews.com\/#\/schema\/person\/ea69703103e606ad347ccd64bd72ef79\",\"name\":\"Reda\u00e7\u00e3o Cacau News\",\"image\":{\"@type\":\"ImageObject\",\"inLanguage\":\"pt-BR\",\"@id\":\"https:\/\/cacaunews.com\/#\/schema\/person\/image\/\",\"url\":\"https:\/\/secure.gravatar.com\/avatar\/d79227a2a7b6cc42e8d7a8f7c284cd3a?s=96&d=mm&r=g\",\"contentUrl\":\"https:\/\/secure.gravatar.com\/avatar\/d79227a2a7b6cc42e8d7a8f7c284cd3a?s=96&d=mm&r=g\",\"caption\":\"Reda\u00e7\u00e3o Cacau News\"},\"sameAs\":[\"https:\/\/cacaunews.com\"],\"url\":\"https:\/\/cacaunews.com\/?author=1\"}]}<\/script>\n<!-- \/ Yoast SEO plugin. -->","yoast_head_json":{"title":"Itabuna: Jornada Pedag\u00f3gica come\u00e7a segunda-feira, dia 27. - Cacau News","robots":{"index":"index","follow":"follow","max-snippet":"max-snippet:-1","max-image-preview":"max-image-preview:large","max-video-preview":"max-video-preview:-1"},"canonical":"https:\/\/cacaunews.com\/?p=922","og_locale":"pt_BR","og_type":"article","og_title":"Itabuna: Jornada Pedag\u00f3gica come\u00e7a segunda-feira, dia 27. - Cacau News","og_description":"A XXXV Jornada Pedag\u00f3gica 2023, promovida pela Prefeitura de Itabuna, por meio da Secretaria Municipal...","og_url":"https:\/\/cacaunews.com\/?p=922","og_site_name":"Cacau News","article_published_time":"2023-02-24T17:58:03+00:00","article_modified_time":"2023-02-24T17:58:07+00:00","og_image":[{"width":640,"height":480,"url":"https:\/\/cacaunews.com\/wp-content\/uploads\/2023\/02\/images282929.jpeg","type":"image\/jpeg"}],"author":"Reda\u00e7\u00e3o Cacau News","twitter_card":"summary_large_image","twitter_misc":{"Escrito por":"Reda\u00e7\u00e3o Cacau News","Est. tempo de leitura":"2 minutos"},"schema":{"@context":"https:\/\/schema.org","@graph":[{"@type":"Article","@id":"https:\/\/cacaunews.com\/?p=922#article","isPartOf":{"@id":"https:\/\/cacaunews.com\/?p=922"},"author":{"name":"Reda\u00e7\u00e3o Cacau News","@id":"https:\/\/cacaunews.com\/#\/schema\/person\/ea69703103e606ad347ccd64bd72ef79"},"headline":"Itabuna: Jornada Pedag\u00f3gica come\u00e7a segunda-feira, dia 27.","datePublished":"2023-02-24T17:58:03+00:00","dateModified":"2023-02-24T17:58:07+00:00","mainEntityOfPage":{"@id":"https:\/\/cacaunews.com\/?p=922"},"wordCount":347,"commentCount":0,"publisher":{"@id":"https:\/\/cacaunews.com\/#organization"},"keywords":["educa\u00e7\u00e3o","itabuna","jornada pedag\u00f3gica"],"articleSection":["cidades","Jornalismo"],"inLanguage":"pt-BR","potentialAction":[{"@type":"CommentAction","name":"Comment","target":["https:\/\/cacaunews.com\/?p=922#respond"]}]},{"@type":"WebPage","@id":"https:\/\/cacaunews.com\/?p=922","url":"https:\/\/cacaunews.com\/?p=922","name":"Itabuna: Jornada Pedag\u00f3gica come\u00e7a segunda-feira, dia 27. - Cacau News","isPartOf":{"@id":"https:\/\/cacaunews.com\/#website"},"datePublished":"2023-02-24T17:58:03+00:00","dateModified":"2023-02-24T17:58:07+00:00","breadcrumb":{"@id":"https:\/\/cacaunews.com\/?p=922#breadcrumb"},"inLanguage":"pt-BR","potentialAction":[{"@type":"ReadAction","target":["https:\/\/cacaunews.com\/?p=922"]}]},{"@type":"BreadcrumbList","@id":"https:\/\/cacaunews.com\/?p=922#breadcrumb","itemListElement":[{"@type":"ListItem","position":1,"name":"In\u00edcio","item":"https:\/\/cacaunews.com\/"},{"@type":"ListItem","position":2,"name":"Itabuna: Jornada Pedag\u00f3gica come\u00e7a segunda-feira, dia 27."}]},{"@type":"WebSite","@id":"https:\/\/cacaunews.com\/#website","url":"https:\/\/cacaunews.com\/","name":"Cacau News","description":"A Informa\u00e7\u00e3o que voc\u00ea precisa!","publisher":{"@id":"https:\/\/cacaunews.com\/#organization"},"potentialAction":[{"@type":"SearchAction","target":{"@type":"EntryPoint","urlTemplate":"https:\/\/cacaunews.com\/?s={search_term_string}"},"query-input":"required name=search_term_string"}],"inLanguage":"pt-BR"},{"@type":"Organization","@id":"https:\/\/cacaunews.com\/#organization","name":"Cacau News","url":"https:\/\/cacaunews.com\/","logo":{"@type":"ImageObject","inLanguage":"pt-BR","@id":"https:\/\/cacaunews.com\/#\/schema\/logo\/image\/","url":"https:\/\/cacaunews.com\/wp-content\/uploads\/2025\/01\/cropped-LOGO-NOVA.png","contentUrl":"https:\/\/cacaunews.com\/wp-content\/uploads\/2025\/01\/cropped-LOGO-NOVA.png","width":813,"height":813,"caption":"Cacau News"},"image":{"@id":"https:\/\/cacaunews.com\/#\/schema\/logo\/image\/"},"sameAs":["https:\/\/www.instagram.com\/cacaunews.online\/","https:\/\/youtube.com\/@cacaunews?si=0VXLnjl08SrWbVG9"]},{"@type":"Person","@id":"https:\/\/cacaunews.com\/#\/schema\/person\/ea69703103e606ad347ccd64bd72ef79","name":"Reda\u00e7\u00e3o Cacau News","image":{"@type":"ImageObject","inLanguage":"pt-BR","@id":"https:\/\/cacaunews.com\/#\/schema\/person\/image\/","url":"https:\/\/secure.gravatar.com\/avatar\/d79227a2a7b6cc42e8d7a8f7c284cd3a?s=96&d=mm&r=g","contentUrl":"https:\/\/secure.gravatar.com\/avatar\/d79227a2a7b6cc42e8d7a8f7c284cd3a?s=96&d=mm&r=g","caption":"Reda\u00e7\u00e3o Cacau News"},"sameAs":["https:\/\/cacaunews.com"],"url":"https:\/\/cacaunews.com\/?author=1"}]}},"jetpack_sharing_enabled":true,"jetpack_featured_media_url":"https:\/\/cacaunews.com\/wp-content\/uploads\/2023\/02\/images282929.jpeg","_links":{"self":[{"href":"https:\/\/cacaunews.com\/index.php?rest_route=\/wp\/v2\/posts\/922"}],"collection":[{"href":"https:\/\/cacaunews.com\/index.php?rest_route=\/wp\/v2\/posts"}],"about":[{"href":"https:\/\/cacaunews.com\/index.php?rest_route=\/wp\/v2\/types\/post"}],"author":[{"embeddable":true,"href":"https:\/\/cacaunews.com\/index.php?rest_route=\/wp\/v2\/users\/1"}],"replies":[{"embeddable":true,"href":"https:\/\/cacaunews.com\/index.php?rest_route=%2Fwp%2Fv2%2Fcomments&post=922"}],"version-history":[{"count":1,"href":"https:\/\/cacaunews.com\/index.php?rest_route=\/wp\/v2\/posts\/922\/revisions"}],"predecessor-version":[{"id":923,"href":"https:\/\/cacaunews.com\/index.php?rest_route=\/wp\/v2\/posts\/922\/revisions\/923"}],"wp:featuredmedia":[{"embeddable":true,"href":"https:\/\/cacaunews.com\/index.php?rest_route=\/wp\/v2\/media\/921"}],"wp:attachment":[{"href":"https:\/\/cacaunews.com\/index.php?rest_route=%2Fwp%2Fv2%2Fmedia&parent=922"}],"wp:term":[{"taxonomy":"category","embeddable":true,"href":"https:\/\/cacaunews.com\/index.php?rest_route=%2Fwp%2Fv2%2Fcategories&post=922"},{"taxonomy":"post_tag","embeddable":true,"href":"https:\/\/cacaunews.com\/index.php?rest_route=%2Fwp%2Fv2%2Ftags&post=922"}],"curies":[{"name":"wp","href":"https:\/\/api.w.org\/{rel}","templated":true}]}}