{"id":942,"date":"2023-02-28T12:08:06","date_gmt":"2023-02-28T12:08:06","guid":{"rendered":"https:\/\/cacaunews.com\/?p=942"},"modified":"2023-02-28T12:18:49","modified_gmt":"2023-02-28T12:18:49","slug":"buerarema-professores-protestam-contra-gestao-da-educacao-na-cidade","status":"publish","type":"post","link":"https:\/\/cacaunews.com\/?p=942","title":{"rendered":"Buerarema: Professores protestam contra gest\u00e3o da educa\u00e7\u00e3o na cidade."},"content":{"rendered":"<p>Ontem (27) durante a abertura da Jornada Pedag\u00f3gica em Buerarema diversos professores usaram uma camisa preta, segundo os profissionais em sinal de luto pela educa\u00e7\u00e3o no munic\u00edpio, na estampa diversas frases entre elas uma que dizia &#8220;N\u00e3o trabalho por amor, trabalho com amor e mere\u00e7o respeito&#8221;.<\/p>\n<p>A reda\u00e7\u00e3o do Cacau recebeu denuncias de que o gestor do munic\u00edpio, o prefeito Vin\u00edcius Ibrann (UB), alterou a f\u00f3rmula que calcula o sal\u00e1rio dos professores e n\u00e3o concedeu o ajuste de 33,24{d198c3dc95c114d29e6edcd8e5c7a06443a0378d575a71ac9e4690242a1c641b} concedido pelo MEC em 2022, com a altera\u00e7\u00e3o, segundo a den\u00fancia, o aumento foi de menos de 23{d198c3dc95c114d29e6edcd8e5c7a06443a0378d575a71ac9e4690242a1c641b}.<\/p>\n<p>Informa\u00e7\u00f5es d\u00e3o conta que o Sindicato dos Professores j\u00e1 encaminhou diversos of\u00edcios ao prefeito cobrando um posicionamento frente a demanda dos profissionais, por\u00e9m, sem retorno.<\/p>\n<p><a href=\"https:\/\/www.youtube.com\/@camarailheus4494\" target=\"_blank\" rel=\"noopener\"><img fetchpriority=\"high\" decoding=\"async\" class=\"wp-image-893 alignnone size-full\" src=\"https:\/\/cacaunews.com\/wp-content\/uploads\/2023\/02\/cropped-cropped-image_editor_output_image-81641267-1676857453196-1.gif\" width=\"900\" height=\"120\" animated-media=\"animated-media\"><\/a><\/p>\n<p>As queixas chegam tamb\u00e9m a titular da pasta de Educa\u00e7\u00e3o, a Sra. Thaiane Pereira, que segundo a den\u00fancia tamb\u00e9m permanece em sil\u00eancio diante os pedidos dos professores.<\/p>\n<p>Durante o prosseguimento da Jornada Pedag\u00f3gica no dia de hoje (28), os profissionais continuar\u00e3o a usar a camisa de protesto e est\u00e1 previsto para a pr\u00f3xima sexta feira (03) um movimento em frente a sede da Prefeitura Municipal.<\/p>\n<p>O Cacau se coloca a disposi\u00e7\u00e3o da gest\u00e3o municipal para esclarecimentos sobre o assunto.<\/p>\n<p>Com a palavra o Prefeito Municipal!<\/p>\n","protected":false},"excerpt":{"rendered":"<p>Ontem (27) durante a abertura da Jornada Pedag\u00f3gica em Buerarema diversos professores usaram uma camisa&#8230;<\/p>\n","protected":false},"author":1,"featured_media":948,"comment_status":"open","ping_status":"open","sticky":false,"template":"","format":"standard","meta":{"footnotes":""},"categories":[18,11],"tags":[23,336,49,337],"yoast_head":"<!-- This site is optimized with the Yoast SEO plugin v21.7 - https:\/\/yoast.com\/wordpress\/plugins\/seo\/ -->\n<title>Buerarema: Professores protestam contra gest\u00e3o da educa\u00e7\u00e3o na cidade. - Cacau News<\/title>\n<meta name=\"robots\" content=\"index, follow, max-snippet:-1, max-image-preview:large, max-video-preview:-1\" \/>\n<link rel=\"canonical\" href=\"https:\/\/cacaunews.com\/?p=942\" \/>\n<meta property=\"og:locale\" content=\"pt_BR\" \/>\n<meta property=\"og:type\" content=\"article\" \/>\n<meta property=\"og:title\" content=\"Buerarema: Professores protestam contra gest\u00e3o da educa\u00e7\u00e3o na cidade. - Cacau News\" \/>\n<meta property=\"og:description\" content=\"Ontem (27) durante a abertura da Jornada Pedag\u00f3gica em Buerarema diversos professores usaram uma camisa...\" \/>\n<meta property=\"og:url\" content=\"https:\/\/cacaunews.com\/?p=942\" \/>\n<meta property=\"og:site_name\" content=\"Cacau News\" \/>\n<meta property=\"article:published_time\" content=\"2023-02-28T12:08:06+00:00\" \/>\n<meta property=\"article:modified_time\" content=\"2023-02-28T12:18:49+00:00\" \/>\n<meta property=\"og:image\" content=\"https:\/\/cacaunews.com\/wp-content\/uploads\/2023\/02\/IMG-20230228-WA0001.jpg\" \/>\n\t<meta property=\"og:image:width\" content=\"1280\" \/>\n\t<meta property=\"og:image:height\" content=\"725\" \/>\n\t<meta property=\"og:image:type\" content=\"image\/jpeg\" \/>\n<meta name=\"author\" content=\"Reda\u00e7\u00e3o Cacau News\" \/>\n<meta name=\"twitter:card\" content=\"summary_large_image\" \/>\n<meta name=\"twitter:label1\" content=\"Escrito por\" \/>\n\t<meta name=\"twitter:data1\" content=\"Reda\u00e7\u00e3o Cacau News\" \/>\n\t<meta name=\"twitter:label2\" content=\"Est. tempo de leitura\" \/>\n\t<meta name=\"twitter:data2\" content=\"1 minuto\" \/>\n<script type=\"application\/ld+json\" class=\"yoast-schema-graph\">{\"@context\":\"https:\/\/schema.org\",\"@graph\":[{\"@type\":\"Article\",\"@id\":\"https:\/\/cacaunews.com\/?p=942#article\",\"isPartOf\":{\"@id\":\"https:\/\/cacaunews.com\/?p=942\"},\"author\":{\"name\":\"Reda\u00e7\u00e3o Cacau News\",\"@id\":\"https:\/\/cacaunews.com\/#\/schema\/person\/ea69703103e606ad347ccd64bd72ef79\"},\"headline\":\"Buerarema: Professores protestam contra gest\u00e3o da educa\u00e7\u00e3o na cidade.\",\"datePublished\":\"2023-02-28T12:08:06+00:00\",\"dateModified\":\"2023-02-28T12:18:49+00:00\",\"mainEntityOfPage\":{\"@id\":\"https:\/\/cacaunews.com\/?p=942\"},\"wordCount\":275,\"commentCount\":0,\"publisher\":{\"@id\":\"https:\/\/cacaunews.com\/#organization\"},\"keywords\":[\"buerarema\",\"professores\",\"protesto\",\"vinicius ibrann\"],\"articleSection\":[\"cidades\",\"Jornalismo\"],\"inLanguage\":\"pt-BR\",\"potentialAction\":[{\"@type\":\"CommentAction\",\"name\":\"Comment\",\"target\":[\"https:\/\/cacaunews.com\/?p=942#respond\"]}]},{\"@type\":\"WebPage\",\"@id\":\"https:\/\/cacaunews.com\/?p=942\",\"url\":\"https:\/\/cacaunews.com\/?p=942\",\"name\":\"Buerarema: Professores protestam contra gest\u00e3o da educa\u00e7\u00e3o na cidade. - Cacau News\",\"isPartOf\":{\"@id\":\"https:\/\/cacaunews.com\/#website\"},\"datePublished\":\"2023-02-28T12:08:06+00:00\",\"dateModified\":\"2023-02-28T12:18:49+00:00\",\"breadcrumb\":{\"@id\":\"https:\/\/cacaunews.com\/?p=942#breadcrumb\"},\"inLanguage\":\"pt-BR\",\"potentialAction\":[{\"@type\":\"ReadAction\",\"target\":[\"https:\/\/cacaunews.com\/?p=942\"]}]},{\"@type\":\"BreadcrumbList\",\"@id\":\"https:\/\/cacaunews.com\/?p=942#breadcrumb\",\"itemListElement\":[{\"@type\":\"ListItem\",\"position\":1,\"name\":\"In\u00edcio\",\"item\":\"https:\/\/cacaunews.com\/\"},{\"@type\":\"ListItem\",\"position\":2,\"name\":\"Buerarema: Professores protestam contra gest\u00e3o da educa\u00e7\u00e3o na cidade.\"}]},{\"@type\":\"WebSite\",\"@id\":\"https:\/\/cacaunews.com\/#website\",\"url\":\"https:\/\/cacaunews.com\/\",\"name\":\"Cacau News\",\"description\":\"A Informa\u00e7\u00e3o que voc\u00ea precisa!\",\"publisher\":{\"@id\":\"https:\/\/cacaunews.com\/#organization\"},\"potentialAction\":[{\"@type\":\"SearchAction\",\"target\":{\"@type\":\"EntryPoint\",\"urlTemplate\":\"https:\/\/cacaunews.com\/?s={search_term_string}\"},\"query-input\":\"required name=search_term_string\"}],\"inLanguage\":\"pt-BR\"},{\"@type\":\"Organization\",\"@id\":\"https:\/\/cacaunews.com\/#organization\",\"name\":\"Cacau News\",\"url\":\"https:\/\/cacaunews.com\/\",\"logo\":{\"@type\":\"ImageObject\",\"inLanguage\":\"pt-BR\",\"@id\":\"https:\/\/cacaunews.com\/#\/schema\/logo\/image\/\",\"url\":\"https:\/\/cacaunews.com\/wp-content\/uploads\/2025\/01\/cropped-LOGO-NOVA.png\",\"contentUrl\":\"https:\/\/cacaunews.com\/wp-content\/uploads\/2025\/01\/cropped-LOGO-NOVA.png\",\"width\":813,\"height\":813,\"caption\":\"Cacau News\"},\"image\":{\"@id\":\"https:\/\/cacaunews.com\/#\/schema\/logo\/image\/\"},\"sameAs\":[\"https:\/\/www.instagram.com\/cacaunews.online\/\",\"https:\/\/youtube.com\/@cacaunews?si=0VXLnjl08SrWbVG9\"]},{\"@type\":\"Person\",\"@id\":\"https:\/\/cacaunews.com\/#\/schema\/person\/ea69703103e606ad347ccd64bd72ef79\",\"name\":\"Reda\u00e7\u00e3o Cacau News\",\"image\":{\"@type\":\"ImageObject\",\"inLanguage\":\"pt-BR\",\"@id\":\"https:\/\/cacaunews.com\/#\/schema\/person\/image\/\",\"url\":\"https:\/\/secure.gravatar.com\/avatar\/d79227a2a7b6cc42e8d7a8f7c284cd3a?s=96&d=mm&r=g\",\"contentUrl\":\"https:\/\/secure.gravatar.com\/avatar\/d79227a2a7b6cc42e8d7a8f7c284cd3a?s=96&d=mm&r=g\",\"caption\":\"Reda\u00e7\u00e3o Cacau News\"},\"sameAs\":[\"https:\/\/cacaunews.com\"],\"url\":\"https:\/\/cacaunews.com\/?author=1\"}]}<\/script>\n<!-- \/ Yoast SEO plugin. -->","yoast_head_json":{"title":"Buerarema: Professores protestam contra gest\u00e3o da educa\u00e7\u00e3o na cidade. - Cacau News","robots":{"index":"index","follow":"follow","max-snippet":"max-snippet:-1","max-image-preview":"max-image-preview:large","max-video-preview":"max-video-preview:-1"},"canonical":"https:\/\/cacaunews.com\/?p=942","og_locale":"pt_BR","og_type":"article","og_title":"Buerarema: Professores protestam contra gest\u00e3o da educa\u00e7\u00e3o na cidade. - Cacau News","og_description":"Ontem (27) durante a abertura da Jornada Pedag\u00f3gica em Buerarema diversos professores usaram uma camisa...","og_url":"https:\/\/cacaunews.com\/?p=942","og_site_name":"Cacau News","article_published_time":"2023-02-28T12:08:06+00:00","article_modified_time":"2023-02-28T12:18:49+00:00","og_image":[{"width":1280,"height":725,"url":"https:\/\/cacaunews.com\/wp-content\/uploads\/2023\/02\/IMG-20230228-WA0001.jpg","type":"image\/jpeg"}],"author":"Reda\u00e7\u00e3o Cacau News","twitter_card":"summary_large_image","twitter_misc":{"Escrito por":"Reda\u00e7\u00e3o Cacau News","Est. tempo de leitura":"1 minuto"},"schema":{"@context":"https:\/\/schema.org","@graph":[{"@type":"Article","@id":"https:\/\/cacaunews.com\/?p=942#article","isPartOf":{"@id":"https:\/\/cacaunews.com\/?p=942"},"author":{"name":"Reda\u00e7\u00e3o Cacau News","@id":"https:\/\/cacaunews.com\/#\/schema\/person\/ea69703103e606ad347ccd64bd72ef79"},"headline":"Buerarema: Professores protestam contra gest\u00e3o da educa\u00e7\u00e3o na cidade.","datePublished":"2023-02-28T12:08:06+00:00","dateModified":"2023-02-28T12:18:49+00:00","mainEntityOfPage":{"@id":"https:\/\/cacaunews.com\/?p=942"},"wordCount":275,"commentCount":0,"publisher":{"@id":"https:\/\/cacaunews.com\/#organization"},"keywords":["buerarema","professores","protesto","vinicius ibrann"],"articleSection":["cidades","Jornalismo"],"inLanguage":"pt-BR","potentialAction":[{"@type":"CommentAction","name":"Comment","target":["https:\/\/cacaunews.com\/?p=942#respond"]}]},{"@type":"WebPage","@id":"https:\/\/cacaunews.com\/?p=942","url":"https:\/\/cacaunews.com\/?p=942","name":"Buerarema: Professores protestam contra gest\u00e3o da educa\u00e7\u00e3o na cidade. - Cacau News","isPartOf":{"@id":"https:\/\/cacaunews.com\/#website"},"datePublished":"2023-02-28T12:08:06+00:00","dateModified":"2023-02-28T12:18:49+00:00","breadcrumb":{"@id":"https:\/\/cacaunews.com\/?p=942#breadcrumb"},"inLanguage":"pt-BR","potentialAction":[{"@type":"ReadAction","target":["https:\/\/cacaunews.com\/?p=942"]}]},{"@type":"BreadcrumbList","@id":"https:\/\/cacaunews.com\/?p=942#breadcrumb","itemListElement":[{"@type":"ListItem","position":1,"name":"In\u00edcio","item":"https:\/\/cacaunews.com\/"},{"@type":"ListItem","position":2,"name":"Buerarema: Professores protestam contra gest\u00e3o da educa\u00e7\u00e3o na cidade."}]},{"@type":"WebSite","@id":"https:\/\/cacaunews.com\/#website","url":"https:\/\/cacaunews.com\/","name":"Cacau News","description":"A Informa\u00e7\u00e3o que voc\u00ea precisa!","publisher":{"@id":"https:\/\/cacaunews.com\/#organization"},"potentialAction":[{"@type":"SearchAction","target":{"@type":"EntryPoint","urlTemplate":"https:\/\/cacaunews.com\/?s={search_term_string}"},"query-input":"required name=search_term_string"}],"inLanguage":"pt-BR"},{"@type":"Organization","@id":"https:\/\/cacaunews.com\/#organization","name":"Cacau News","url":"https:\/\/cacaunews.com\/","logo":{"@type":"ImageObject","inLanguage":"pt-BR","@id":"https:\/\/cacaunews.com\/#\/schema\/logo\/image\/","url":"https:\/\/cacaunews.com\/wp-content\/uploads\/2025\/01\/cropped-LOGO-NOVA.png","contentUrl":"https:\/\/cacaunews.com\/wp-content\/uploads\/2025\/01\/cropped-LOGO-NOVA.png","width":813,"height":813,"caption":"Cacau News"},"image":{"@id":"https:\/\/cacaunews.com\/#\/schema\/logo\/image\/"},"sameAs":["https:\/\/www.instagram.com\/cacaunews.online\/","https:\/\/youtube.com\/@cacaunews?si=0VXLnjl08SrWbVG9"]},{"@type":"Person","@id":"https:\/\/cacaunews.com\/#\/schema\/person\/ea69703103e606ad347ccd64bd72ef79","name":"Reda\u00e7\u00e3o Cacau News","image":{"@type":"ImageObject","inLanguage":"pt-BR","@id":"https:\/\/cacaunews.com\/#\/schema\/person\/image\/","url":"https:\/\/secure.gravatar.com\/avatar\/d79227a2a7b6cc42e8d7a8f7c284cd3a?s=96&d=mm&r=g","contentUrl":"https:\/\/secure.gravatar.com\/avatar\/d79227a2a7b6cc42e8d7a8f7c284cd3a?s=96&d=mm&r=g","caption":"Reda\u00e7\u00e3o Cacau News"},"sameAs":["https:\/\/cacaunews.com"],"url":"https:\/\/cacaunews.com\/?author=1"}]}},"jetpack_sharing_enabled":true,"jetpack_featured_media_url":"https:\/\/cacaunews.com\/wp-content\/uploads\/2023\/02\/IMG-20230228-WA0001.jpg","_links":{"self":[{"href":"https:\/\/cacaunews.com\/index.php?rest_route=\/wp\/v2\/posts\/942"}],"collection":[{"href":"https:\/\/cacaunews.com\/index.php?rest_route=\/wp\/v2\/posts"}],"about":[{"href":"https:\/\/cacaunews.com\/index.php?rest_route=\/wp\/v2\/types\/post"}],"author":[{"embeddable":true,"href":"https:\/\/cacaunews.com\/index.php?rest_route=\/wp\/v2\/users\/1"}],"replies":[{"embeddable":true,"href":"https:\/\/cacaunews.com\/index.php?rest_route=%2Fwp%2Fv2%2Fcomments&post=942"}],"version-history":[{"count":5,"href":"https:\/\/cacaunews.com\/index.php?rest_route=\/wp\/v2\/posts\/942\/revisions"}],"predecessor-version":[{"id":950,"href":"https:\/\/cacaunews.com\/index.php?rest_route=\/wp\/v2\/posts\/942\/revisions\/950"}],"wp:featuredmedia":[{"embeddable":true,"href":"https:\/\/cacaunews.com\/index.php?rest_route=\/wp\/v2\/media\/948"}],"wp:attachment":[{"href":"https:\/\/cacaunews.com\/index.php?rest_route=%2Fwp%2Fv2%2Fmedia&parent=942"}],"wp:term":[{"taxonomy":"category","embeddable":true,"href":"https:\/\/cacaunews.com\/index.php?rest_route=%2Fwp%2Fv2%2Fcategories&post=942"},{"taxonomy":"post_tag","embeddable":true,"href":"https:\/\/cacaunews.com\/index.php?rest_route=%2Fwp%2Fv2%2Ftags&post=942"}],"curies":[{"name":"wp","href":"https:\/\/api.w.org\/{rel}","templated":true}]}}