{"id":975,"date":"2023-03-06T11:01:14","date_gmt":"2023-03-06T11:01:14","guid":{"rendered":"https:\/\/cacaunews.com\/?p=975"},"modified":"2023-03-06T11:01:14","modified_gmt":"2023-03-06T11:01:14","slug":"ilheus-primeira-fabrica-de-chocolates-da-economia-solidaria-sera-inaugurada-nesta-segunda-6","status":"publish","type":"post","link":"https:\/\/cacaunews.com\/?p=975","title":{"rendered":"Ilh\u00e9us: primeira f\u00e1brica de chocolates da economia solid\u00e1ria ser\u00e1 inaugurada nesta segunda (6)."},"content":{"rendered":"\n<p>Nesta segunda-feira (6), o munic\u00edpio de Ilh\u00e9us, no Litoral Sul Baiano, ser\u00e1 contemplado com a primeira f\u00e1brica de chocolates da economia solid\u00e1ria do Brasil, a ChocoSol. Entre os prop\u00f3sitos da unidade fabril est\u00e1 o beneficiamento do cacau produzido na regi\u00e3o. A entrega oficial da primeira leva de produ\u00e7\u00e3o de chocolates ser\u00e1 \u00e0s 10h30 em sua sede situada no campus da Uesc, em Ilh\u00e9us.<br><br>\u201cA ChocoSol representa um avan\u00e7o na pol\u00edtica p\u00fablica de economia solid\u00e1ria no momento em que aponta para o caminho da cria\u00e7\u00e3o de uma esp\u00e9cie de \u201carranjo produtivo territorial solid\u00e1rio\u201d, pois se constitui em um moderno equipamento disponibilizado para a aprendizagem, pesquisa e produ\u00e7\u00e3o social a servi\u00e7o dos empreendimentos solid\u00e1rios da cadeia do chocolate\u201d, avalia o superintendente estadual de Economia Solid\u00e1ria da Setre, Wenceslau J\u00fanior.<br><br>Al\u00e9m da produ\u00e7\u00e3o de chocolates, o espa\u00e7o ofertar\u00e1 tamb\u00e9m forma\u00e7\u00f5es e contribuir\u00e1 para a melhoria de produtos por meio da assist\u00eancia t\u00e9cnica oferecida pelo Centro P\u00fablico de Economia Solid\u00e1ria (Cesol) Litoral Sul que \u00e9 parte da pol\u00edtica p\u00fablica do setor fomentada pela Setre.<\/p>\n\n\n\n<figure class=\"wp-block-image size-large\"><a href=\"http:\/\/www.instagram.com\/cacaunews.online\"><img fetchpriority=\"high\" decoding=\"async\" width=\"1024\" height=\"133\" src=\"https:\/\/cacaunews.com\/wp-content\/uploads\/2022\/12\/Divulgue-conosco-1024x133.png\" alt=\"\" class=\"wp-image-178\" srcset=\"https:\/\/cacaunews.com\/wp-content\/uploads\/2022\/12\/Divulgue-conosco-1024x133.png 1024w, https:\/\/cacaunews.com\/wp-content\/uploads\/2022\/12\/Divulgue-conosco-300x39.png 300w, https:\/\/cacaunews.com\/wp-content\/uploads\/2022\/12\/Divulgue-conosco-768x100.png 768w, https:\/\/cacaunews.com\/wp-content\/uploads\/2022\/12\/Divulgue-conosco-1536x200.png 1536w, https:\/\/cacaunews.com\/wp-content\/uploads\/2022\/12\/Divulgue-conosco.png 1920w\" sizes=\"(max-width: 1024px) 100vw, 1024px\" \/><\/a><\/figure>\n\n\n\n<p>A gest\u00e3o do equipamento tem a chancela da Associa\u00e7\u00e3o Beneficente Josu\u00e9 de Castro (ABJC) que j\u00e1 gere o contrato do Cesol Litoral Sul.<\/p>\n\n\n\n<p>O funcionamento da f\u00e1brica de segunda a sexta-feira garante uma capacidade mensal de produ\u00e7\u00e3o de 1,2 tonelada de chocolates. A f\u00e1brica conta com 10 m\u00e1quinas em opera\u00e7\u00e3o, al\u00e9m de uma c\u00e2mara fria e 20 tipos de formas de policarbonato e polipropileno numa estrutura de 300m\u00b2.<\/p>\n\n\n\n<p>A partir da parceria com a Universidade Estadual de Santa Cruz (Uesc), que apoia a economia solid\u00e1ria no territ\u00f3rio, a ChocoSol funciona no campus universit\u00e1rio situado na rodovia Jorge Amado, Km 16, Salobrinho, em Ilh\u00e9us.<br><br>No futuro, a f\u00e1brica pretende ampliar a opera\u00e7\u00e3o para contemplar outros territ\u00f3rios como Baixo Sul, Extremo Sul, Costa do Descobrimento e M\u00e9dio Rio de Contas.<\/p>\n\n\n\n<p>Com Informa\u00e7\u00f5es do Acorda Cidade.<\/p>\n","protected":false},"excerpt":{"rendered":"<p>Nesta segunda-feira (6), o munic\u00edpio de Ilh\u00e9us, no Litoral Sul Baiano, ser\u00e1 contemplado com a&#8230;<\/p>\n","protected":false},"author":1,"featured_media":974,"comment_status":"open","ping_status":"open","sticky":false,"template":"","format":"standard","meta":{"footnotes":""},"categories":[18,11],"tags":[351,353,37,352],"yoast_head":"<!-- This site is optimized with the Yoast SEO plugin v21.7 - https:\/\/yoast.com\/wordpress\/plugins\/seo\/ -->\n<title>Ilh\u00e9us: primeira f\u00e1brica de chocolates da economia solid\u00e1ria ser\u00e1 inaugurada nesta segunda (6). - Cacau News<\/title>\n<meta name=\"robots\" content=\"index, follow, max-snippet:-1, max-image-preview:large, max-video-preview:-1\" \/>\n<link rel=\"canonical\" href=\"https:\/\/cacaunews.com\/?p=975\" \/>\n<meta property=\"og:locale\" content=\"pt_BR\" \/>\n<meta property=\"og:type\" content=\"article\" \/>\n<meta property=\"og:title\" content=\"Ilh\u00e9us: primeira f\u00e1brica de chocolates da economia solid\u00e1ria ser\u00e1 inaugurada nesta segunda (6). - Cacau News\" \/>\n<meta property=\"og:description\" content=\"Nesta segunda-feira (6), o munic\u00edpio de Ilh\u00e9us, no Litoral Sul Baiano, ser\u00e1 contemplado com a...\" \/>\n<meta property=\"og:url\" content=\"https:\/\/cacaunews.com\/?p=975\" \/>\n<meta property=\"og:site_name\" content=\"Cacau News\" \/>\n<meta property=\"article:published_time\" content=\"2023-03-06T11:01:14+00:00\" \/>\n<meta property=\"og:image\" content=\"https:\/\/cacaunews.com\/wp-content\/uploads\/2023\/03\/Foto-Divulgacao.jpg\" \/>\n\t<meta property=\"og:image:width\" content=\"640\" \/>\n\t<meta property=\"og:image:height\" content=\"480\" \/>\n\t<meta property=\"og:image:type\" content=\"image\/jpeg\" \/>\n<meta name=\"author\" content=\"Reda\u00e7\u00e3o Cacau News\" \/>\n<meta name=\"twitter:card\" content=\"summary_large_image\" \/>\n<meta name=\"twitter:label1\" content=\"Escrito por\" \/>\n\t<meta name=\"twitter:data1\" content=\"Reda\u00e7\u00e3o Cacau News\" \/>\n\t<meta name=\"twitter:label2\" content=\"Est. tempo de leitura\" \/>\n\t<meta name=\"twitter:data2\" content=\"2 minutos\" \/>\n<script type=\"application\/ld+json\" class=\"yoast-schema-graph\">{\"@context\":\"https:\/\/schema.org\",\"@graph\":[{\"@type\":\"Article\",\"@id\":\"https:\/\/cacaunews.com\/?p=975#article\",\"isPartOf\":{\"@id\":\"https:\/\/cacaunews.com\/?p=975\"},\"author\":{\"name\":\"Reda\u00e7\u00e3o Cacau News\",\"@id\":\"https:\/\/cacaunews.com\/#\/schema\/person\/ea69703103e606ad347ccd64bd72ef79\"},\"headline\":\"Ilh\u00e9us: primeira f\u00e1brica de chocolates da economia solid\u00e1ria ser\u00e1 inaugurada nesta segunda (6).\",\"datePublished\":\"2023-03-06T11:01:14+00:00\",\"dateModified\":\"2023-03-06T11:01:14+00:00\",\"mainEntityOfPage\":{\"@id\":\"https:\/\/cacaunews.com\/?p=975\"},\"wordCount\":361,\"commentCount\":0,\"publisher\":{\"@id\":\"https:\/\/cacaunews.com\/#organization\"},\"keywords\":[\"Cesol\",\"chocolate\",\"ilheus\",\"UESC\"],\"articleSection\":[\"cidades\",\"Jornalismo\"],\"inLanguage\":\"pt-BR\",\"potentialAction\":[{\"@type\":\"CommentAction\",\"name\":\"Comment\",\"target\":[\"https:\/\/cacaunews.com\/?p=975#respond\"]}]},{\"@type\":\"WebPage\",\"@id\":\"https:\/\/cacaunews.com\/?p=975\",\"url\":\"https:\/\/cacaunews.com\/?p=975\",\"name\":\"Ilh\u00e9us: primeira f\u00e1brica de chocolates da economia solid\u00e1ria ser\u00e1 inaugurada nesta segunda (6). - Cacau News\",\"isPartOf\":{\"@id\":\"https:\/\/cacaunews.com\/#website\"},\"datePublished\":\"2023-03-06T11:01:14+00:00\",\"dateModified\":\"2023-03-06T11:01:14+00:00\",\"breadcrumb\":{\"@id\":\"https:\/\/cacaunews.com\/?p=975#breadcrumb\"},\"inLanguage\":\"pt-BR\",\"potentialAction\":[{\"@type\":\"ReadAction\",\"target\":[\"https:\/\/cacaunews.com\/?p=975\"]}]},{\"@type\":\"BreadcrumbList\",\"@id\":\"https:\/\/cacaunews.com\/?p=975#breadcrumb\",\"itemListElement\":[{\"@type\":\"ListItem\",\"position\":1,\"name\":\"In\u00edcio\",\"item\":\"https:\/\/cacaunews.com\/\"},{\"@type\":\"ListItem\",\"position\":2,\"name\":\"Ilh\u00e9us: primeira f\u00e1brica de chocolates da economia solid\u00e1ria ser\u00e1 inaugurada nesta segunda (6).\"}]},{\"@type\":\"WebSite\",\"@id\":\"https:\/\/cacaunews.com\/#website\",\"url\":\"https:\/\/cacaunews.com\/\",\"name\":\"Cacau News\",\"description\":\"A Informa\u00e7\u00e3o que voc\u00ea precisa!\",\"publisher\":{\"@id\":\"https:\/\/cacaunews.com\/#organization\"},\"potentialAction\":[{\"@type\":\"SearchAction\",\"target\":{\"@type\":\"EntryPoint\",\"urlTemplate\":\"https:\/\/cacaunews.com\/?s={search_term_string}\"},\"query-input\":\"required name=search_term_string\"}],\"inLanguage\":\"pt-BR\"},{\"@type\":\"Organization\",\"@id\":\"https:\/\/cacaunews.com\/#organization\",\"name\":\"Cacau News\",\"url\":\"https:\/\/cacaunews.com\/\",\"logo\":{\"@type\":\"ImageObject\",\"inLanguage\":\"pt-BR\",\"@id\":\"https:\/\/cacaunews.com\/#\/schema\/logo\/image\/\",\"url\":\"https:\/\/cacaunews.com\/wp-content\/uploads\/2025\/01\/cropped-LOGO-NOVA.png\",\"contentUrl\":\"https:\/\/cacaunews.com\/wp-content\/uploads\/2025\/01\/cropped-LOGO-NOVA.png\",\"width\":813,\"height\":813,\"caption\":\"Cacau News\"},\"image\":{\"@id\":\"https:\/\/cacaunews.com\/#\/schema\/logo\/image\/\"},\"sameAs\":[\"https:\/\/www.instagram.com\/cacaunews.online\/\",\"https:\/\/youtube.com\/@cacaunews?si=0VXLnjl08SrWbVG9\"]},{\"@type\":\"Person\",\"@id\":\"https:\/\/cacaunews.com\/#\/schema\/person\/ea69703103e606ad347ccd64bd72ef79\",\"name\":\"Reda\u00e7\u00e3o Cacau News\",\"image\":{\"@type\":\"ImageObject\",\"inLanguage\":\"pt-BR\",\"@id\":\"https:\/\/cacaunews.com\/#\/schema\/person\/image\/\",\"url\":\"https:\/\/secure.gravatar.com\/avatar\/d79227a2a7b6cc42e8d7a8f7c284cd3a?s=96&d=mm&r=g\",\"contentUrl\":\"https:\/\/secure.gravatar.com\/avatar\/d79227a2a7b6cc42e8d7a8f7c284cd3a?s=96&d=mm&r=g\",\"caption\":\"Reda\u00e7\u00e3o Cacau News\"},\"sameAs\":[\"https:\/\/cacaunews.com\"],\"url\":\"https:\/\/cacaunews.com\/?author=1\"}]}<\/script>\n<!-- \/ Yoast SEO plugin. -->","yoast_head_json":{"title":"Ilh\u00e9us: primeira f\u00e1brica de chocolates da economia solid\u00e1ria ser\u00e1 inaugurada nesta segunda (6). - Cacau News","robots":{"index":"index","follow":"follow","max-snippet":"max-snippet:-1","max-image-preview":"max-image-preview:large","max-video-preview":"max-video-preview:-1"},"canonical":"https:\/\/cacaunews.com\/?p=975","og_locale":"pt_BR","og_type":"article","og_title":"Ilh\u00e9us: primeira f\u00e1brica de chocolates da economia solid\u00e1ria ser\u00e1 inaugurada nesta segunda (6). - Cacau News","og_description":"Nesta segunda-feira (6), o munic\u00edpio de Ilh\u00e9us, no Litoral Sul Baiano, ser\u00e1 contemplado com a...","og_url":"https:\/\/cacaunews.com\/?p=975","og_site_name":"Cacau News","article_published_time":"2023-03-06T11:01:14+00:00","og_image":[{"width":640,"height":480,"url":"https:\/\/cacaunews.com\/wp-content\/uploads\/2023\/03\/Foto-Divulgacao.jpg","type":"image\/jpeg"}],"author":"Reda\u00e7\u00e3o Cacau News","twitter_card":"summary_large_image","twitter_misc":{"Escrito por":"Reda\u00e7\u00e3o Cacau News","Est. tempo de leitura":"2 minutos"},"schema":{"@context":"https:\/\/schema.org","@graph":[{"@type":"Article","@id":"https:\/\/cacaunews.com\/?p=975#article","isPartOf":{"@id":"https:\/\/cacaunews.com\/?p=975"},"author":{"name":"Reda\u00e7\u00e3o Cacau News","@id":"https:\/\/cacaunews.com\/#\/schema\/person\/ea69703103e606ad347ccd64bd72ef79"},"headline":"Ilh\u00e9us: primeira f\u00e1brica de chocolates da economia solid\u00e1ria ser\u00e1 inaugurada nesta segunda (6).","datePublished":"2023-03-06T11:01:14+00:00","dateModified":"2023-03-06T11:01:14+00:00","mainEntityOfPage":{"@id":"https:\/\/cacaunews.com\/?p=975"},"wordCount":361,"commentCount":0,"publisher":{"@id":"https:\/\/cacaunews.com\/#organization"},"keywords":["Cesol","chocolate","ilheus","UESC"],"articleSection":["cidades","Jornalismo"],"inLanguage":"pt-BR","potentialAction":[{"@type":"CommentAction","name":"Comment","target":["https:\/\/cacaunews.com\/?p=975#respond"]}]},{"@type":"WebPage","@id":"https:\/\/cacaunews.com\/?p=975","url":"https:\/\/cacaunews.com\/?p=975","name":"Ilh\u00e9us: primeira f\u00e1brica de chocolates da economia solid\u00e1ria ser\u00e1 inaugurada nesta segunda (6). - Cacau News","isPartOf":{"@id":"https:\/\/cacaunews.com\/#website"},"datePublished":"2023-03-06T11:01:14+00:00","dateModified":"2023-03-06T11:01:14+00:00","breadcrumb":{"@id":"https:\/\/cacaunews.com\/?p=975#breadcrumb"},"inLanguage":"pt-BR","potentialAction":[{"@type":"ReadAction","target":["https:\/\/cacaunews.com\/?p=975"]}]},{"@type":"BreadcrumbList","@id":"https:\/\/cacaunews.com\/?p=975#breadcrumb","itemListElement":[{"@type":"ListItem","position":1,"name":"In\u00edcio","item":"https:\/\/cacaunews.com\/"},{"@type":"ListItem","position":2,"name":"Ilh\u00e9us: primeira f\u00e1brica de chocolates da economia solid\u00e1ria ser\u00e1 inaugurada nesta segunda (6)."}]},{"@type":"WebSite","@id":"https:\/\/cacaunews.com\/#website","url":"https:\/\/cacaunews.com\/","name":"Cacau News","description":"A Informa\u00e7\u00e3o que voc\u00ea precisa!","publisher":{"@id":"https:\/\/cacaunews.com\/#organization"},"potentialAction":[{"@type":"SearchAction","target":{"@type":"EntryPoint","urlTemplate":"https:\/\/cacaunews.com\/?s={search_term_string}"},"query-input":"required name=search_term_string"}],"inLanguage":"pt-BR"},{"@type":"Organization","@id":"https:\/\/cacaunews.com\/#organization","name":"Cacau News","url":"https:\/\/cacaunews.com\/","logo":{"@type":"ImageObject","inLanguage":"pt-BR","@id":"https:\/\/cacaunews.com\/#\/schema\/logo\/image\/","url":"https:\/\/cacaunews.com\/wp-content\/uploads\/2025\/01\/cropped-LOGO-NOVA.png","contentUrl":"https:\/\/cacaunews.com\/wp-content\/uploads\/2025\/01\/cropped-LOGO-NOVA.png","width":813,"height":813,"caption":"Cacau News"},"image":{"@id":"https:\/\/cacaunews.com\/#\/schema\/logo\/image\/"},"sameAs":["https:\/\/www.instagram.com\/cacaunews.online\/","https:\/\/youtube.com\/@cacaunews?si=0VXLnjl08SrWbVG9"]},{"@type":"Person","@id":"https:\/\/cacaunews.com\/#\/schema\/person\/ea69703103e606ad347ccd64bd72ef79","name":"Reda\u00e7\u00e3o Cacau News","image":{"@type":"ImageObject","inLanguage":"pt-BR","@id":"https:\/\/cacaunews.com\/#\/schema\/person\/image\/","url":"https:\/\/secure.gravatar.com\/avatar\/d79227a2a7b6cc42e8d7a8f7c284cd3a?s=96&d=mm&r=g","contentUrl":"https:\/\/secure.gravatar.com\/avatar\/d79227a2a7b6cc42e8d7a8f7c284cd3a?s=96&d=mm&r=g","caption":"Reda\u00e7\u00e3o Cacau News"},"sameAs":["https:\/\/cacaunews.com"],"url":"https:\/\/cacaunews.com\/?author=1"}]}},"jetpack_sharing_enabled":true,"jetpack_featured_media_url":"https:\/\/cacaunews.com\/wp-content\/uploads\/2023\/03\/Foto-Divulgacao.jpg","_links":{"self":[{"href":"https:\/\/cacaunews.com\/index.php?rest_route=\/wp\/v2\/posts\/975"}],"collection":[{"href":"https:\/\/cacaunews.com\/index.php?rest_route=\/wp\/v2\/posts"}],"about":[{"href":"https:\/\/cacaunews.com\/index.php?rest_route=\/wp\/v2\/types\/post"}],"author":[{"embeddable":true,"href":"https:\/\/cacaunews.com\/index.php?rest_route=\/wp\/v2\/users\/1"}],"replies":[{"embeddable":true,"href":"https:\/\/cacaunews.com\/index.php?rest_route=%2Fwp%2Fv2%2Fcomments&post=975"}],"version-history":[{"count":1,"href":"https:\/\/cacaunews.com\/index.php?rest_route=\/wp\/v2\/posts\/975\/revisions"}],"predecessor-version":[{"id":979,"href":"https:\/\/cacaunews.com\/index.php?rest_route=\/wp\/v2\/posts\/975\/revisions\/979"}],"wp:featuredmedia":[{"embeddable":true,"href":"https:\/\/cacaunews.com\/index.php?rest_route=\/wp\/v2\/media\/974"}],"wp:attachment":[{"href":"https:\/\/cacaunews.com\/index.php?rest_route=%2Fwp%2Fv2%2Fmedia&parent=975"}],"wp:term":[{"taxonomy":"category","embeddable":true,"href":"https:\/\/cacaunews.com\/index.php?rest_route=%2Fwp%2Fv2%2Fcategories&post=975"},{"taxonomy":"post_tag","embeddable":true,"href":"https:\/\/cacaunews.com\/index.php?rest_route=%2Fwp%2Fv2%2Ftags&post=975"}],"curies":[{"name":"wp","href":"https:\/\/api.w.org\/{rel}","templated":true}]}}